{"id":9978,"date":"2021-06-18T23:40:00","date_gmt":"2021-06-18T22:40:00","guid":{"rendered":"http:\/\/www.jimmy2.ch\/worldpress\/?p=9978"},"modified":"2021-06-18T22:39:25","modified_gmt":"2021-06-18T21:39:25","slug":"peschiera-del-garda-20","status":"publish","type":"post","link":"https:\/\/www.jimmy2.ch\/worldpress\/2021\/06\/18\/peschiera-del-garda-20\/","title":{"rendered":"Peschiera del Garda"},"content":{"rendered":"\n<p>Freitag 18. Juni 2021 <br>Peschiera del Garda<br>Area Camper Peschiera del Garda<br>45.43907 10.68398<br><br>Trotz der W\u00e4rme schlafen wir relativ lang. K\u00f6bi f\u00e4hrt mit seiner Concorde gerade ab. Wir d\u00fcrfen noch einen Blick in sein Wohnmobil werfen. Ist schon eine andere Liga als unser Carthago. Aber wir haben unseren Jimmy2 gerne und sind sehr zufrieden mit ihm. <\/p>\n\n\n\n<p>Es wird immer w\u00e4rmer. Das Thermometer zeigt schon 30\u00b0C und es ist erst zehn Uhr. Christa telefoniert mit Sonja und ich dann noch Albert. Sie sind von Calpe wieder zur\u00fcck nach El Campello gefahren und geniessen das Leben noch etwas in Spanien.<br><br>Christa macht heute den schon lange angek\u00fcndigten Bummel durch die L\u00e4den in Peschiera del Garda. <\/p>\n\n\n\n<p>Ich r\u00e4ume auf und teste etwas f\u00fcr meinen YouTube-Kanal. Kurz nach 12 Uhr mache auch ich mich auf den Weg ins St\u00e4dtchen. Christa hat einige Sachen gekauft. Und auch f\u00fcr mich finden wir noch etwas passendes.<br><br>Nun wird es Zeit f\u00fcr einen Ap\u00e9rol. Den geniessen wir mit Blick auf die Strasse. Wir beobachten viele aufgemotzte Fahrzeuge die alle ein gewisses L\u00e4rmpotential entwickeln. Selbstverst\u00e4ndlich fahren die mehrmals die Strasse rauf und runter. Als sich ein Verkehrspolizist mit der Signalkelle an den Strassenrand stellt wird es pl\u00f6tzlich ruhig. Als er nach einer halben Stunde wieder abzieht geht das Spektakel von neuem los.<br><br>Dann bringen wir die gekauften Kleider zum Wohnmobil. F\u00fcr eine kurze Erfrischung im Gardasee fahren wir mit dem Roller an den Strand hinunter. Lange bleiben wir nicht. Wir haben gestern etwas zu viel Sonne abbekommen. Anschliessend ist zu Hause Siesta angesagt. F\u00fcr weitere Aktivit\u00e4ten ist es uns einfach zu heiss.<br><br>Der Stellplatz beginnt sich langsam zu f\u00fcllen. Es ist Freitag und die Italiener fahren in\u2019s Wochenende. <br><br>Um halb zw\u00f6lf ist es draussen noch 25\u00b0C warm \u2013 drinnen um 30\u00b0C. Und noch immer treffen Wohnmobile ein.<\/p>\n\n\n\n<figure class=\"wp-block-image size-large\"><img loading=\"lazy\" decoding=\"async\" width=\"1024\" height=\"768\" src=\"https:\/\/www.jimmy2.ch\/worldpress\/wp-content\/uploads\/2021\/06\/4817A5E7-D624-408E-8A20-174224F8FC37-1024x768.jpeg\" alt=\"\" class=\"wp-image-9971\" srcset=\"https:\/\/www.jimmy2.ch\/worldpress\/wp-content\/uploads\/2021\/06\/4817A5E7-D624-408E-8A20-174224F8FC37-1024x768.jpeg 1024w, https:\/\/www.jimmy2.ch\/worldpress\/wp-content\/uploads\/2021\/06\/4817A5E7-D624-408E-8A20-174224F8FC37-300x225.jpeg 300w, https:\/\/www.jimmy2.ch\/worldpress\/wp-content\/uploads\/2021\/06\/4817A5E7-D624-408E-8A20-174224F8FC37-768x576.jpeg 768w, https:\/\/www.jimmy2.ch\/worldpress\/wp-content\/uploads\/2021\/06\/4817A5E7-D624-408E-8A20-174224F8FC37-1536x1152.jpeg 1536w, https:\/\/www.jimmy2.ch\/worldpress\/wp-content\/uploads\/2021\/06\/4817A5E7-D624-408E-8A20-174224F8FC37-2048x1536.jpeg 2048w\" sizes=\"auto, (max-width: 1024px) 100vw, 1024px\" \/><\/figure>\n\n\n\n<p><br><br><\/p>\n","protected":false},"excerpt":{"rendered":"<p>Freitag 18. Juni 2021 Peschiera del GardaArea Camper Peschiera del Garda45.43907 10.68398 Trotz der W\u00e4rme schlafen wir relativ lang. K\u00f6bi f\u00e4hrt mit seiner Concorde gerade ab. Wir d\u00fcrfen noch einen Blick in sein Wohnmobil werfen. Ist schon eine andere Liga &hellip; <a href=\"https:\/\/www.jimmy2.ch\/worldpress\/2021\/06\/18\/peschiera-del-garda-20\/\">Continue reading <span class=\"meta-nav\">&rarr;<\/span><\/a><\/p>\n","protected":false},"author":1,"featured_media":0,"comment_status":"open","ping_status":"open","sticky":false,"template":"","format":"standard","meta":{"footnotes":""},"categories":[64],"tags":[56,96,57],"class_list":["post-9978","post","type-post","status-publish","format-standard","hentry","category-italien","tag-gardasee","tag-italien","tag-peschiera-del-garda"],"_links":{"self":[{"href":"https:\/\/www.jimmy2.ch\/worldpress\/wp-json\/wp\/v2\/posts\/9978","targetHints":{"allow":["GET"]}}],"collection":[{"href":"https:\/\/www.jimmy2.ch\/worldpress\/wp-json\/wp\/v2\/posts"}],"about":[{"href":"https:\/\/www.jimmy2.ch\/worldpress\/wp-json\/wp\/v2\/types\/post"}],"author":[{"embeddable":true,"href":"https:\/\/www.jimmy2.ch\/worldpress\/wp-json\/wp\/v2\/users\/1"}],"replies":[{"embeddable":true,"href":"https:\/\/www.jimmy2.ch\/worldpress\/wp-json\/wp\/v2\/comments?post=9978"}],"version-history":[{"count":3,"href":"https:\/\/www.jimmy2.ch\/worldpress\/wp-json\/wp\/v2\/posts\/9978\/revisions"}],"predecessor-version":[{"id":9983,"href":"https:\/\/www.jimmy2.ch\/worldpress\/wp-json\/wp\/v2\/posts\/9978\/revisions\/9983"}],"wp:attachment":[{"href":"https:\/\/www.jimmy2.ch\/worldpress\/wp-json\/wp\/v2\/media?parent=9978"}],"wp:term":[{"taxonomy":"category","embeddable":true,"href":"https:\/\/www.jimmy2.ch\/worldpress\/wp-json\/wp\/v2\/categories?post=9978"},{"taxonomy":"post_tag","embeddable":true,"href":"https:\/\/www.jimmy2.ch\/worldpress\/wp-json\/wp\/v2\/tags?post=9978"}],"curies":[{"name":"wp","href":"https:\/\/api.w.org\/{rel}","templated":true}]}}