{"id":9973,"date":"2021-06-17T22:22:00","date_gmt":"2021-06-17T21:22:00","guid":{"rendered":"http:\/\/www.jimmy2.ch\/worldpress\/?p=9973"},"modified":"2021-06-18T22:24:35","modified_gmt":"2021-06-18T21:24:35","slug":"peschiera-del-garda-19","status":"publish","type":"post","link":"https:\/\/www.jimmy2.ch\/worldpress\/2021\/06\/17\/peschiera-del-garda-19\/","title":{"rendered":"Peschiera del Garda"},"content":{"rendered":"\n<p>Donnerstag 17. Juni 2021<br>Peschiera del Garda<br>Area Camper Peschiera del Garda<br>45.43907 10.68398<br><br>Wieder ein heisser Tag. Vor dem Fr\u00fchst\u00fcck einkaufen. Am Nachmittag schwimmen im Gardasee. Was will man mehr. <\/p>\n\n\n\n<figure class=\"wp-block-image size-large\"><img loading=\"lazy\" decoding=\"async\" width=\"1024\" height=\"768\" src=\"https:\/\/www.jimmy2.ch\/worldpress\/wp-content\/uploads\/2021\/06\/13CD20A9-7BEF-4FD3-9266-1359B9765894-1024x768.jpeg\" alt=\"\" class=\"wp-image-9970\" srcset=\"https:\/\/www.jimmy2.ch\/worldpress\/wp-content\/uploads\/2021\/06\/13CD20A9-7BEF-4FD3-9266-1359B9765894-1024x768.jpeg 1024w, https:\/\/www.jimmy2.ch\/worldpress\/wp-content\/uploads\/2021\/06\/13CD20A9-7BEF-4FD3-9266-1359B9765894-300x225.jpeg 300w, https:\/\/www.jimmy2.ch\/worldpress\/wp-content\/uploads\/2021\/06\/13CD20A9-7BEF-4FD3-9266-1359B9765894-768x576.jpeg 768w, https:\/\/www.jimmy2.ch\/worldpress\/wp-content\/uploads\/2021\/06\/13CD20A9-7BEF-4FD3-9266-1359B9765894-1536x1152.jpeg 1536w, https:\/\/www.jimmy2.ch\/worldpress\/wp-content\/uploads\/2021\/06\/13CD20A9-7BEF-4FD3-9266-1359B9765894-2048x1536.jpeg 2048w\" sizes=\"auto, (max-width: 1024px) 100vw, 1024px\" \/><\/figure>\n\n\n\n<p>Am Abend kommt K\u00f6bi \u2013 ein Concord-Fahrer mit SG-Kennzeichen \u2013 auf einen Schwatz vorbei. Sie kommen von Kroatien und sind auf der Heimreise. Es ist noch dr\u00fcckend heiss als wir gegen Mitternacht ins Bett gehen. Eine weitere Tropen-Nacht steht uns bevor.<br><\/p>\n","protected":false},"excerpt":{"rendered":"<p>Donnerstag 17. Juni 2021Peschiera del GardaArea Camper Peschiera del Garda45.43907 10.68398 Wieder ein heisser Tag. Vor dem Fr\u00fchst\u00fcck einkaufen. Am Nachmittag schwimmen im Gardasee. Was will man mehr. Am Abend kommt K\u00f6bi \u2013 ein Concord-Fahrer mit SG-Kennzeichen \u2013 auf einen &hellip; <a href=\"https:\/\/www.jimmy2.ch\/worldpress\/2021\/06\/17\/peschiera-del-garda-19\/\">Continue reading <span class=\"meta-nav\">&rarr;<\/span><\/a><\/p>\n","protected":false},"author":1,"featured_media":0,"comment_status":"open","ping_status":"open","sticky":false,"template":"","format":"standard","meta":{"footnotes":""},"categories":[64],"tags":[56,96,57],"class_list":["post-9973","post","type-post","status-publish","format-standard","hentry","category-italien","tag-gardasee","tag-italien","tag-peschiera-del-garda"],"_links":{"self":[{"href":"https:\/\/www.jimmy2.ch\/worldpress\/wp-json\/wp\/v2\/posts\/9973","targetHints":{"allow":["GET"]}}],"collection":[{"href":"https:\/\/www.jimmy2.ch\/worldpress\/wp-json\/wp\/v2\/posts"}],"about":[{"href":"https:\/\/www.jimmy2.ch\/worldpress\/wp-json\/wp\/v2\/types\/post"}],"author":[{"embeddable":true,"href":"https:\/\/www.jimmy2.ch\/worldpress\/wp-json\/wp\/v2\/users\/1"}],"replies":[{"embeddable":true,"href":"https:\/\/www.jimmy2.ch\/worldpress\/wp-json\/wp\/v2\/comments?post=9973"}],"version-history":[{"count":2,"href":"https:\/\/www.jimmy2.ch\/worldpress\/wp-json\/wp\/v2\/posts\/9973\/revisions"}],"predecessor-version":[{"id":9979,"href":"https:\/\/www.jimmy2.ch\/worldpress\/wp-json\/wp\/v2\/posts\/9973\/revisions\/9979"}],"wp:attachment":[{"href":"https:\/\/www.jimmy2.ch\/worldpress\/wp-json\/wp\/v2\/media?parent=9973"}],"wp:term":[{"taxonomy":"category","embeddable":true,"href":"https:\/\/www.jimmy2.ch\/worldpress\/wp-json\/wp\/v2\/categories?post=9973"},{"taxonomy":"post_tag","embeddable":true,"href":"https:\/\/www.jimmy2.ch\/worldpress\/wp-json\/wp\/v2\/tags?post=9973"}],"curies":[{"name":"wp","href":"https:\/\/api.w.org\/{rel}","templated":true}]}}