{"id":9957,"date":"2021-06-16T22:11:00","date_gmt":"2021-06-16T21:11:00","guid":{"rendered":"http:\/\/www.jimmy2.ch\/worldpress\/?p=9957"},"modified":"2021-06-20T21:08:26","modified_gmt":"2021-06-20T20:08:26","slug":"peschiera-del-garda-verona-peschiera-del-garda","status":"publish","type":"post","link":"https:\/\/www.jimmy2.ch\/worldpress\/2021\/06\/16\/peschiera-del-garda-verona-peschiera-del-garda\/","title":{"rendered":"Peschiera del Garda &#8211; Verona &#8211; Peschiera del Garda"},"content":{"rendered":"\n<p>Mittwoch 16. Juni 2021<br>Peschiera del Garda &#8211; Verona &#8211; Peschiera del Garda<br>ca. 27 km\/Weg 3\/4 Stunden\/Weg<br>Area Camper Peschiera del Garda<br>45.43907 10.68398<br><br>Der Tag beginnt bew\u00f6lkt. Das ist hier vielfach so. Um 9 Uhr ist es aber bereits 26\u00b0C warm. <br>Da sich die Sonne nicht zeigt beschliessen wir mit dem Roller nach Verona zu fahren. <br>Kurz nach 12 Uhr stellen wir unseren Roller in Verona ab. <\/p>\n\n\n\n<figure class=\"wp-block-image size-large\"><img loading=\"lazy\" decoding=\"async\" width=\"1024\" height=\"768\" src=\"https:\/\/www.jimmy2.ch\/worldpress\/wp-content\/uploads\/2021\/06\/11AAA9BD-FDC0-442D-A74A-C50961F0840C-1024x768.jpeg\" alt=\"\" class=\"wp-image-9964\" srcset=\"https:\/\/www.jimmy2.ch\/worldpress\/wp-content\/uploads\/2021\/06\/11AAA9BD-FDC0-442D-A74A-C50961F0840C-1024x768.jpeg 1024w, https:\/\/www.jimmy2.ch\/worldpress\/wp-content\/uploads\/2021\/06\/11AAA9BD-FDC0-442D-A74A-C50961F0840C-300x225.jpeg 300w, https:\/\/www.jimmy2.ch\/worldpress\/wp-content\/uploads\/2021\/06\/11AAA9BD-FDC0-442D-A74A-C50961F0840C-768x576.jpeg 768w, https:\/\/www.jimmy2.ch\/worldpress\/wp-content\/uploads\/2021\/06\/11AAA9BD-FDC0-442D-A74A-C50961F0840C-1536x1152.jpeg 1536w, https:\/\/www.jimmy2.ch\/worldpress\/wp-content\/uploads\/2021\/06\/11AAA9BD-FDC0-442D-A74A-C50961F0840C-2048x1536.jpeg 2048w\" sizes=\"auto, (max-width: 1024px) 100vw, 1024px\" \/><\/figure>\n\n\n\n<p>Quasi direkt neben der Arena von Verona. <\/p>\n\n\n\n<figure class=\"wp-block-image size-large\"><img loading=\"lazy\" decoding=\"async\" width=\"1024\" height=\"768\" src=\"https:\/\/www.jimmy2.ch\/worldpress\/wp-content\/uploads\/2021\/06\/1E8EA018-828E-497E-B8B3-672D0F2288D2-1024x768.jpeg\" alt=\"\" class=\"wp-image-9965\" srcset=\"https:\/\/www.jimmy2.ch\/worldpress\/wp-content\/uploads\/2021\/06\/1E8EA018-828E-497E-B8B3-672D0F2288D2-1024x768.jpeg 1024w, https:\/\/www.jimmy2.ch\/worldpress\/wp-content\/uploads\/2021\/06\/1E8EA018-828E-497E-B8B3-672D0F2288D2-300x225.jpeg 300w, https:\/\/www.jimmy2.ch\/worldpress\/wp-content\/uploads\/2021\/06\/1E8EA018-828E-497E-B8B3-672D0F2288D2-768x576.jpeg 768w, https:\/\/www.jimmy2.ch\/worldpress\/wp-content\/uploads\/2021\/06\/1E8EA018-828E-497E-B8B3-672D0F2288D2-1536x1152.jpeg 1536w, https:\/\/www.jimmy2.ch\/worldpress\/wp-content\/uploads\/2021\/06\/1E8EA018-828E-497E-B8B3-672D0F2288D2-2048x1536.jpeg 2048w\" sizes=\"auto, (max-width: 1024px) 100vw, 1024px\" \/><\/figure>\n\n\n\n<p>Zuerst brauchen wir eine St\u00e4rkung. Dann nehmen wir den Treno turistico. F\u00fcr 5 Euro wird uns w\u00e4hrend ca. 30 Minuten Verona gezeigt. Wir haben schon Interessanteres gesehen. Aber immerhin wissen wir nun, wohin wir nach der Tour flanieren m\u00fcssen. <\/p>\n\n\n\n<figure class=\"wp-block-image size-large\"><img loading=\"lazy\" decoding=\"async\" width=\"1024\" height=\"768\" src=\"https:\/\/www.jimmy2.ch\/worldpress\/wp-content\/uploads\/2021\/06\/B14D7C55-7A16-4165-8D69-A75A3CEAACD0-1024x768.jpeg\" alt=\"\" class=\"wp-image-9966\" srcset=\"https:\/\/www.jimmy2.ch\/worldpress\/wp-content\/uploads\/2021\/06\/B14D7C55-7A16-4165-8D69-A75A3CEAACD0-1024x768.jpeg 1024w, https:\/\/www.jimmy2.ch\/worldpress\/wp-content\/uploads\/2021\/06\/B14D7C55-7A16-4165-8D69-A75A3CEAACD0-300x225.jpeg 300w, https:\/\/www.jimmy2.ch\/worldpress\/wp-content\/uploads\/2021\/06\/B14D7C55-7A16-4165-8D69-A75A3CEAACD0-768x576.jpeg 768w, https:\/\/www.jimmy2.ch\/worldpress\/wp-content\/uploads\/2021\/06\/B14D7C55-7A16-4165-8D69-A75A3CEAACD0-1536x1152.jpeg 1536w, https:\/\/www.jimmy2.ch\/worldpress\/wp-content\/uploads\/2021\/06\/B14D7C55-7A16-4165-8D69-A75A3CEAACD0-2048x1536.jpeg 2048w\" sizes=\"auto, (max-width: 1024px) 100vw, 1024px\" \/><\/figure>\n\n\n\n<p>Zur Piazza delle Erbe. <\/p>\n\n\n\n<figure class=\"wp-block-image size-large\"><img loading=\"lazy\" decoding=\"async\" width=\"1024\" height=\"768\" src=\"https:\/\/www.jimmy2.ch\/worldpress\/wp-content\/uploads\/2021\/06\/39C0027A-350B-4047-8C9D-EA751C2A95AC-1024x768.jpeg\" alt=\"\" class=\"wp-image-9967\" srcset=\"https:\/\/www.jimmy2.ch\/worldpress\/wp-content\/uploads\/2021\/06\/39C0027A-350B-4047-8C9D-EA751C2A95AC-1024x768.jpeg 1024w, https:\/\/www.jimmy2.ch\/worldpress\/wp-content\/uploads\/2021\/06\/39C0027A-350B-4047-8C9D-EA751C2A95AC-300x225.jpeg 300w, https:\/\/www.jimmy2.ch\/worldpress\/wp-content\/uploads\/2021\/06\/39C0027A-350B-4047-8C9D-EA751C2A95AC-768x576.jpeg 768w, https:\/\/www.jimmy2.ch\/worldpress\/wp-content\/uploads\/2021\/06\/39C0027A-350B-4047-8C9D-EA751C2A95AC-1536x1152.jpeg 1536w, https:\/\/www.jimmy2.ch\/worldpress\/wp-content\/uploads\/2021\/06\/39C0027A-350B-4047-8C9D-EA751C2A95AC-2048x1536.jpeg 2048w\" sizes=\"auto, (max-width: 1024px) 100vw, 1024px\" \/><\/figure>\n\n\n\n<p>Unterwegs kaufe ich spontan ein Paar Geox-Schuhe. Im Caff\u00e8 Barbarani gibt es ein sp\u00e4tes Mittagessen. Danach noch ein kurzer Bummel durch die Marktst\u00e4nde. <\/p>\n\n\n\n<figure class=\"wp-block-image size-large\"><img loading=\"lazy\" decoding=\"async\" width=\"1024\" height=\"768\" src=\"https:\/\/www.jimmy2.ch\/worldpress\/wp-content\/uploads\/2021\/06\/95A17461-A8E2-4220-A306-F1BF44186F0F-1024x768.jpeg\" alt=\"\" class=\"wp-image-9968\" srcset=\"https:\/\/www.jimmy2.ch\/worldpress\/wp-content\/uploads\/2021\/06\/95A17461-A8E2-4220-A306-F1BF44186F0F-1024x768.jpeg 1024w, https:\/\/www.jimmy2.ch\/worldpress\/wp-content\/uploads\/2021\/06\/95A17461-A8E2-4220-A306-F1BF44186F0F-300x225.jpeg 300w, https:\/\/www.jimmy2.ch\/worldpress\/wp-content\/uploads\/2021\/06\/95A17461-A8E2-4220-A306-F1BF44186F0F-768x576.jpeg 768w, https:\/\/www.jimmy2.ch\/worldpress\/wp-content\/uploads\/2021\/06\/95A17461-A8E2-4220-A306-F1BF44186F0F-1536x1152.jpeg 1536w, https:\/\/www.jimmy2.ch\/worldpress\/wp-content\/uploads\/2021\/06\/95A17461-A8E2-4220-A306-F1BF44186F0F-2048x1536.jpeg 2048w\" sizes=\"auto, (max-width: 1024px) 100vw, 1024px\" \/><\/figure>\n\n\n\n<figure class=\"wp-block-image size-large\"><img loading=\"lazy\" decoding=\"async\" width=\"1024\" height=\"768\" src=\"https:\/\/www.jimmy2.ch\/worldpress\/wp-content\/uploads\/2021\/06\/37D7D6FF-A21D-4583-BE3E-D8D53C2456FA-1024x768.jpeg\" alt=\"\" class=\"wp-image-9969\" srcset=\"https:\/\/www.jimmy2.ch\/worldpress\/wp-content\/uploads\/2021\/06\/37D7D6FF-A21D-4583-BE3E-D8D53C2456FA-1024x768.jpeg 1024w, https:\/\/www.jimmy2.ch\/worldpress\/wp-content\/uploads\/2021\/06\/37D7D6FF-A21D-4583-BE3E-D8D53C2456FA-300x225.jpeg 300w, https:\/\/www.jimmy2.ch\/worldpress\/wp-content\/uploads\/2021\/06\/37D7D6FF-A21D-4583-BE3E-D8D53C2456FA-768x576.jpeg 768w, https:\/\/www.jimmy2.ch\/worldpress\/wp-content\/uploads\/2021\/06\/37D7D6FF-A21D-4583-BE3E-D8D53C2456FA-1536x1152.jpeg 1536w, https:\/\/www.jimmy2.ch\/worldpress\/wp-content\/uploads\/2021\/06\/37D7D6FF-A21D-4583-BE3E-D8D53C2456FA-2048x1536.jpeg 2048w\" sizes=\"auto, (max-width: 1024px) 100vw, 1024px\" \/><\/figure>\n\n\n\n<p>Dann ist es auch schon wieder Zeit um nach Hause zu fahren. <\/p>\n\n\n\n<figure class=\"wp-block-embed is-type-video is-provider-youtube wp-block-embed-youtube wp-embed-aspect-16-9 wp-has-aspect-ratio\"><div class=\"wp-block-embed__wrapper\">\n<iframe loading=\"lazy\" title=\"Verona Italien\" width=\"960\" height=\"540\" src=\"https:\/\/www.youtube.com\/embed\/koy1LVgcL3k?feature=oembed\" frameborder=\"0\" allow=\"accelerometer; autoplay; clipboard-write; encrypted-media; gyroscope; picture-in-picture\" allowfullscreen><\/iframe>\n<\/div><\/figure>\n\n\n\n<p>Am Abend spazieren wir ins St\u00e4dtchen und g\u00f6nnen uns zum Abschluss dieses sch\u00f6nen Tages einen Eiskaffee bzw. einen Coppa la Perla. 1 Woche sind wir jetzt unterwegs.<br><\/p>\n","protected":false},"excerpt":{"rendered":"<p>Mittwoch 16. Juni 2021Peschiera del Garda &#8211; Verona &#8211; Peschiera del Gardaca. 27 km\/Weg 3\/4 Stunden\/WegArea Camper Peschiera del Garda45.43907 10.68398 Der Tag beginnt bew\u00f6lkt. Das ist hier vielfach so. Um 9 Uhr ist es aber bereits 26\u00b0C warm. Da &hellip; <a href=\"https:\/\/www.jimmy2.ch\/worldpress\/2021\/06\/16\/peschiera-del-garda-verona-peschiera-del-garda\/\">Continue reading <span class=\"meta-nav\">&rarr;<\/span><\/a><\/p>\n","protected":false},"author":1,"featured_media":0,"comment_status":"open","ping_status":"open","sticky":false,"template":"","format":"standard","meta":{"footnotes":""},"categories":[64],"tags":[56,57,615],"class_list":["post-9957","post","type-post","status-publish","format-standard","hentry","category-italien","tag-gardasee","tag-peschiera-del-garda","tag-verona"],"_links":{"self":[{"href":"https:\/\/www.jimmy2.ch\/worldpress\/wp-json\/wp\/v2\/posts\/9957","targetHints":{"allow":["GET"]}}],"collection":[{"href":"https:\/\/www.jimmy2.ch\/worldpress\/wp-json\/wp\/v2\/posts"}],"about":[{"href":"https:\/\/www.jimmy2.ch\/worldpress\/wp-json\/wp\/v2\/types\/post"}],"author":[{"embeddable":true,"href":"https:\/\/www.jimmy2.ch\/worldpress\/wp-json\/wp\/v2\/users\/1"}],"replies":[{"embeddable":true,"href":"https:\/\/www.jimmy2.ch\/worldpress\/wp-json\/wp\/v2\/comments?post=9957"}],"version-history":[{"count":6,"href":"https:\/\/www.jimmy2.ch\/worldpress\/wp-json\/wp\/v2\/posts\/9957\/revisions"}],"predecessor-version":[{"id":10005,"href":"https:\/\/www.jimmy2.ch\/worldpress\/wp-json\/wp\/v2\/posts\/9957\/revisions\/10005"}],"wp:attachment":[{"href":"https:\/\/www.jimmy2.ch\/worldpress\/wp-json\/wp\/v2\/media?parent=9957"}],"wp:term":[{"taxonomy":"category","embeddable":true,"href":"https:\/\/www.jimmy2.ch\/worldpress\/wp-json\/wp\/v2\/categories?post=9957"},{"taxonomy":"post_tag","embeddable":true,"href":"https:\/\/www.jimmy2.ch\/worldpress\/wp-json\/wp\/v2\/tags?post=9957"}],"curies":[{"name":"wp","href":"https:\/\/api.w.org\/{rel}","templated":true}]}}