{"id":929,"date":"2017-03-10T20:31:46","date_gmt":"2017-03-10T19:31:46","guid":{"rendered":"http:\/\/www.jimmy2.ch\/worldpress\/?p=929"},"modified":"2021-12-18T22:57:23","modified_gmt":"2021-12-18T20:57:23","slug":"innen-reinigung-wohnmobil","status":"publish","type":"post","link":"https:\/\/www.jimmy2.ch\/worldpress\/2017\/03\/10\/innen-reinigung-wohnmobil\/","title":{"rendered":"Innen-Reinigung Wohnmobil"},"content":{"rendered":"<p style=\"text-align: center;\"><strong>Freitag 10. M\u00e4rz 2017<\/strong><\/p>\n<p style=\"text-align: center;\">Br\u00fcttisellen<br \/>\nEin sonniger Tag<\/p>\n<p>Waschmaschine und Trockner sind auch heute im Dauereinsatz.<\/p>\n<p>Alles was wir f\u00fcr kommende Reisen nicht mehr ben\u00f6tigen wird aus dem Wohnmobil ausger\u00e4umt.<\/p>\n<p style=\"text-align: center;\">Christa mach eine gr\u00fcndliche Innenreinigung.<\/p>\n<p><a href=\"https:\/\/www.jimmy2.ch\/worldpress\/wp-content\/uploads\/2017\/03\/IMG_6969.jpg\"><img loading=\"lazy\" decoding=\"async\" class=\"size-medium wp-image-932 aligncenter\" src=\"https:\/\/www.jimmy2.ch\/worldpress\/wp-content\/uploads\/2017\/03\/IMG_6969-300x225.jpg\" alt=\"\" width=\"300\" height=\"225\" srcset=\"https:\/\/www.jimmy2.ch\/worldpress\/wp-content\/uploads\/2017\/03\/IMG_6969-300x225.jpg 300w, https:\/\/www.jimmy2.ch\/worldpress\/wp-content\/uploads\/2017\/03\/IMG_6969-768x576.jpg 768w, https:\/\/www.jimmy2.ch\/worldpress\/wp-content\/uploads\/2017\/03\/IMG_6969-1024x768.jpg 1024w\" sizes=\"auto, (max-width: 300px) 100vw, 300px\" \/><\/a><\/p>\n<p style=\"text-align: center;\">Ich k\u00fcmmere mich um den Grauwassertank.<br \/>\nDer hat es bittern\u00f6tig.<\/p>\n<p><a href=\"https:\/\/www.jimmy2.ch\/worldpress\/wp-content\/uploads\/2017\/03\/IMG_6966.jpg\"><img loading=\"lazy\" decoding=\"async\" class=\"size-medium wp-image-931 aligncenter\" src=\"https:\/\/www.jimmy2.ch\/worldpress\/wp-content\/uploads\/2017\/03\/IMG_6966-300x225.jpg\" alt=\"\" width=\"300\" height=\"225\" srcset=\"https:\/\/www.jimmy2.ch\/worldpress\/wp-content\/uploads\/2017\/03\/IMG_6966-300x225.jpg 300w, https:\/\/www.jimmy2.ch\/worldpress\/wp-content\/uploads\/2017\/03\/IMG_6966-768x576.jpg 768w, https:\/\/www.jimmy2.ch\/worldpress\/wp-content\/uploads\/2017\/03\/IMG_6966-1024x768.jpg 1024w\" sizes=\"auto, (max-width: 300px) 100vw, 300px\" \/><\/a><\/p>\n<p>Ich habe noch etwas B\u00fcro-Arbeit erledigt. Damit es dann am Montag wieder los gehen kann.<\/p>\n","protected":false},"excerpt":{"rendered":"<p>Freitag 10. M\u00e4rz 2017 Br\u00fcttisellen Ein sonniger Tag Waschmaschine und Trockner sind auch heute im Dauereinsatz. Alles was wir f\u00fcr kommende Reisen nicht mehr ben\u00f6tigen wird aus dem Wohnmobil ausger\u00e4umt. Christa mach eine gr\u00fcndliche Innenreinigung. Ich k\u00fcmmere mich um den &hellip; <a href=\"https:\/\/www.jimmy2.ch\/worldpress\/2017\/03\/10\/innen-reinigung-wohnmobil\/\">Continue reading <span class=\"meta-nav\">&rarr;<\/span><\/a><\/p>\n","protected":false},"author":1,"featured_media":0,"comment_status":"open","ping_status":"open","sticky":false,"template":"","format":"standard","meta":{"footnotes":""},"categories":[72],"tags":[],"class_list":["post-929","post","type-post","status-publish","format-standard","hentry","category-schweiz"],"_links":{"self":[{"href":"https:\/\/www.jimmy2.ch\/worldpress\/wp-json\/wp\/v2\/posts\/929","targetHints":{"allow":["GET"]}}],"collection":[{"href":"https:\/\/www.jimmy2.ch\/worldpress\/wp-json\/wp\/v2\/posts"}],"about":[{"href":"https:\/\/www.jimmy2.ch\/worldpress\/wp-json\/wp\/v2\/types\/post"}],"author":[{"embeddable":true,"href":"https:\/\/www.jimmy2.ch\/worldpress\/wp-json\/wp\/v2\/users\/1"}],"replies":[{"embeddable":true,"href":"https:\/\/www.jimmy2.ch\/worldpress\/wp-json\/wp\/v2\/comments?post=929"}],"version-history":[{"count":3,"href":"https:\/\/www.jimmy2.ch\/worldpress\/wp-json\/wp\/v2\/posts\/929\/revisions"}],"predecessor-version":[{"id":12408,"href":"https:\/\/www.jimmy2.ch\/worldpress\/wp-json\/wp\/v2\/posts\/929\/revisions\/12408"}],"wp:attachment":[{"href":"https:\/\/www.jimmy2.ch\/worldpress\/wp-json\/wp\/v2\/media?parent=929"}],"wp:term":[{"taxonomy":"category","embeddable":true,"href":"https:\/\/www.jimmy2.ch\/worldpress\/wp-json\/wp\/v2\/categories?post=929"},{"taxonomy":"post_tag","embeddable":true,"href":"https:\/\/www.jimmy2.ch\/worldpress\/wp-json\/wp\/v2\/tags?post=929"}],"curies":[{"name":"wp","href":"https:\/\/api.w.org\/{rel}","templated":true}]}}