{"id":893,"date":"2017-03-08T22:17:37","date_gmt":"2017-03-08T21:17:37","guid":{"rendered":"http:\/\/www.jimmy2.ch\/worldpress\/?p=893"},"modified":"2022-11-04T20:09:18","modified_gmt":"2022-11-04T19:09:18","slug":"wieder-zu-hause","status":"publish","type":"post","link":"https:\/\/www.jimmy2.ch\/worldpress\/2017\/03\/08\/wieder-zu-hause\/","title":{"rendered":"Wieder zu Hause"},"content":{"rendered":"<p style=\"text-align: center;\"><strong>Mittwoch 8. M\u00e4rz 2017<\/strong><\/p>\n<p style=\"text-align: center;\">San Lorenzo al Mare &#8211; Br\u00fcttisellen \/ 539 km<br \/>\nZu Beginn ein sonniger Tag \/ sp\u00e4ter dann bedeckt \/ in Z\u00fcrich regen<\/p>\n<p>Um halb acht ist Aufstehen angesagt. Wir haben heute die letzte lange Strecke unserer Reise vor uns. Da wir gestern schon fast alles parat gemacht haben gibt es nicht mehr viel zu tun. Fr\u00fchst\u00fccken \/ Abwaschen \/ Cassette leere und mit Jimmy kurz Gassi gehen.<\/p>\n<p style=\"text-align: center;\"><a href=\"https:\/\/www.jimmy2.ch\/worldpress\/wp-content\/uploads\/2017\/03\/IMG_6949.jpg\"><img loading=\"lazy\" decoding=\"async\" class=\"size-medium wp-image-915 aligncenter\" src=\"https:\/\/www.jimmy2.ch\/worldpress\/wp-content\/uploads\/2017\/03\/IMG_6949-225x300.jpg\" alt=\"\" width=\"225\" height=\"300\" srcset=\"https:\/\/www.jimmy2.ch\/worldpress\/wp-content\/uploads\/2017\/03\/IMG_6949-225x300.jpg 225w, https:\/\/www.jimmy2.ch\/worldpress\/wp-content\/uploads\/2017\/03\/IMG_6949-768x1024.jpg 768w, https:\/\/www.jimmy2.ch\/worldpress\/wp-content\/uploads\/2017\/03\/IMG_6949.jpg 1632w\" sizes=\"auto, (max-width: 225px) 100vw, 225px\" \/><\/a><br \/>\nWann geht es endlich los?<br \/>\nIch will nach Hause!<\/p>\n<p>Frischwasser haben wir noch genug und das Grauwasser werden wir unterwegs auf unserem Stamm-Rastplatz entsorgen. Da nehme ich jeweils auf unseren R\u00fcck-Reisen zum Abschied noch einen Caf\u00e9 mit einem Schocko-Gipfeli.<\/p>\n<p>Kurz vor 9 Uhr ist dann Abfahrt. Bei Imperia geht es auf die Autobahn. Die Fahrt ist ereignislos. Es hat viel Verkehr \u2013 vor allem Lastwagen.<\/p>\n<p>Leider existiert das Caf\u00e9 auf unserer Stamm-Rastst\u00e4tte nicht mehr. So entsorgen wir nur das Grauwasser und Christa macht eine Runde mit Jimmy.<\/p>\n<p><a href=\"https:\/\/www.jimmy2.ch\/worldpress\/wp-content\/uploads\/2017\/03\/IMG_6950.jpg\"><img loading=\"lazy\" decoding=\"async\" class=\"size-medium wp-image-916 aligncenter\" src=\"https:\/\/www.jimmy2.ch\/worldpress\/wp-content\/uploads\/2017\/03\/IMG_6950-300x225.jpg\" alt=\"\" width=\"300\" height=\"225\" srcset=\"https:\/\/www.jimmy2.ch\/worldpress\/wp-content\/uploads\/2017\/03\/IMG_6950-300x225.jpg 300w, https:\/\/www.jimmy2.ch\/worldpress\/wp-content\/uploads\/2017\/03\/IMG_6950-768x576.jpg 768w, https:\/\/www.jimmy2.ch\/worldpress\/wp-content\/uploads\/2017\/03\/IMG_6950-1024x768.jpg 1024w\" sizes=\"auto, (max-width: 300px) 100vw, 300px\" \/><\/a><\/p>\n<p><a href=\"https:\/\/www.jimmy2.ch\/worldpress\/wp-content\/uploads\/2017\/03\/IMG_6953.jpg\"><img loading=\"lazy\" decoding=\"async\" class=\"size-medium wp-image-919 aligncenter\" src=\"https:\/\/www.jimmy2.ch\/worldpress\/wp-content\/uploads\/2017\/03\/IMG_6953-300x203.jpg\" alt=\"\" width=\"300\" height=\"203\" srcset=\"https:\/\/www.jimmy2.ch\/worldpress\/wp-content\/uploads\/2017\/03\/IMG_6953-300x203.jpg 300w, https:\/\/www.jimmy2.ch\/worldpress\/wp-content\/uploads\/2017\/03\/IMG_6953-768x521.jpg 768w, https:\/\/www.jimmy2.ch\/worldpress\/wp-content\/uploads\/2017\/03\/IMG_6953-1024x694.jpg 1024w\" sizes=\"auto, (max-width: 300px) 100vw, 300px\" \/><\/a><\/p>\n<p style=\"text-align: center;\">Zu Hause ist Autowaschen angesagt!<br \/>\nJimmy 2 steht vor Dreck!<br \/>\nJimmy 1 ebenso!<\/p>\n<p><a href=\"https:\/\/www.jimmy2.ch\/worldpress\/wp-content\/uploads\/2017\/03\/IMG_6951.jpg\"><img loading=\"lazy\" decoding=\"async\" class=\"size-medium wp-image-917 aligncenter\" src=\"https:\/\/www.jimmy2.ch\/worldpress\/wp-content\/uploads\/2017\/03\/IMG_6951-300x221.jpg\" alt=\"\" width=\"300\" height=\"221\" srcset=\"https:\/\/www.jimmy2.ch\/worldpress\/wp-content\/uploads\/2017\/03\/IMG_6951-300x221.jpg 300w, https:\/\/www.jimmy2.ch\/worldpress\/wp-content\/uploads\/2017\/03\/IMG_6951-768x565.jpg 768w, https:\/\/www.jimmy2.ch\/worldpress\/wp-content\/uploads\/2017\/03\/IMG_6951-1024x753.jpg 1024w\" sizes=\"auto, (max-width: 300px) 100vw, 300px\" \/><\/a><\/p>\n<p style=\"text-align: center;\">Ein letzter Blick zur\u00fcck \u2013 das war es dann \u2013 bis zum n\u00e4chsten Mal.<\/p>\n<p style=\"text-align: center;\"><a href=\"https:\/\/www.jimmy2.ch\/worldpress\/wp-content\/uploads\/2017\/03\/IMG_6952-e1489511793544.jpg\"><img loading=\"lazy\" decoding=\"async\" class=\"alignnone size-medium wp-image-918\" src=\"https:\/\/www.jimmy2.ch\/worldpress\/wp-content\/uploads\/2017\/03\/IMG_6952-e1489511793544-225x300.jpg\" alt=\"\" width=\"225\" height=\"300\" srcset=\"https:\/\/www.jimmy2.ch\/worldpress\/wp-content\/uploads\/2017\/03\/IMG_6952-e1489511793544-225x300.jpg 225w, https:\/\/www.jimmy2.ch\/worldpress\/wp-content\/uploads\/2017\/03\/IMG_6952-e1489511793544-768x1024.jpg 768w\" sizes=\"auto, (max-width: 225px) 100vw, 225px\" \/><\/a><\/p>\n<p style=\"text-align: center;\">Komm schon ich will nach Hause!<\/p>\n<p>Weiter geht es. Dann kommt schon bald die Abzweigung Richtung Alessandria \/ Milano. Z\u00fcgig fahren wir das Tal hoch. Wie nehmen immer die Tangente Richtung Milano. Bei der Rastst\u00e4tte bekomme ich endlich meinen Caf\u00e9 und ein Nutella-Gipfeli. Ein Traum!<\/p>\n\n<div class='gallery'><dl class='gallery-item'>\n\t\t\t<dt class='gallery-icon landscape'>\n\t\t\t\t<a href='https:\/\/www.jimmy2.ch\/worldpress\/img_6954\/'><img loading=\"lazy\" decoding=\"async\" width=\"150\" height=\"150\" src=\"https:\/\/www.jimmy2.ch\/worldpress\/wp-content\/uploads\/2017\/03\/IMG_6954-150x150.jpg\" class=\"attachment-thumbnail size-thumbnail\" alt=\"\" \/><\/a>\n\t\t\t<\/dt><\/dl><dl class='gallery-item'>\n\t\t\t<dt class='gallery-icon landscape'>\n\t\t\t\t<a href='https:\/\/www.jimmy2.ch\/worldpress\/img_6955\/'><img loading=\"lazy\" decoding=\"async\" width=\"150\" height=\"150\" src=\"https:\/\/www.jimmy2.ch\/worldpress\/wp-content\/uploads\/2017\/03\/IMG_6955-150x150.jpg\" class=\"attachment-thumbnail size-thumbnail\" alt=\"\" \/><\/a>\n\t\t\t<\/dt><\/dl><dl class='gallery-item'>\n\t\t\t<dt class='gallery-icon landscape'>\n\t\t\t\t<a href='https:\/\/www.jimmy2.ch\/worldpress\/img_6956\/'><img loading=\"lazy\" decoding=\"async\" width=\"150\" height=\"150\" src=\"https:\/\/www.jimmy2.ch\/worldpress\/wp-content\/uploads\/2017\/03\/IMG_6956-150x150.jpg\" class=\"attachment-thumbnail size-thumbnail\" alt=\"\" \/><\/a>\n\t\t\t<\/dt><\/dl><br style=\"clear: both\" \/>\n\t\t<\/div>\n\n<p style=\"text-align: center;\">Diese verschneiten Berge haben wir immer im Blickfeld.<\/p>\n<p>Kurz vor Mailand noch Diesel tanken. Dann die diversen Zahlstellen passieren. Die Einreise in die Schweiz ist wie immer problemlos.<\/p>\n<p>Gegen 14 Uhr kommen wir auf der Rastst\u00e4tte in Coldrerio an. Wir machen unsere Mittagspause. Gleichzeitig wir eine Fahrzeugkontrolle aufgebaut. Und ich stehe eher ung\u00fcnstig \u00fcber 4 Parkfelder verteilt auf dem PW-Parkplatz. Aber das k\u00fcmmert niemanden.<\/p>\n<p>Weiter Richtung Gotthard. Der Fr\u00fchling ist im Tessin noch nicht angekommen. Vor dem S\u00fcdportal treffen wir auf den ersten Schnee. Wir gelangen ohne Stau in die Gotthardr\u00f6hre.<\/p>\n<p><a href=\"https:\/\/www.jimmy2.ch\/worldpress\/wp-content\/uploads\/2017\/03\/IMG_6961.jpg\"><img loading=\"lazy\" decoding=\"async\" class=\"size-medium wp-image-924 aligncenter\" src=\"https:\/\/www.jimmy2.ch\/worldpress\/wp-content\/uploads\/2017\/03\/IMG_6961-300x225.jpg\" alt=\"\" width=\"300\" height=\"225\" srcset=\"https:\/\/www.jimmy2.ch\/worldpress\/wp-content\/uploads\/2017\/03\/IMG_6961-300x225.jpg 300w, https:\/\/www.jimmy2.ch\/worldpress\/wp-content\/uploads\/2017\/03\/IMG_6961-768x576.jpg 768w, https:\/\/www.jimmy2.ch\/worldpress\/wp-content\/uploads\/2017\/03\/IMG_6961-1024x768.jpg 1024w\" sizes=\"auto, (max-width: 300px) 100vw, 300px\" \/><\/a><\/p>\n<p>Auch auf der Nordseite hat es noch Schnee. Im Bild das ber\u00fchmte Chileli von Wassen.<\/p>\n<p><a href=\"https:\/\/www.jimmy2.ch\/worldpress\/wp-content\/uploads\/2017\/03\/IMG_6964.jpg\"><img loading=\"lazy\" decoding=\"async\" class=\"size-medium wp-image-925 aligncenter\" src=\"https:\/\/www.jimmy2.ch\/worldpress\/wp-content\/uploads\/2017\/03\/IMG_6964-300x225.jpg\" alt=\"\" width=\"300\" height=\"225\" srcset=\"https:\/\/www.jimmy2.ch\/worldpress\/wp-content\/uploads\/2017\/03\/IMG_6964-300x225.jpg 300w, https:\/\/www.jimmy2.ch\/worldpress\/wp-content\/uploads\/2017\/03\/IMG_6964-768x576.jpg 768w, https:\/\/www.jimmy2.ch\/worldpress\/wp-content\/uploads\/2017\/03\/IMG_6964-1024x768.jpg 1024w\" sizes=\"auto, (max-width: 300px) 100vw, 300px\" \/><\/a><\/p>\n<p>\u00dcber die Axenstrasse geht es Richtung Z\u00fcrich. Auf SRF 3 h\u00f6ren wir die ersten Staumeldungen vom Nordring. Wir entscheiden uns quer durch Z\u00fcrich zu fahren und nehmen die Ausfahrt Uitikon-Waldegg. Aber auch in Z\u00fcrich ist der Feierabendverkehr schon in vollem Gange. Aber man sieht wenigstens etwas mehr als nur die Autobahn.<\/p>\n<p style=\"text-align: center;\">Um 17.30 Uhr kommen wir nach 6 \u00bd Wochen und 3&#8217;998 km gesund und munter wieder zu Hause an.<\/p>\n<p style=\"text-align: center;\">Es regnet.<\/p>\n<p style=\"text-align: center;\">Wir packen nur das notwendigste aus und lassen den Abend ruhig ausklingen.<\/p>\n<p style=\"text-align: center;\"><span style=\"color: #ff0000;\"><strong>Super war es \u2013 wir tr\u00e4umen schon von der n\u00e4chsten Reise.<\/strong><\/span><\/p>\n","protected":false},"excerpt":{"rendered":"<p>Mittwoch 8. M\u00e4rz 2017 San Lorenzo al Mare &#8211; Br\u00fcttisellen \/ 539 km Zu Beginn ein sonniger Tag \/ sp\u00e4ter dann bedeckt \/ in Z\u00fcrich regen Um halb acht ist Aufstehen angesagt. Wir haben heute die letzte lange Strecke unserer &hellip; <a href=\"https:\/\/www.jimmy2.ch\/worldpress\/2017\/03\/08\/wieder-zu-hause\/\">Continue reading <span class=\"meta-nav\">&rarr;<\/span><\/a><\/p>\n","protected":false},"author":1,"featured_media":0,"comment_status":"open","ping_status":"open","sticky":false,"template":"","format":"standard","meta":{"footnotes":""},"categories":[64,72],"tags":[],"class_list":["post-893","post","type-post","status-publish","format-standard","hentry","category-italien","category-schweiz"],"_links":{"self":[{"href":"https:\/\/www.jimmy2.ch\/worldpress\/wp-json\/wp\/v2\/posts\/893","targetHints":{"allow":["GET"]}}],"collection":[{"href":"https:\/\/www.jimmy2.ch\/worldpress\/wp-json\/wp\/v2\/posts"}],"about":[{"href":"https:\/\/www.jimmy2.ch\/worldpress\/wp-json\/wp\/v2\/types\/post"}],"author":[{"embeddable":true,"href":"https:\/\/www.jimmy2.ch\/worldpress\/wp-json\/wp\/v2\/users\/1"}],"replies":[{"embeddable":true,"href":"https:\/\/www.jimmy2.ch\/worldpress\/wp-json\/wp\/v2\/comments?post=893"}],"version-history":[{"count":2,"href":"https:\/\/www.jimmy2.ch\/worldpress\/wp-json\/wp\/v2\/posts\/893\/revisions"}],"predecessor-version":[{"id":927,"href":"https:\/\/www.jimmy2.ch\/worldpress\/wp-json\/wp\/v2\/posts\/893\/revisions\/927"}],"wp:attachment":[{"href":"https:\/\/www.jimmy2.ch\/worldpress\/wp-json\/wp\/v2\/media?parent=893"}],"wp:term":[{"taxonomy":"category","embeddable":true,"href":"https:\/\/www.jimmy2.ch\/worldpress\/wp-json\/wp\/v2\/categories?post=893"},{"taxonomy":"post_tag","embeddable":true,"href":"https:\/\/www.jimmy2.ch\/worldpress\/wp-json\/wp\/v2\/tags?post=893"}],"curies":[{"name":"wp","href":"https:\/\/api.w.org\/{rel}","templated":true}]}}