{"id":891,"date":"2017-03-07T21:36:49","date_gmt":"2017-03-07T20:36:49","guid":{"rendered":"http:\/\/www.jimmy2.ch\/worldpress\/?p=891"},"modified":"2020-10-05T15:49:12","modified_gmt":"2020-10-05T14:49:12","slug":"san-lorenzo-al-mare","status":"publish","type":"post","link":"https:\/\/www.jimmy2.ch\/worldpress\/2017\/03\/07\/san-lorenzo-al-mare\/","title":{"rendered":"San Lorenzo al Mare"},"content":{"rendered":"<p style=\"text-align: center;\"><strong>Dienstag 7. M\u00e4rz 2017<\/strong><\/p>\n<p style=\"text-align: center;\">San Lorenzo al Mare<br \/>\nEs ist ein sonniger Tag aber wegen dem Wind frisch<\/p>\n<p>&nbsp;<\/p>\n<p>Heute sind wir fr\u00fch dran. Wir wollten ja eigentlich weiter Richtung Heimat.<\/p>\n<p>Aber wir f\u00fchlen uns wohl hier. Weiter als 70 &#8211; 80 km k\u00f6nnten wir so oder so nicht fahren. Dann kommt die Abzweigung Richtung Mailand. Hier hat es praktisch keine Pl\u00e4tze mehr zum \u00dcbernachten. So bleiben wir noch eine weitere letzte Nacht hier in San Lorenzo del Mare.<\/p>\n<p><a href=\"https:\/\/www.jimmy2.ch\/worldpress\/wp-content\/uploads\/2017\/03\/IMG_6937.jpg\"><img loading=\"lazy\" decoding=\"async\" class=\"size-medium wp-image-905 aligncenter\" src=\"https:\/\/www.jimmy2.ch\/worldpress\/wp-content\/uploads\/2017\/03\/IMG_6937-300x225.jpg\" alt=\"\" width=\"300\" height=\"225\" srcset=\"https:\/\/www.jimmy2.ch\/worldpress\/wp-content\/uploads\/2017\/03\/IMG_6937-300x225.jpg 300w, https:\/\/www.jimmy2.ch\/worldpress\/wp-content\/uploads\/2017\/03\/IMG_6937-768x576.jpg 768w, https:\/\/www.jimmy2.ch\/worldpress\/wp-content\/uploads\/2017\/03\/IMG_6937-1024x768.jpg 1024w\" sizes=\"auto, (max-width: 300px) 100vw, 300px\" \/><\/a><\/p>\n<p><a href=\"https:\/\/www.jimmy2.ch\/worldpress\/wp-content\/uploads\/2017\/03\/IMG_6938.jpg\"><img loading=\"lazy\" decoding=\"async\" class=\"size-medium wp-image-906 aligncenter\" src=\"https:\/\/www.jimmy2.ch\/worldpress\/wp-content\/uploads\/2017\/03\/IMG_6938-300x225.jpg\" alt=\"\" width=\"300\" height=\"225\" srcset=\"https:\/\/www.jimmy2.ch\/worldpress\/wp-content\/uploads\/2017\/03\/IMG_6938-300x225.jpg 300w, https:\/\/www.jimmy2.ch\/worldpress\/wp-content\/uploads\/2017\/03\/IMG_6938-768x576.jpg 768w, https:\/\/www.jimmy2.ch\/worldpress\/wp-content\/uploads\/2017\/03\/IMG_6938-1024x768.jpg 1024w\" sizes=\"auto, (max-width: 300px) 100vw, 300px\" \/><\/a><\/p>\n<p><a href=\"https:\/\/www.jimmy2.ch\/worldpress\/wp-content\/uploads\/2017\/03\/IMG_6934-e1488913635397.jpg\"><img loading=\"lazy\" decoding=\"async\" class=\"size-medium wp-image-904 aligncenter\" src=\"https:\/\/www.jimmy2.ch\/worldpress\/wp-content\/uploads\/2017\/03\/IMG_6934-e1488913635397-225x300.jpg\" alt=\"\" width=\"225\" height=\"300\" srcset=\"https:\/\/www.jimmy2.ch\/worldpress\/wp-content\/uploads\/2017\/03\/IMG_6934-e1488913635397-225x300.jpg 225w, https:\/\/www.jimmy2.ch\/worldpress\/wp-content\/uploads\/2017\/03\/IMG_6934-e1488913635397-768x1024.jpg 768w\" sizes=\"auto, (max-width: 225px) 100vw, 225px\" \/><\/a><\/p>\n<p>Der Tag beginnt sonnig. Bereits um 10 Uhr sind wir unterwegs an Meer. Hier geniessen wir einen Cappuccino im Strandcafe. Einfach herrlich. Warum erst jetzt wo wir wieder nach Hause m\u00fcssen. Seit wir Spanien verlassen haben reist das schlechte Wetter mit uns mit.<\/p>\n<p>Heute Mittag darf Christa wieder einmal so richtig kochen. Die Bratpfannen werden angeworfen. Das Essen schmeckt ausgezeichnet. Den Abwasch \u00fcbernehme ich.<\/p>\n<p>Gegen 15 Uhr fahren wir mit den R\u00e4dern in&#8217;s etwa 6 km entfernte Marina Port von Imperia.<\/p>\n<p><a href=\"https:\/\/www.jimmy2.ch\/worldpress\/wp-content\/uploads\/2017\/03\/IMG_6942.jpg\"><img loading=\"lazy\" decoding=\"async\" class=\"size-medium wp-image-909 aligncenter\" src=\"https:\/\/www.jimmy2.ch\/worldpress\/wp-content\/uploads\/2017\/03\/IMG_6942-300x225.jpg\" alt=\"\" width=\"300\" height=\"225\" srcset=\"https:\/\/www.jimmy2.ch\/worldpress\/wp-content\/uploads\/2017\/03\/IMG_6942-300x225.jpg 300w, https:\/\/www.jimmy2.ch\/worldpress\/wp-content\/uploads\/2017\/03\/IMG_6942-768x576.jpg 768w, https:\/\/www.jimmy2.ch\/worldpress\/wp-content\/uploads\/2017\/03\/IMG_6942-1024x768.jpg 1024w\" sizes=\"auto, (max-width: 300px) 100vw, 300px\" \/><\/a><\/p>\n<p>Wir wollen noch ein letztes Mal ein Eis auf einer Sonnenterrasse geniessen. Leider ist die angepriesene Fahrradpiste in San Lorenzo di Mare zu ende. So m\u00fcssen wir auf der normalen Strasse fahren. Ein nicht ganz ungef\u00e4hrliches Unterfangen in Italien.<\/p>\n<p><a href=\"https:\/\/www.jimmy2.ch\/worldpress\/wp-content\/uploads\/2017\/03\/IMG_6940.jpg\"><img loading=\"lazy\" decoding=\"async\" class=\"size-medium wp-image-907 aligncenter\" src=\"https:\/\/www.jimmy2.ch\/worldpress\/wp-content\/uploads\/2017\/03\/IMG_6940-300x225.jpg\" alt=\"\" width=\"300\" height=\"225\" srcset=\"https:\/\/www.jimmy2.ch\/worldpress\/wp-content\/uploads\/2017\/03\/IMG_6940-300x225.jpg 300w, https:\/\/www.jimmy2.ch\/worldpress\/wp-content\/uploads\/2017\/03\/IMG_6940-768x576.jpg 768w, https:\/\/www.jimmy2.ch\/worldpress\/wp-content\/uploads\/2017\/03\/IMG_6940-1024x768.jpg 1024w\" sizes=\"auto, (max-width: 300px) 100vw, 300px\" \/><\/a><\/p>\n<p>Leider wird nichts aus dem Eis auf der Sonnenterrasse. Es gibt einfach keine Celateria die offen ist. So besichtigen wir den Ort. Er hat eine ganz herzige Altstadt und einen super Hafen.<\/p>\n<p><a href=\"https:\/\/www.jimmy2.ch\/worldpress\/wp-content\/uploads\/2017\/03\/IMG_6941.jpg\"><img loading=\"lazy\" decoding=\"async\" class=\"size-medium wp-image-908 aligncenter\" src=\"https:\/\/www.jimmy2.ch\/worldpress\/wp-content\/uploads\/2017\/03\/IMG_6941-300x225.jpg\" alt=\"\" width=\"300\" height=\"225\" srcset=\"https:\/\/www.jimmy2.ch\/worldpress\/wp-content\/uploads\/2017\/03\/IMG_6941-300x225.jpg 300w, https:\/\/www.jimmy2.ch\/worldpress\/wp-content\/uploads\/2017\/03\/IMG_6941-768x576.jpg 768w, https:\/\/www.jimmy2.ch\/worldpress\/wp-content\/uploads\/2017\/03\/IMG_6941-1024x768.jpg 1024w\" sizes=\"auto, (max-width: 300px) 100vw, 300px\" \/><\/a><\/p>\n<p><a href=\"https:\/\/www.jimmy2.ch\/worldpress\/wp-content\/uploads\/2017\/03\/IMG_6943.jpg\"><img loading=\"lazy\" decoding=\"async\" class=\"size-medium wp-image-910 aligncenter\" src=\"https:\/\/www.jimmy2.ch\/worldpress\/wp-content\/uploads\/2017\/03\/IMG_6943-300x225.jpg\" alt=\"\" width=\"300\" height=\"225\" srcset=\"https:\/\/www.jimmy2.ch\/worldpress\/wp-content\/uploads\/2017\/03\/IMG_6943-300x225.jpg 300w, https:\/\/www.jimmy2.ch\/worldpress\/wp-content\/uploads\/2017\/03\/IMG_6943-768x576.jpg 768w, https:\/\/www.jimmy2.ch\/worldpress\/wp-content\/uploads\/2017\/03\/IMG_6943-1024x768.jpg 1024w\" sizes=\"auto, (max-width: 300px) 100vw, 300px\" \/><\/a><\/p>\n<p><a href=\"https:\/\/www.jimmy2.ch\/worldpress\/wp-content\/uploads\/2017\/03\/IMG_6944.jpg\"><img loading=\"lazy\" decoding=\"async\" class=\"size-medium wp-image-911 aligncenter\" src=\"https:\/\/www.jimmy2.ch\/worldpress\/wp-content\/uploads\/2017\/03\/IMG_6944-300x225.jpg\" alt=\"\" width=\"300\" height=\"225\" srcset=\"https:\/\/www.jimmy2.ch\/worldpress\/wp-content\/uploads\/2017\/03\/IMG_6944-300x225.jpg 300w, https:\/\/www.jimmy2.ch\/worldpress\/wp-content\/uploads\/2017\/03\/IMG_6944-768x576.jpg 768w, https:\/\/www.jimmy2.ch\/worldpress\/wp-content\/uploads\/2017\/03\/IMG_6944-1024x768.jpg 1024w\" sizes=\"auto, (max-width: 300px) 100vw, 300px\" \/><\/a><\/p>\n<p>Zum Schluss finden wir doch noch eine Eisdiele und bekommen ein wunderbar schmeckendes Eis. Dann geht es wieder zur\u00fcck \u2013 mit einem Abstecher in einen Supermercado. Zur\u00fcck auf dem Campeggio Il Pozzo werden die R\u00e4der aufgeladen und die St\u00fchle verstaut.<\/p>\n<p>Morgen m\u00fcssen wir das letzte St\u00fcck unserer Heimreise unter die R\u00e4der nehmen. Das Nachtessen f\u00e4llt klein aus. Den Rest des Abends verbringen wir wie gewohnt vor der Flimmerkiste oder im WWW.<\/p>\n","protected":false},"excerpt":{"rendered":"<p>Dienstag 7. M\u00e4rz 2017 San Lorenzo al Mare Es ist ein sonniger Tag aber wegen dem Wind frisch &nbsp; Heute sind wir fr\u00fch dran. Wir wollten ja eigentlich weiter Richtung Heimat. Aber wir f\u00fchlen uns wohl hier. Weiter als 70 &hellip; <a href=\"https:\/\/www.jimmy2.ch\/worldpress\/2017\/03\/07\/san-lorenzo-al-mare\/\">Continue reading <span class=\"meta-nav\">&rarr;<\/span><\/a><\/p>\n","protected":false},"author":1,"featured_media":0,"comment_status":"open","ping_status":"open","sticky":false,"template":"","format":"standard","meta":{"footnotes":""},"categories":[64],"tags":[96,503],"class_list":["post-891","post","type-post","status-publish","format-standard","hentry","category-italien","tag-italien","tag-san-lorenzo-al-mare"],"_links":{"self":[{"href":"https:\/\/www.jimmy2.ch\/worldpress\/wp-json\/wp\/v2\/posts\/891","targetHints":{"allow":["GET"]}}],"collection":[{"href":"https:\/\/www.jimmy2.ch\/worldpress\/wp-json\/wp\/v2\/posts"}],"about":[{"href":"https:\/\/www.jimmy2.ch\/worldpress\/wp-json\/wp\/v2\/types\/post"}],"author":[{"embeddable":true,"href":"https:\/\/www.jimmy2.ch\/worldpress\/wp-json\/wp\/v2\/users\/1"}],"replies":[{"embeddable":true,"href":"https:\/\/www.jimmy2.ch\/worldpress\/wp-json\/wp\/v2\/comments?post=891"}],"version-history":[{"count":3,"href":"https:\/\/www.jimmy2.ch\/worldpress\/wp-json\/wp\/v2\/posts\/891\/revisions"}],"predecessor-version":[{"id":7934,"href":"https:\/\/www.jimmy2.ch\/worldpress\/wp-json\/wp\/v2\/posts\/891\/revisions\/7934"}],"wp:attachment":[{"href":"https:\/\/www.jimmy2.ch\/worldpress\/wp-json\/wp\/v2\/media?parent=891"}],"wp:term":[{"taxonomy":"category","embeddable":true,"href":"https:\/\/www.jimmy2.ch\/worldpress\/wp-json\/wp\/v2\/categories?post=891"},{"taxonomy":"post_tag","embeddable":true,"href":"https:\/\/www.jimmy2.ch\/worldpress\/wp-json\/wp\/v2\/tags?post=891"}],"curies":[{"name":"wp","href":"https:\/\/api.w.org\/{rel}","templated":true}]}}