{"id":886,"date":"2017-03-05T23:26:21","date_gmt":"2017-03-05T22:26:21","guid":{"rendered":"http:\/\/www.jimmy2.ch\/worldpress\/?p=886"},"modified":"2020-10-05T15:50:07","modified_gmt":"2020-10-05T14:50:07","slug":"st-maxime","status":"publish","type":"post","link":"https:\/\/www.jimmy2.ch\/worldpress\/2017\/03\/05\/st-maxime\/","title":{"rendered":"St. Maxime"},"content":{"rendered":"<p style=\"text-align: center;\"><strong>Sonntag 5. M\u00e4rz 2017<\/strong><\/p>\n<p style=\"text-align: center;\">Cuges-les-Pins \u2013 St. Tropez &#8211; St. Maxime \/ 125 km<br \/>\nZuerst sah es nach einem sonnigen Tag aus \/ aber dann wurde es kalt und windig<\/p>\n<p>Als ich um halb neun mit Jimmy nach draussen gehe ist es gerade mal 3\u00b0C warm. In der Nacht wurde die 3. Gasflasche (die spanische die ich am Donnerstag den 23. Februar in Benicassim angeschlossen habe) leer. Dank der automatischen Umschaltung auf die Reserveflasche sp\u00fcrten wir davon nichts. Ich sehe es nur am Display. Seit wir gegen Norden reisen steigt der Gasverbrauch.<\/p>\n<p>Von den \u00fcber 1&#8217;000 L\u00e4ufern die uns gestern angek\u00fcndigt wurden ist weit und breit nichts zu sehen. Jedenfalls fast nichts. Auf der Strasse unten laufen sich einige warm. Aber ausser einer kleinen Gruppe Sch\u00fcler kraxelt niemand den Hang hinauf. Der eigentliche Lauf fand im Dorf unten statt.<\/p>\n<p>Das merken wir, als wir uns kurz vor 11 Uhr auf den Weg nach St. Tropez machen. Verkehrsdienst suboptimal. Ich muss r\u00fcckw\u00e4rts ein Strassenst\u00fcck hinauf fahren weil sich niemand f\u00fcr die Verkehrsregelung zust\u00e4ndig f\u00fchlt.<\/p>\n<p>Aus dem zu Beginn sonnigen Tag wird wieder das bekannte \u00abschlechte\u00bb Wetter. Bedeckt und windig.<\/p>\n<p>Um ein Uhr treffen wir in St. Tropez ein. Am Strassenrand Richtung Ramatuelle essen wir die Sandwiches die wir kurz zuvor in einer Boulangerie gekauft haben.<\/p>\n<p>Anschliessend stellen wir unser Gef\u00e4hrt auf den grossen Parkplatz und spazieren durch St. Tropez. Ich war \u00fcberzeugt, dass es um diese Jahreszeit viele Besucher habe w\u00fcrde. Weit gefehlt. Auf dem Parkplatz steht nur ein Wohnmobil. In den Gassen sind weniger Leute als im Dezember. Bei diesem Wetter wollen wir nicht f\u00fcr teures Geld auf dem Parkplatz \u00fcbernachten.<\/p>\n<p><a href=\"https:\/\/www.jimmy2.ch\/worldpress\/wp-content\/uploads\/2017\/03\/IMG_6920.jpg\"><img loading=\"lazy\" decoding=\"async\" class=\"size-medium wp-image-894 aligncenter\" src=\"https:\/\/www.jimmy2.ch\/worldpress\/wp-content\/uploads\/2017\/03\/IMG_6920-300x225.jpg\" alt=\"\" width=\"300\" height=\"225\" srcset=\"https:\/\/www.jimmy2.ch\/worldpress\/wp-content\/uploads\/2017\/03\/IMG_6920-300x225.jpg 300w, https:\/\/www.jimmy2.ch\/worldpress\/wp-content\/uploads\/2017\/03\/IMG_6920-768x576.jpg 768w, https:\/\/www.jimmy2.ch\/worldpress\/wp-content\/uploads\/2017\/03\/IMG_6920-1024x768.jpg 1024w\" sizes=\"auto, (max-width: 300px) 100vw, 300px\" \/><\/a><\/p>\n<p>So fahren wir nach St. Maxime auf den Stellplatz auf dem wir schon Ende Dezember 2016 gestanden sind. Was meinst Du, wie viele Wohnmobile stehen dort? frage ich Christa. So 2 \u2013 3 sagt sie. Ich sch\u00e4tze mal so gegen 15 St\u00fcck. Nun beginnt es zu regnen.<\/p>\n<p>Kurz vor vier kommen wir in St. Maxime an. Ich habe gewonnen. Es stehen schon zahlreiche Wohnmobile hier und laufend kommen neue dazu.<\/p>\n<p><a href=\"https:\/\/www.jimmy2.ch\/worldpress\/wp-content\/uploads\/2017\/03\/IMG_6921.jpg\"><img loading=\"lazy\" decoding=\"async\" class=\"size-medium wp-image-895 aligncenter\" src=\"https:\/\/www.jimmy2.ch\/worldpress\/wp-content\/uploads\/2017\/03\/IMG_6921-300x127.jpg\" alt=\"\" width=\"300\" height=\"127\" srcset=\"https:\/\/www.jimmy2.ch\/worldpress\/wp-content\/uploads\/2017\/03\/IMG_6921-300x127.jpg 300w, https:\/\/www.jimmy2.ch\/worldpress\/wp-content\/uploads\/2017\/03\/IMG_6921-768x326.jpg 768w, https:\/\/www.jimmy2.ch\/worldpress\/wp-content\/uploads\/2017\/03\/IMG_6921-1024x435.jpg 1024w\" sizes=\"auto, (max-width: 300px) 100vw, 300px\" \/><\/a><\/p>\n<p>Zwar hat der Regen wieder aufgeh\u00f6rt. F\u00fcr eine Radfahrt nach St. Maxime hinunter ist das Wetter aber zu schlecht. So machen wir eine Siesta.<\/p>\n<p>Zum Z\u2019Nacht hole ich im McDonalds vis \u00e0 vis einen Cheeseburger und Frites. Dazu wird das Essen von gestern Abend in der Bratpfanne aufgew\u00e4rmt. Schmeckt wunderbar.<\/p>\n<p>Dann schauen wir den Schweizer Tatort. Ganz schwache Leistung muss ich sagen. Kein Drive. Und dann noch das Techtel-Mechtel von Kommissar Fl\u00fcckiger. Haben wir keine anderen \u00abProbleme\u00bb in der Schweiz?<\/p>\n<p>Da ist Kitchen Impossible mit Tim M\u00e4lzer viel spannender.<\/p>\n","protected":false},"excerpt":{"rendered":"<p>Sonntag 5. M\u00e4rz 2017 Cuges-les-Pins \u2013 St. Tropez &#8211; St. Maxime \/ 125 km Zuerst sah es nach einem sonnigen Tag aus \/ aber dann wurde es kalt und windig Als ich um halb neun mit Jimmy nach draussen gehe &hellip; <a href=\"https:\/\/www.jimmy2.ch\/worldpress\/2017\/03\/05\/st-maxime\/\">Continue reading <span class=\"meta-nav\">&rarr;<\/span><\/a><\/p>\n","protected":false},"author":1,"featured_media":0,"comment_status":"open","ping_status":"open","sticky":false,"template":"","format":"standard","meta":{"footnotes":""},"categories":[69],"tags":[94,119,118],"class_list":["post-886","post","type-post","status-publish","format-standard","hentry","category-frankreich","tag-frankreich","tag-st-maxime","tag-st-tropez"],"_links":{"self":[{"href":"https:\/\/www.jimmy2.ch\/worldpress\/wp-json\/wp\/v2\/posts\/886","targetHints":{"allow":["GET"]}}],"collection":[{"href":"https:\/\/www.jimmy2.ch\/worldpress\/wp-json\/wp\/v2\/posts"}],"about":[{"href":"https:\/\/www.jimmy2.ch\/worldpress\/wp-json\/wp\/v2\/types\/post"}],"author":[{"embeddable":true,"href":"https:\/\/www.jimmy2.ch\/worldpress\/wp-json\/wp\/v2\/users\/1"}],"replies":[{"embeddable":true,"href":"https:\/\/www.jimmy2.ch\/worldpress\/wp-json\/wp\/v2\/comments?post=886"}],"version-history":[{"count":3,"href":"https:\/\/www.jimmy2.ch\/worldpress\/wp-json\/wp\/v2\/posts\/886\/revisions"}],"predecessor-version":[{"id":7935,"href":"https:\/\/www.jimmy2.ch\/worldpress\/wp-json\/wp\/v2\/posts\/886\/revisions\/7935"}],"wp:attachment":[{"href":"https:\/\/www.jimmy2.ch\/worldpress\/wp-json\/wp\/v2\/media?parent=886"}],"wp:term":[{"taxonomy":"category","embeddable":true,"href":"https:\/\/www.jimmy2.ch\/worldpress\/wp-json\/wp\/v2\/categories?post=886"},{"taxonomy":"post_tag","embeddable":true,"href":"https:\/\/www.jimmy2.ch\/worldpress\/wp-json\/wp\/v2\/tags?post=886"}],"curies":[{"name":"wp","href":"https:\/\/api.w.org\/{rel}","templated":true}]}}