{"id":8835,"date":"2019-10-07T19:45:00","date_gmt":"2019-10-07T18:45:00","guid":{"rendered":"http:\/\/www.jimmy2.ch\/worldpress\/?p=8835"},"modified":"2022-06-24T21:10:08","modified_gmt":"2022-06-24T19:10:08","slug":"lithium-ionen-batterien","status":"publish","type":"post","link":"https:\/\/www.jimmy2.ch\/worldpress\/2019\/10\/07\/lithium-ionen-batterien\/","title":{"rendered":"Lithium &#8211; Ionen &#8211; Batterien"},"content":{"rendered":"\n<p>Montag 7. Oktober 2019<br><br>Die 2 x 80 Ah Gel Batterien die in unserem Wohnmobil verbaut sind reichen im Sommer bzw. wenn die Sonne scheint und in einen g\u00fcnstigen Winkel zu unseren Solarpanels steht in der Regel aus. Sie sind schnell aufgeladen &#8211; sie entladen sich aber auch wieder schnell.<\/p>\n\n\n\n<p><\/p>\n\n\n\n<p>So habe ich mich nach reiflichem \u00dcberlegen entscheiden einen gr\u00f6ssere Investition in 2 x 100 Ah Lithium &#8211; Ionen -Batterien zu machen. \u00dcber <a rel=\"noreferrer noopener\" href=\"https:\/\/www.womoblog.ch\/\" target=\"_blank\">womoblog.ch<\/a> habe ich erfahren, dass <a rel=\"noreferrer noopener\" href=\"https:\/\/autosolar.ch\/\" target=\"_blank\">autosolar.ch<\/a> in Oetwil am See solche Batterien zu einem guten Preis anbietet. <br><br>Letzte Woche habe ich 2 St\u00fcck gekauft und nun wollen diese installiert werden. In der Theorie einfach &#8211; aber praktisch dann doch nicht. <\/p>\n\n\n\n<figure class=\"wp-block-image size-large\"><img loading=\"lazy\" decoding=\"async\" width=\"1024\" height=\"768\" src=\"https:\/\/www.jimmy2.ch\/worldpress\/wp-content\/uploads\/2022\/06\/IMG_E9886-1024x768.jpg\" alt=\"\" class=\"wp-image-16682\" srcset=\"https:\/\/www.jimmy2.ch\/worldpress\/wp-content\/uploads\/2022\/06\/IMG_E9886-1024x768.jpg 1024w, https:\/\/www.jimmy2.ch\/worldpress\/wp-content\/uploads\/2022\/06\/IMG_E9886-300x225.jpg 300w, https:\/\/www.jimmy2.ch\/worldpress\/wp-content\/uploads\/2022\/06\/IMG_E9886-768x576.jpg 768w, https:\/\/www.jimmy2.ch\/worldpress\/wp-content\/uploads\/2022\/06\/IMG_E9886-1536x1152.jpg 1536w, https:\/\/www.jimmy2.ch\/worldpress\/wp-content\/uploads\/2022\/06\/IMG_E9886-2048x1536.jpg 2048w\" sizes=\"auto, (max-width: 1024px) 100vw, 1024px\" \/><\/figure>\n\n\n\n<p>Da wir n\u00e4chstes Wochenende nach \u00dcberlingen wollen mache ich erst einmal ein Provisorium.<\/p>\n\n\n<div class=\"wp-block-image\">\n<figure class=\"aligncenter size-large\"><img loading=\"lazy\" decoding=\"async\" width=\"768\" height=\"1024\" src=\"https:\/\/www.jimmy2.ch\/worldpress\/wp-content\/uploads\/2019\/10\/IMG_9892-768x1024.jpg\" alt=\"\" class=\"wp-image-16683\" srcset=\"https:\/\/www.jimmy2.ch\/worldpress\/wp-content\/uploads\/2019\/10\/IMG_9892-768x1024.jpg 768w, https:\/\/www.jimmy2.ch\/worldpress\/wp-content\/uploads\/2019\/10\/IMG_9892-225x300.jpg 225w, https:\/\/www.jimmy2.ch\/worldpress\/wp-content\/uploads\/2019\/10\/IMG_9892-1152x1536.jpg 1152w, https:\/\/www.jimmy2.ch\/worldpress\/wp-content\/uploads\/2019\/10\/IMG_9892-1536x2048.jpg 1536w, https:\/\/www.jimmy2.ch\/worldpress\/wp-content\/uploads\/2019\/10\/IMG_9892-scaled.jpg 1920w\" sizes=\"auto, (max-width: 768px) 100vw, 768px\" \/><\/figure><\/div>\n\n<div class=\"wp-block-image\">\n<figure class=\"aligncenter size-large\"><img loading=\"lazy\" decoding=\"async\" width=\"768\" height=\"1024\" src=\"https:\/\/www.jimmy2.ch\/worldpress\/wp-content\/uploads\/2022\/06\/IMG_9894-768x1024.jpg\" alt=\"\" class=\"wp-image-16684\" srcset=\"https:\/\/www.jimmy2.ch\/worldpress\/wp-content\/uploads\/2022\/06\/IMG_9894-768x1024.jpg 768w, https:\/\/www.jimmy2.ch\/worldpress\/wp-content\/uploads\/2022\/06\/IMG_9894-225x300.jpg 225w, https:\/\/www.jimmy2.ch\/worldpress\/wp-content\/uploads\/2022\/06\/IMG_9894-1152x1536.jpg 1152w, https:\/\/www.jimmy2.ch\/worldpress\/wp-content\/uploads\/2022\/06\/IMG_9894-1536x2048.jpg 1536w, https:\/\/www.jimmy2.ch\/worldpress\/wp-content\/uploads\/2022\/06\/IMG_9894-scaled.jpg 1920w\" sizes=\"auto, (max-width: 768px) 100vw, 768px\" \/><\/figure><\/div>\n\n\n<p><\/p>\n\n\n\n<p><br><\/p>\n","protected":false},"excerpt":{"rendered":"<p>Montag 7. Oktober 2019 Die 2 x 80 Ah Gel Batterien die in unserem Wohnmobil verbaut sind reichen im Sommer bzw. wenn die Sonne scheint und in einen g\u00fcnstigen Winkel zu unseren Solarpanels steht in der Regel aus. Sie sind &hellip; <a href=\"https:\/\/www.jimmy2.ch\/worldpress\/2019\/10\/07\/lithium-ionen-batterien\/\">Continue reading <span class=\"meta-nav\">&rarr;<\/span><\/a><\/p>\n","protected":false},"author":1,"featured_media":0,"comment_status":"open","ping_status":"open","sticky":false,"template":"","format":"standard","meta":{"footnotes":""},"categories":[72],"tags":[545],"class_list":["post-8835","post","type-post","status-publish","format-standard","hentry","category-schweiz","tag-lithium-ionen-batterien"],"_links":{"self":[{"href":"https:\/\/www.jimmy2.ch\/worldpress\/wp-json\/wp\/v2\/posts\/8835","targetHints":{"allow":["GET"]}}],"collection":[{"href":"https:\/\/www.jimmy2.ch\/worldpress\/wp-json\/wp\/v2\/posts"}],"about":[{"href":"https:\/\/www.jimmy2.ch\/worldpress\/wp-json\/wp\/v2\/types\/post"}],"author":[{"embeddable":true,"href":"https:\/\/www.jimmy2.ch\/worldpress\/wp-json\/wp\/v2\/users\/1"}],"replies":[{"embeddable":true,"href":"https:\/\/www.jimmy2.ch\/worldpress\/wp-json\/wp\/v2\/comments?post=8835"}],"version-history":[{"count":5,"href":"https:\/\/www.jimmy2.ch\/worldpress\/wp-json\/wp\/v2\/posts\/8835\/revisions"}],"predecessor-version":[{"id":16685,"href":"https:\/\/www.jimmy2.ch\/worldpress\/wp-json\/wp\/v2\/posts\/8835\/revisions\/16685"}],"wp:attachment":[{"href":"https:\/\/www.jimmy2.ch\/worldpress\/wp-json\/wp\/v2\/media?parent=8835"}],"wp:term":[{"taxonomy":"category","embeddable":true,"href":"https:\/\/www.jimmy2.ch\/worldpress\/wp-json\/wp\/v2\/categories?post=8835"},{"taxonomy":"post_tag","embeddable":true,"href":"https:\/\/www.jimmy2.ch\/worldpress\/wp-json\/wp\/v2\/tags?post=8835"}],"curies":[{"name":"wp","href":"https:\/\/api.w.org\/{rel}","templated":true}]}}