{"id":8829,"date":"2021-02-15T21:13:36","date_gmt":"2021-02-15T20:13:36","guid":{"rendered":"http:\/\/www.jimmy2.ch\/worldpress\/?p=8829"},"modified":"2021-02-15T21:13:36","modified_gmt":"2021-02-15T20:13:36","slug":"san-javier-tag-33","status":"publish","type":"post","link":"https:\/\/www.jimmy2.ch\/worldpress\/2021\/02\/15\/san-javier-tag-33\/","title":{"rendered":"San Javier Tag 33"},"content":{"rendered":"\n<p>Montag 15. Februar 2021<br>Reise: San Javier  Tag 33<br>Unterwegs: mit dem Roller ins Dos Mares<br>Standort: Camperpark La Ribera San Javier<br><br>Wetter: 12\u00b0 \/ 18\u00b0 \/ 10\u00b0  Sonne, Wolken<br><br>Der Tag beginnt mit Wolken. Die Sonne hat es heute schwerer als auch schon. Im Wohnmobil ist es frisch. Die Heizung kommt kurz zum Einsatz.<br><br>Mit dem Roller fahren wir wieder einmal in&#8217;s Dos Mares in den Carrefour. <br><br>Es ist frischer geworden. Aber die Sonne scheint und der Wind hat aufgeh\u00f6rt. So k\u00f6nnen wir draussen an der Sonne sitzen, lesen und einen kleinen Imbiss geniessen.<\/p>\n\n\n\n<figure class=\"wp-block-image size-large\"><img loading=\"lazy\" decoding=\"async\" width=\"1024\" height=\"768\" src=\"https:\/\/www.jimmy2.ch\/worldpress\/wp-content\/uploads\/2021\/02\/31CE5366-F429-4AF1-A352-F1716F000EEB-1024x768.jpeg\" alt=\"\" class=\"wp-image-8831\" srcset=\"https:\/\/www.jimmy2.ch\/worldpress\/wp-content\/uploads\/2021\/02\/31CE5366-F429-4AF1-A352-F1716F000EEB-1024x768.jpeg 1024w, https:\/\/www.jimmy2.ch\/worldpress\/wp-content\/uploads\/2021\/02\/31CE5366-F429-4AF1-A352-F1716F000EEB-300x225.jpeg 300w, https:\/\/www.jimmy2.ch\/worldpress\/wp-content\/uploads\/2021\/02\/31CE5366-F429-4AF1-A352-F1716F000EEB-768x576.jpeg 768w, https:\/\/www.jimmy2.ch\/worldpress\/wp-content\/uploads\/2021\/02\/31CE5366-F429-4AF1-A352-F1716F000EEB-1536x1152.jpeg 1536w, https:\/\/www.jimmy2.ch\/worldpress\/wp-content\/uploads\/2021\/02\/31CE5366-F429-4AF1-A352-F1716F000EEB-2048x1536.jpeg 2048w\" sizes=\"auto, (max-width: 1024px) 100vw, 1024px\" \/><\/figure>\n\n\n\n<figure class=\"wp-block-image size-large\"><img loading=\"lazy\" decoding=\"async\" width=\"1024\" height=\"768\" src=\"https:\/\/www.jimmy2.ch\/worldpress\/wp-content\/uploads\/2021\/02\/7E9E055E-334A-4FFD-87E4-619AC14F3F97-1024x768.jpeg\" alt=\"\" class=\"wp-image-8830\" srcset=\"https:\/\/www.jimmy2.ch\/worldpress\/wp-content\/uploads\/2021\/02\/7E9E055E-334A-4FFD-87E4-619AC14F3F97-1024x768.jpeg 1024w, https:\/\/www.jimmy2.ch\/worldpress\/wp-content\/uploads\/2021\/02\/7E9E055E-334A-4FFD-87E4-619AC14F3F97-300x225.jpeg 300w, https:\/\/www.jimmy2.ch\/worldpress\/wp-content\/uploads\/2021\/02\/7E9E055E-334A-4FFD-87E4-619AC14F3F97-768x576.jpeg 768w, https:\/\/www.jimmy2.ch\/worldpress\/wp-content\/uploads\/2021\/02\/7E9E055E-334A-4FFD-87E4-619AC14F3F97-1536x1152.jpeg 1536w, https:\/\/www.jimmy2.ch\/worldpress\/wp-content\/uploads\/2021\/02\/7E9E055E-334A-4FFD-87E4-619AC14F3F97.jpeg 1961w\" sizes=\"auto, (max-width: 1024px) 100vw, 1024px\" \/><\/figure>\n\n\n\n<p>Auf dem Nachbargrundst\u00fcck fliegen einige Papageien umher.<\/p>\n\n\n\n<p><br><br>Dann sehe ich bei nachrichten.es noch diese \u201eEilmeldung\u201c: <\/p>\n\n\n\n<figure class=\"wp-block-image size-large\"><img loading=\"lazy\" decoding=\"async\" width=\"576\" height=\"1024\" src=\"https:\/\/www.jimmy2.ch\/worldpress\/wp-content\/uploads\/2021\/02\/F28821FB-87DC-4100-8A3C-8949D5015B68-576x1024.png\" alt=\"\" class=\"wp-image-8833\" srcset=\"https:\/\/www.jimmy2.ch\/worldpress\/wp-content\/uploads\/2021\/02\/F28821FB-87DC-4100-8A3C-8949D5015B68-576x1024.png 576w, https:\/\/www.jimmy2.ch\/worldpress\/wp-content\/uploads\/2021\/02\/F28821FB-87DC-4100-8A3C-8949D5015B68-169x300.png 169w, https:\/\/www.jimmy2.ch\/worldpress\/wp-content\/uploads\/2021\/02\/F28821FB-87DC-4100-8A3C-8949D5015B68-768x1365.png 768w, https:\/\/www.jimmy2.ch\/worldpress\/wp-content\/uploads\/2021\/02\/F28821FB-87DC-4100-8A3C-8949D5015B68-864x1536.png 864w, https:\/\/www.jimmy2.ch\/worldpress\/wp-content\/uploads\/2021\/02\/F28821FB-87DC-4100-8A3C-8949D5015B68-1152x2048.png 1152w, https:\/\/www.jimmy2.ch\/worldpress\/wp-content\/uploads\/2021\/02\/F28821FB-87DC-4100-8A3C-8949D5015B68.png 1242w\" sizes=\"auto, (max-width: 576px) 100vw, 576px\" \/><\/figure>\n\n\n\n<figure class=\"wp-block-image size-large\"><img loading=\"lazy\" decoding=\"async\" width=\"576\" height=\"1024\" src=\"https:\/\/www.jimmy2.ch\/worldpress\/wp-content\/uploads\/2021\/02\/61E99E16-C698-4512-9D1C-E574C8C1C98A-576x1024.png\" alt=\"\" class=\"wp-image-8832\" srcset=\"https:\/\/www.jimmy2.ch\/worldpress\/wp-content\/uploads\/2021\/02\/61E99E16-C698-4512-9D1C-E574C8C1C98A-576x1024.png 576w, https:\/\/www.jimmy2.ch\/worldpress\/wp-content\/uploads\/2021\/02\/61E99E16-C698-4512-9D1C-E574C8C1C98A-169x300.png 169w, https:\/\/www.jimmy2.ch\/worldpress\/wp-content\/uploads\/2021\/02\/61E99E16-C698-4512-9D1C-E574C8C1C98A-768x1365.png 768w, https:\/\/www.jimmy2.ch\/worldpress\/wp-content\/uploads\/2021\/02\/61E99E16-C698-4512-9D1C-E574C8C1C98A-864x1536.png 864w, https:\/\/www.jimmy2.ch\/worldpress\/wp-content\/uploads\/2021\/02\/61E99E16-C698-4512-9D1C-E574C8C1C98A-1152x2048.png 1152w, https:\/\/www.jimmy2.ch\/worldpress\/wp-content\/uploads\/2021\/02\/61E99E16-C698-4512-9D1C-E574C8C1C98A.png 1242w\" sizes=\"auto, (max-width: 576px) 100vw, 576px\" \/><\/figure>\n\n\n\n<p><br><br>Eine gute Nachricht f\u00fcr uns. Nun k\u00f6nnen die Restaurants und Bars wieder \u00f6ffnen und wir unseren Caf\u00e9 con leche im Sitzen geniessen. Und wir k\u00f6nnen uns in der Region Murcia ohne schlechtes Gewissen bewegen.<br><br><br><br><br><\/p>\n","protected":false},"excerpt":{"rendered":"<p>Montag 15. Februar 2021Reise: San Javier Tag 33Unterwegs: mit dem Roller ins Dos MaresStandort: Camperpark La Ribera San Javier Wetter: 12\u00b0 \/ 18\u00b0 \/ 10\u00b0 Sonne, Wolken Der Tag beginnt mit Wolken. Die Sonne hat es heute schwerer als auch &hellip; <a href=\"https:\/\/www.jimmy2.ch\/worldpress\/2021\/02\/15\/san-javier-tag-33\/\">Continue reading <span class=\"meta-nav\">&rarr;<\/span><\/a><\/p>\n","protected":false},"author":1,"featured_media":0,"comment_status":"open","ping_status":"open","sticky":false,"template":"","format":"standard","meta":{"footnotes":""},"categories":[62],"tags":[537,540,408,101],"class_list":["post-8829","post","type-post","status-publish","format-standard","hentry","category-spanien","tag-camperpark-la-ribera","tag-dos-mares","tag-san-javier","tag-spanien"],"_links":{"self":[{"href":"https:\/\/www.jimmy2.ch\/worldpress\/wp-json\/wp\/v2\/posts\/8829","targetHints":{"allow":["GET"]}}],"collection":[{"href":"https:\/\/www.jimmy2.ch\/worldpress\/wp-json\/wp\/v2\/posts"}],"about":[{"href":"https:\/\/www.jimmy2.ch\/worldpress\/wp-json\/wp\/v2\/types\/post"}],"author":[{"embeddable":true,"href":"https:\/\/www.jimmy2.ch\/worldpress\/wp-json\/wp\/v2\/users\/1"}],"replies":[{"embeddable":true,"href":"https:\/\/www.jimmy2.ch\/worldpress\/wp-json\/wp\/v2\/comments?post=8829"}],"version-history":[{"count":4,"href":"https:\/\/www.jimmy2.ch\/worldpress\/wp-json\/wp\/v2\/posts\/8829\/revisions"}],"predecessor-version":[{"id":8839,"href":"https:\/\/www.jimmy2.ch\/worldpress\/wp-json\/wp\/v2\/posts\/8829\/revisions\/8839"}],"wp:attachment":[{"href":"https:\/\/www.jimmy2.ch\/worldpress\/wp-json\/wp\/v2\/media?parent=8829"}],"wp:term":[{"taxonomy":"category","embeddable":true,"href":"https:\/\/www.jimmy2.ch\/worldpress\/wp-json\/wp\/v2\/categories?post=8829"},{"taxonomy":"post_tag","embeddable":true,"href":"https:\/\/www.jimmy2.ch\/worldpress\/wp-json\/wp\/v2\/tags?post=8829"}],"curies":[{"name":"wp","href":"https:\/\/api.w.org\/{rel}","templated":true}]}}