{"id":8813,"date":"2021-02-14T21:36:00","date_gmt":"2021-02-14T20:36:00","guid":{"rendered":"http:\/\/www.jimmy2.ch\/worldpress\/?p=8813"},"modified":"2021-02-15T21:03:14","modified_gmt":"2021-02-15T20:03:14","slug":"san-javier-tag-32-valentins-tag","status":"publish","type":"post","link":"https:\/\/www.jimmy2.ch\/worldpress\/2021\/02\/14\/san-javier-tag-32-valentins-tag\/","title":{"rendered":"San Javier Tag 32 Valentin&#8217;s Tag"},"content":{"rendered":"\n<p>Sonntag 14. Februar 2021<br>Reise: San Javier  Tag 32<br>Unterwegs:  zu Fuss ans Mar Menor <br>Standort: Camperpark La Ribera San Javier<br><br>Wetter: 10\u00b0 \/  18\u00b0 \/  13\u00b0 zu Beginn Wolken und frisch, etwas Sonne, windig <br><br>Wir sind etwas fr\u00fcher auf. Es ist frisch. Draussen wie drinnen. Die Sonne k\u00e4mpft sich durch. Hat aber M\u00fche. Immer wieder Wolken und ein frischer Wind. <br><br>Unser Sonntags-Spaziergang f\u00fchrt &#8230;&#8230;. richtig geraten &#8230;. an die Promenade vom Mar Menor. Hier ist der Wind noch st\u00e4rker. So geht es nach einem Caf\u00e9 con leche und einem Donut wieder zur\u00fcck. Auch hier hat die Sonne M\u00fche. Der Wind macht es draussen ungem\u00fctlich. <br><br>Gegen Abend zaubert Christa ein super Valentin\u2019s  Essen. <br>Ich \u00fcbernehme nat\u00fcrlich den Abwasch.<br><\/p>\n","protected":false},"excerpt":{"rendered":"<p>Sonntag 14. Februar 2021Reise: San Javier Tag 32Unterwegs: zu Fuss ans Mar Menor Standort: Camperpark La Ribera San Javier Wetter: 10\u00b0 \/ 18\u00b0 \/ 13\u00b0 zu Beginn Wolken und frisch, etwas Sonne, windig Wir sind etwas fr\u00fcher auf. Es ist &hellip; <a href=\"https:\/\/www.jimmy2.ch\/worldpress\/2021\/02\/14\/san-javier-tag-32-valentins-tag\/\">Continue reading <span class=\"meta-nav\">&rarr;<\/span><\/a><\/p>\n","protected":false},"author":1,"featured_media":0,"comment_status":"open","ping_status":"open","sticky":false,"template":"","format":"standard","meta":{"footnotes":""},"categories":[62],"tags":[537,198,408,101],"class_list":["post-8813","post","type-post","status-publish","format-standard","hentry","category-spanien","tag-camperpark-la-ribera","tag-mar-menor","tag-san-javier","tag-spanien"],"_links":{"self":[{"href":"https:\/\/www.jimmy2.ch\/worldpress\/wp-json\/wp\/v2\/posts\/8813","targetHints":{"allow":["GET"]}}],"collection":[{"href":"https:\/\/www.jimmy2.ch\/worldpress\/wp-json\/wp\/v2\/posts"}],"about":[{"href":"https:\/\/www.jimmy2.ch\/worldpress\/wp-json\/wp\/v2\/types\/post"}],"author":[{"embeddable":true,"href":"https:\/\/www.jimmy2.ch\/worldpress\/wp-json\/wp\/v2\/users\/1"}],"replies":[{"embeddable":true,"href":"https:\/\/www.jimmy2.ch\/worldpress\/wp-json\/wp\/v2\/comments?post=8813"}],"version-history":[{"count":2,"href":"https:\/\/www.jimmy2.ch\/worldpress\/wp-json\/wp\/v2\/posts\/8813\/revisions"}],"predecessor-version":[{"id":8836,"href":"https:\/\/www.jimmy2.ch\/worldpress\/wp-json\/wp\/v2\/posts\/8813\/revisions\/8836"}],"wp:attachment":[{"href":"https:\/\/www.jimmy2.ch\/worldpress\/wp-json\/wp\/v2\/media?parent=8813"}],"wp:term":[{"taxonomy":"category","embeddable":true,"href":"https:\/\/www.jimmy2.ch\/worldpress\/wp-json\/wp\/v2\/categories?post=8813"},{"taxonomy":"post_tag","embeddable":true,"href":"https:\/\/www.jimmy2.ch\/worldpress\/wp-json\/wp\/v2\/tags?post=8813"}],"curies":[{"name":"wp","href":"https:\/\/api.w.org\/{rel}","templated":true}]}}