{"id":8806,"date":"2021-02-13T22:34:00","date_gmt":"2021-02-13T21:34:00","guid":{"rendered":"http:\/\/www.jimmy2.ch\/worldpress\/?p=8806"},"modified":"2021-02-14T19:57:55","modified_gmt":"2021-02-14T18:57:55","slug":"san-javier-tag-31","status":"publish","type":"post","link":"https:\/\/www.jimmy2.ch\/worldpress\/2021\/02\/13\/san-javier-tag-31\/","title":{"rendered":"San Javier Tag 31"},"content":{"rendered":"\n<p>Samstag 13. Februar 2021<br>Reise: San Javier  Tag 31<br>Unterwegs:  mit dem Roller unterwegs <br>Standort: Camperpark La Ribera San Javier<br><br>Wetter: 15\u00b0 \/ 22\u00b0 \/ 10\u00b0 Sonne, blauer Himmel, traumhaft <br><br>In der Nacht wird das Wohnmobil durch starke Windb\u00f6en mehrmals kr\u00e4ftig durchgesch\u00fcttelt. Davon ist am Morgen nichts mehr zu sp\u00fcren. <\/p>\n\n\n\n<p>Blauer Himmel. Sonne. Wenig Wolken. Was will man mehr. Vor dem Fr\u00fchst\u00fcck noch schnell einkaufen. <br><br>Bei diesem sch\u00f6nen Wetter wollen wir das Meer sehen. Mit dem Roller fahren wir ins etwa 14 km entfernte Torre de la Hordada. <\/p>\n\n\n\n<figure class=\"wp-block-image size-large\"><img loading=\"lazy\" decoding=\"async\" width=\"1024\" height=\"768\" src=\"https:\/\/www.jimmy2.ch\/worldpress\/wp-content\/uploads\/2021\/02\/0E1DAB5A-4971-4184-AAC7-0C1DFC0B8CA4-1024x768.jpeg\" alt=\"\" class=\"wp-image-8814\" srcset=\"https:\/\/www.jimmy2.ch\/worldpress\/wp-content\/uploads\/2021\/02\/0E1DAB5A-4971-4184-AAC7-0C1DFC0B8CA4-1024x768.jpeg 1024w, https:\/\/www.jimmy2.ch\/worldpress\/wp-content\/uploads\/2021\/02\/0E1DAB5A-4971-4184-AAC7-0C1DFC0B8CA4-300x225.jpeg 300w, https:\/\/www.jimmy2.ch\/worldpress\/wp-content\/uploads\/2021\/02\/0E1DAB5A-4971-4184-AAC7-0C1DFC0B8CA4-768x576.jpeg 768w, https:\/\/www.jimmy2.ch\/worldpress\/wp-content\/uploads\/2021\/02\/0E1DAB5A-4971-4184-AAC7-0C1DFC0B8CA4-1536x1152.jpeg 1536w, https:\/\/www.jimmy2.ch\/worldpress\/wp-content\/uploads\/2021\/02\/0E1DAB5A-4971-4184-AAC7-0C1DFC0B8CA4-2048x1536.jpeg 2048w\" sizes=\"auto, (max-width: 1024px) 100vw, 1024px\" \/><\/figure>\n\n\n\n<figure class=\"wp-block-image size-large\"><img loading=\"lazy\" decoding=\"async\" width=\"1024\" height=\"768\" src=\"https:\/\/www.jimmy2.ch\/worldpress\/wp-content\/uploads\/2021\/02\/A573DCC3-F422-49B5-B330-CB3B3BE37F99-1024x768.jpeg\" alt=\"\" class=\"wp-image-8816\" srcset=\"https:\/\/www.jimmy2.ch\/worldpress\/wp-content\/uploads\/2021\/02\/A573DCC3-F422-49B5-B330-CB3B3BE37F99-1024x768.jpeg 1024w, https:\/\/www.jimmy2.ch\/worldpress\/wp-content\/uploads\/2021\/02\/A573DCC3-F422-49B5-B330-CB3B3BE37F99-300x225.jpeg 300w, https:\/\/www.jimmy2.ch\/worldpress\/wp-content\/uploads\/2021\/02\/A573DCC3-F422-49B5-B330-CB3B3BE37F99-768x576.jpeg 768w, https:\/\/www.jimmy2.ch\/worldpress\/wp-content\/uploads\/2021\/02\/A573DCC3-F422-49B5-B330-CB3B3BE37F99-1536x1152.jpeg 1536w, https:\/\/www.jimmy2.ch\/worldpress\/wp-content\/uploads\/2021\/02\/A573DCC3-F422-49B5-B330-CB3B3BE37F99-2048x1536.jpeg 2048w\" sizes=\"auto, (max-width: 1024px) 100vw, 1024px\" \/><\/figure>\n\n\n\n<figure class=\"wp-block-image size-large\"><img loading=\"lazy\" decoding=\"async\" width=\"1024\" height=\"466\" src=\"https:\/\/www.jimmy2.ch\/worldpress\/wp-content\/uploads\/2021\/02\/1E7EF73E-F12E-49BC-B5BD-30D2E94D4E79_1_201_a-1024x466.jpeg\" alt=\"\" class=\"wp-image-8817\" srcset=\"https:\/\/www.jimmy2.ch\/worldpress\/wp-content\/uploads\/2021\/02\/1E7EF73E-F12E-49BC-B5BD-30D2E94D4E79_1_201_a-1024x466.jpeg 1024w, https:\/\/www.jimmy2.ch\/worldpress\/wp-content\/uploads\/2021\/02\/1E7EF73E-F12E-49BC-B5BD-30D2E94D4E79_1_201_a-300x137.jpeg 300w, https:\/\/www.jimmy2.ch\/worldpress\/wp-content\/uploads\/2021\/02\/1E7EF73E-F12E-49BC-B5BD-30D2E94D4E79_1_201_a-768x350.jpeg 768w, https:\/\/www.jimmy2.ch\/worldpress\/wp-content\/uploads\/2021\/02\/1E7EF73E-F12E-49BC-B5BD-30D2E94D4E79_1_201_a-1536x700.jpeg 1536w, https:\/\/www.jimmy2.ch\/worldpress\/wp-content\/uploads\/2021\/02\/1E7EF73E-F12E-49BC-B5BD-30D2E94D4E79_1_201_a-2048x933.jpeg 2048w\" sizes=\"auto, (max-width: 1024px) 100vw, 1024px\" \/><\/figure>\n\n\n\n<figure class=\"wp-block-image size-large\"><img loading=\"lazy\" decoding=\"async\" width=\"1024\" height=\"768\" src=\"https:\/\/www.jimmy2.ch\/worldpress\/wp-content\/uploads\/2021\/02\/06099B1D-00F0-4841-B6A8-20CD3ADD986E_1_201_a-1024x768.jpeg\" alt=\"\" class=\"wp-image-8818\" srcset=\"https:\/\/www.jimmy2.ch\/worldpress\/wp-content\/uploads\/2021\/02\/06099B1D-00F0-4841-B6A8-20CD3ADD986E_1_201_a-1024x768.jpeg 1024w, https:\/\/www.jimmy2.ch\/worldpress\/wp-content\/uploads\/2021\/02\/06099B1D-00F0-4841-B6A8-20CD3ADD986E_1_201_a-300x225.jpeg 300w, https:\/\/www.jimmy2.ch\/worldpress\/wp-content\/uploads\/2021\/02\/06099B1D-00F0-4841-B6A8-20CD3ADD986E_1_201_a-768x576.jpeg 768w, https:\/\/www.jimmy2.ch\/worldpress\/wp-content\/uploads\/2021\/02\/06099B1D-00F0-4841-B6A8-20CD3ADD986E_1_201_a-1536x1152.jpeg 1536w, https:\/\/www.jimmy2.ch\/worldpress\/wp-content\/uploads\/2021\/02\/06099B1D-00F0-4841-B6A8-20CD3ADD986E_1_201_a-2048x1536.jpeg 2048w\" sizes=\"auto, (max-width: 1024px) 100vw, 1024px\" \/><\/figure>\n\n\n\n<p>So kann es gehen, wenn man zu Nahe am Meer steht \/ baut.<\/p>\n\n\n\n<figure class=\"wp-block-image size-large\"><img loading=\"lazy\" decoding=\"async\" width=\"1024\" height=\"716\" src=\"https:\/\/www.jimmy2.ch\/worldpress\/wp-content\/uploads\/2021\/02\/BE12B288-12F0-42A8-A78A-040A0A666E23_1_201_a-1024x716.jpeg\" alt=\"\" class=\"wp-image-8819\" srcset=\"https:\/\/www.jimmy2.ch\/worldpress\/wp-content\/uploads\/2021\/02\/BE12B288-12F0-42A8-A78A-040A0A666E23_1_201_a-1024x716.jpeg 1024w, https:\/\/www.jimmy2.ch\/worldpress\/wp-content\/uploads\/2021\/02\/BE12B288-12F0-42A8-A78A-040A0A666E23_1_201_a-300x210.jpeg 300w, https:\/\/www.jimmy2.ch\/worldpress\/wp-content\/uploads\/2021\/02\/BE12B288-12F0-42A8-A78A-040A0A666E23_1_201_a-768x537.jpeg 768w, https:\/\/www.jimmy2.ch\/worldpress\/wp-content\/uploads\/2021\/02\/BE12B288-12F0-42A8-A78A-040A0A666E23_1_201_a-1536x1074.jpeg 1536w, https:\/\/www.jimmy2.ch\/worldpress\/wp-content\/uploads\/2021\/02\/BE12B288-12F0-42A8-A78A-040A0A666E23_1_201_a-2048x1432.jpeg 2048w\" sizes=\"auto, (max-width: 1024px) 100vw, 1024px\" \/><\/figure>\n\n\n\n<figure class=\"wp-block-image size-large\"><img loading=\"lazy\" decoding=\"async\" width=\"1024\" height=\"768\" src=\"https:\/\/www.jimmy2.ch\/worldpress\/wp-content\/uploads\/2021\/02\/84A7B84C-5F8D-44DB-B79A-E51B61A5E736-1024x768.jpeg\" alt=\"\" class=\"wp-image-8820\" srcset=\"https:\/\/www.jimmy2.ch\/worldpress\/wp-content\/uploads\/2021\/02\/84A7B84C-5F8D-44DB-B79A-E51B61A5E736-1024x768.jpeg 1024w, https:\/\/www.jimmy2.ch\/worldpress\/wp-content\/uploads\/2021\/02\/84A7B84C-5F8D-44DB-B79A-E51B61A5E736-300x225.jpeg 300w, https:\/\/www.jimmy2.ch\/worldpress\/wp-content\/uploads\/2021\/02\/84A7B84C-5F8D-44DB-B79A-E51B61A5E736-768x576.jpeg 768w, https:\/\/www.jimmy2.ch\/worldpress\/wp-content\/uploads\/2021\/02\/84A7B84C-5F8D-44DB-B79A-E51B61A5E736-1536x1152.jpeg 1536w, https:\/\/www.jimmy2.ch\/worldpress\/wp-content\/uploads\/2021\/02\/84A7B84C-5F8D-44DB-B79A-E51B61A5E736-2048x1536.jpeg 2048w\" sizes=\"auto, (max-width: 1024px) 100vw, 1024px\" \/><\/figure>\n\n\n\n<p>So stellen wir uns die Costa Calida vor. Einfach traumhaft. Leider ist auch hier alles geschlossen. Nicht ein Mal ein Coffee to Go. Wohnen tut hier um diese Jahreszeit scheinbar auch niemand. Quasi eine Geisterstadt. <\/p>\n\n\n\n<figure class=\"wp-block-image size-large\"><img loading=\"lazy\" decoding=\"async\" width=\"1024\" height=\"710\" src=\"https:\/\/www.jimmy2.ch\/worldpress\/wp-content\/uploads\/2021\/02\/1671973D-C0A4-40C0-8D60-EE06DAA09460_1_201_a-1024x710.jpeg\" alt=\"\" class=\"wp-image-8821\" srcset=\"https:\/\/www.jimmy2.ch\/worldpress\/wp-content\/uploads\/2021\/02\/1671973D-C0A4-40C0-8D60-EE06DAA09460_1_201_a-1024x710.jpeg 1024w, https:\/\/www.jimmy2.ch\/worldpress\/wp-content\/uploads\/2021\/02\/1671973D-C0A4-40C0-8D60-EE06DAA09460_1_201_a-300x208.jpeg 300w, https:\/\/www.jimmy2.ch\/worldpress\/wp-content\/uploads\/2021\/02\/1671973D-C0A4-40C0-8D60-EE06DAA09460_1_201_a-768x532.jpeg 768w, https:\/\/www.jimmy2.ch\/worldpress\/wp-content\/uploads\/2021\/02\/1671973D-C0A4-40C0-8D60-EE06DAA09460_1_201_a-1536x1064.jpeg 1536w, https:\/\/www.jimmy2.ch\/worldpress\/wp-content\/uploads\/2021\/02\/1671973D-C0A4-40C0-8D60-EE06DAA09460_1_201_a-2048x1419.jpeg 2048w\" sizes=\"auto, (max-width: 1024px) 100vw, 1024px\" \/><\/figure>\n\n\n\n<p>Schlappe 1&#8217;280 km bis Santiago de Compostella. In ein paar Wochen sollte das zu schaffen sein. <br><br>Auf einer Parkbank geniessen wir das mitgenommene Fanta. <\/p>\n\n\n\n<figure class=\"wp-block-image size-large\"><img loading=\"lazy\" decoding=\"async\" width=\"1024\" height=\"768\" src=\"https:\/\/www.jimmy2.ch\/worldpress\/wp-content\/uploads\/2021\/02\/EE5EC566-AC62-48B4-8188-030F7EAA9B1A-1024x768.jpeg\" alt=\"\" class=\"wp-image-8825\" srcset=\"https:\/\/www.jimmy2.ch\/worldpress\/wp-content\/uploads\/2021\/02\/EE5EC566-AC62-48B4-8188-030F7EAA9B1A-1024x768.jpeg 1024w, https:\/\/www.jimmy2.ch\/worldpress\/wp-content\/uploads\/2021\/02\/EE5EC566-AC62-48B4-8188-030F7EAA9B1A-300x225.jpeg 300w, https:\/\/www.jimmy2.ch\/worldpress\/wp-content\/uploads\/2021\/02\/EE5EC566-AC62-48B4-8188-030F7EAA9B1A-768x576.jpeg 768w, https:\/\/www.jimmy2.ch\/worldpress\/wp-content\/uploads\/2021\/02\/EE5EC566-AC62-48B4-8188-030F7EAA9B1A-1536x1152.jpeg 1536w, https:\/\/www.jimmy2.ch\/worldpress\/wp-content\/uploads\/2021\/02\/EE5EC566-AC62-48B4-8188-030F7EAA9B1A-2048x1536.jpeg 2048w\" sizes=\"auto, (max-width: 1024px) 100vw, 1024px\" \/><\/figure>\n\n\n\n<p>Dann wird es Zeit nach Hause zu fahren. <br><br><\/p>\n\n\n\n<figure class=\"wp-block-embed is-type-video is-provider-youtube wp-block-embed-youtube wp-embed-aspect-16-9 wp-has-aspect-ratio\"><div class=\"wp-block-embed__wrapper\">\n<iframe loading=\"lazy\" title=\"Playa de las Higuericas 13 2 2021\" width=\"960\" height=\"540\" src=\"https:\/\/www.youtube.com\/embed\/Mr-7myW237g?feature=oembed\" frameborder=\"0\" allow=\"accelerometer; autoplay; clipboard-write; encrypted-media; gyroscope; picture-in-picture\" allowfullscreen><\/iframe>\n<\/div><\/figure>\n\n\n\n<p><br><\/p>\n","protected":false},"excerpt":{"rendered":"<p>Samstag 13. Februar 2021Reise: San Javier Tag 31Unterwegs: mit dem Roller unterwegs Standort: Camperpark La Ribera San Javier Wetter: 15\u00b0 \/ 22\u00b0 \/ 10\u00b0 Sonne, blauer Himmel, traumhaft In der Nacht wird das Wohnmobil durch starke Windb\u00f6en mehrmals kr\u00e4ftig durchgesch\u00fcttelt. &hellip; <a href=\"https:\/\/www.jimmy2.ch\/worldpress\/2021\/02\/13\/san-javier-tag-31\/\">Continue reading <span class=\"meta-nav\">&rarr;<\/span><\/a><\/p>\n","protected":false},"author":1,"featured_media":0,"comment_status":"open","ping_status":"open","sticky":false,"template":"","format":"standard","meta":{"footnotes":""},"categories":[62],"tags":[537,393,544,408,101,543],"class_list":["post-8806","post","type-post","status-publish","format-standard","hentry","category-spanien","tag-camperpark-la-ribera","tag-mittelmeer","tag-playa-de-las-higuericas","tag-san-javier","tag-spanien","tag-torre-de-la-hordada"],"_links":{"self":[{"href":"https:\/\/www.jimmy2.ch\/worldpress\/wp-json\/wp\/v2\/posts\/8806","targetHints":{"allow":["GET"]}}],"collection":[{"href":"https:\/\/www.jimmy2.ch\/worldpress\/wp-json\/wp\/v2\/posts"}],"about":[{"href":"https:\/\/www.jimmy2.ch\/worldpress\/wp-json\/wp\/v2\/types\/post"}],"author":[{"embeddable":true,"href":"https:\/\/www.jimmy2.ch\/worldpress\/wp-json\/wp\/v2\/users\/1"}],"replies":[{"embeddable":true,"href":"https:\/\/www.jimmy2.ch\/worldpress\/wp-json\/wp\/v2\/comments?post=8806"}],"version-history":[{"count":7,"href":"https:\/\/www.jimmy2.ch\/worldpress\/wp-json\/wp\/v2\/posts\/8806\/revisions"}],"predecessor-version":[{"id":8827,"href":"https:\/\/www.jimmy2.ch\/worldpress\/wp-json\/wp\/v2\/posts\/8806\/revisions\/8827"}],"wp:attachment":[{"href":"https:\/\/www.jimmy2.ch\/worldpress\/wp-json\/wp\/v2\/media?parent=8806"}],"wp:term":[{"taxonomy":"category","embeddable":true,"href":"https:\/\/www.jimmy2.ch\/worldpress\/wp-json\/wp\/v2\/categories?post=8806"},{"taxonomy":"post_tag","embeddable":true,"href":"https:\/\/www.jimmy2.ch\/worldpress\/wp-json\/wp\/v2\/tags?post=8806"}],"curies":[{"name":"wp","href":"https:\/\/api.w.org\/{rel}","templated":true}]}}