{"id":8791,"date":"2021-02-11T21:57:00","date_gmt":"2021-02-11T20:57:00","guid":{"rendered":"http:\/\/www.jimmy2.ch\/worldpress\/?p=8791"},"modified":"2021-02-12T21:59:13","modified_gmt":"2021-02-12T20:59:13","slug":"san-javier-tag-29","status":"publish","type":"post","link":"https:\/\/www.jimmy2.ch\/worldpress\/2021\/02\/11\/san-javier-tag-29\/","title":{"rendered":"San Javier Tag 29"},"content":{"rendered":"\n<p>Donnerstag 11. Februar 2021<br>Reise: San Javier  Tag 29<br>Unterwegs: zu Fuss einkaufen \/ Waschtag<br>Standort: Camperpark La Ribera San Javier<br><br>Wetter: 7\u00b0 \/ 24\u00b0 \/ 12\u00b0 Sonne! Sch\u00f6n warm, Schleierwolken<br><br>Eine frische Nacht liegt hinter uns. Wir sind fr\u00fch auf. Die Sonne scheint und die W\u00e4sche wartet. Bereits um 8 Uhr l\u00e4uft die Waschmaschine. Um 9 Uhr ist die W\u00e4sche auf der Leine.<\/p>\n\n\n\n<figure class=\"wp-block-image size-large\"><img loading=\"lazy\" decoding=\"async\" width=\"1024\" height=\"768\" src=\"https:\/\/www.jimmy2.ch\/worldpress\/wp-content\/uploads\/2021\/02\/24749C58-35B0-4672-A64C-727FD001D04E-1024x768.jpeg\" alt=\"\" class=\"wp-image-8795\" srcset=\"https:\/\/www.jimmy2.ch\/worldpress\/wp-content\/uploads\/2021\/02\/24749C58-35B0-4672-A64C-727FD001D04E-1024x768.jpeg 1024w, https:\/\/www.jimmy2.ch\/worldpress\/wp-content\/uploads\/2021\/02\/24749C58-35B0-4672-A64C-727FD001D04E-300x225.jpeg 300w, https:\/\/www.jimmy2.ch\/worldpress\/wp-content\/uploads\/2021\/02\/24749C58-35B0-4672-A64C-727FD001D04E-768x576.jpeg 768w, https:\/\/www.jimmy2.ch\/worldpress\/wp-content\/uploads\/2021\/02\/24749C58-35B0-4672-A64C-727FD001D04E-1536x1152.jpeg 1536w, https:\/\/www.jimmy2.ch\/worldpress\/wp-content\/uploads\/2021\/02\/24749C58-35B0-4672-A64C-727FD001D04E-2048x1536.jpeg 2048w\" sizes=\"auto, (max-width: 1024px) 100vw, 1024px\" \/><\/figure>\n\n\n\n<p><br>Nach einer gef\u00fchlten Ewigkeit &#8211; also seit etwa 10 Tagen &#8211; scheint heute wieder die Sonne. Und es wird warm. Der mobile Stromf\u00e4nger wird in die optimale Position gebracht. Meine beiden Batterien brauchen \u201eSaft\u201c. <br><br>Es folgt ein kurzer Einkauf im Lidl. Dann geniessen wir das sch\u00f6ne sonnige und warme Wetter. <br><br>Und es ist wieder eine neue Gasflasche f\u00e4llig. Die 4. auf dieser Reise.<br><br>Die Sonne scheint so kr\u00e4ftig, dass wir die Markise ausfahren. Da sie etwas Patina angesetzt hat (der letzte Einsatz war im August) kommt der von Christa neu gekaufte Wisch-Mop zum Einsatz. <\/p>\n\n\n\n<figure class=\"wp-block-image size-large\"><img loading=\"lazy\" decoding=\"async\" width=\"1024\" height=\"768\" src=\"https:\/\/www.jimmy2.ch\/worldpress\/wp-content\/uploads\/2021\/02\/0DCE7467-CBB6-4557-AA9F-151C968E6BFC-1024x768.jpeg\" alt=\"\" class=\"wp-image-8794\" srcset=\"https:\/\/www.jimmy2.ch\/worldpress\/wp-content\/uploads\/2021\/02\/0DCE7467-CBB6-4557-AA9F-151C968E6BFC-1024x768.jpeg 1024w, https:\/\/www.jimmy2.ch\/worldpress\/wp-content\/uploads\/2021\/02\/0DCE7467-CBB6-4557-AA9F-151C968E6BFC-300x225.jpeg 300w, https:\/\/www.jimmy2.ch\/worldpress\/wp-content\/uploads\/2021\/02\/0DCE7467-CBB6-4557-AA9F-151C968E6BFC-768x576.jpeg 768w, https:\/\/www.jimmy2.ch\/worldpress\/wp-content\/uploads\/2021\/02\/0DCE7467-CBB6-4557-AA9F-151C968E6BFC-1536x1152.jpeg 1536w, https:\/\/www.jimmy2.ch\/worldpress\/wp-content\/uploads\/2021\/02\/0DCE7467-CBB6-4557-AA9F-151C968E6BFC-2048x1536.jpeg 2048w\" sizes=\"auto, (max-width: 1024px) 100vw, 1024px\" \/><\/figure>\n\n\n\n<p>Im Laufe das Nachmittags ziehen leider Schleier-Wolken auf und es wird gef\u00fchlt etwas frischer.<br><br> <br><br><br><\/p>\n","protected":false},"excerpt":{"rendered":"<p>Donnerstag 11. Februar 2021Reise: San Javier Tag 29Unterwegs: zu Fuss einkaufen \/ WaschtagStandort: Camperpark La Ribera San Javier Wetter: 7\u00b0 \/ 24\u00b0 \/ 12\u00b0 Sonne! Sch\u00f6n warm, Schleierwolken Eine frische Nacht liegt hinter uns. Wir sind fr\u00fch auf. Die Sonne &hellip; <a href=\"https:\/\/www.jimmy2.ch\/worldpress\/2021\/02\/11\/san-javier-tag-29\/\">Continue reading <span class=\"meta-nav\">&rarr;<\/span><\/a><\/p>\n","protected":false},"author":1,"featured_media":0,"comment_status":"open","ping_status":"open","sticky":false,"template":"","format":"standard","meta":{"footnotes":""},"categories":[62],"tags":[537,408,101],"class_list":["post-8791","post","type-post","status-publish","format-standard","hentry","category-spanien","tag-camperpark-la-ribera","tag-san-javier","tag-spanien"],"_links":{"self":[{"href":"https:\/\/www.jimmy2.ch\/worldpress\/wp-json\/wp\/v2\/posts\/8791","targetHints":{"allow":["GET"]}}],"collection":[{"href":"https:\/\/www.jimmy2.ch\/worldpress\/wp-json\/wp\/v2\/posts"}],"about":[{"href":"https:\/\/www.jimmy2.ch\/worldpress\/wp-json\/wp\/v2\/types\/post"}],"author":[{"embeddable":true,"href":"https:\/\/www.jimmy2.ch\/worldpress\/wp-json\/wp\/v2\/users\/1"}],"replies":[{"embeddable":true,"href":"https:\/\/www.jimmy2.ch\/worldpress\/wp-json\/wp\/v2\/comments?post=8791"}],"version-history":[{"count":3,"href":"https:\/\/www.jimmy2.ch\/worldpress\/wp-json\/wp\/v2\/posts\/8791\/revisions"}],"predecessor-version":[{"id":8804,"href":"https:\/\/www.jimmy2.ch\/worldpress\/wp-json\/wp\/v2\/posts\/8791\/revisions\/8804"}],"wp:attachment":[{"href":"https:\/\/www.jimmy2.ch\/worldpress\/wp-json\/wp\/v2\/media?parent=8791"}],"wp:term":[{"taxonomy":"category","embeddable":true,"href":"https:\/\/www.jimmy2.ch\/worldpress\/wp-json\/wp\/v2\/categories?post=8791"},{"taxonomy":"post_tag","embeddable":true,"href":"https:\/\/www.jimmy2.ch\/worldpress\/wp-json\/wp\/v2\/tags?post=8791"}],"curies":[{"name":"wp","href":"https:\/\/api.w.org\/{rel}","templated":true}]}}