{"id":8772,"date":"2021-02-09T21:21:00","date_gmt":"2021-02-09T20:21:00","guid":{"rendered":"http:\/\/www.jimmy2.ch\/worldpress\/?p=8772"},"modified":"2021-02-12T22:12:16","modified_gmt":"2021-02-12T21:12:16","slug":"san-javier-tag-27","status":"publish","type":"post","link":"https:\/\/www.jimmy2.ch\/worldpress\/2021\/02\/09\/san-javier-tag-27\/","title":{"rendered":"San Javier Tag 27"},"content":{"rendered":"\n<p>Dienstag 9. Februar 2021<br>Reise: San Javier  Tag 27<br>Unterwegs: zu Fuss ans Mar Menor<br>Standort: Camperpark La Ribera San Javier<br><br>Wetter: 8\u00b0 \/ 16\u00b0 \/ 12\u00b0C bew\u00f6lkt, frisch <br><br>Ein tr\u00fcber und frischer Tag. <br><br>Wir bleiben mehrheitlich im Wohnmobil. Am Nachmittag packten wir uns warm ein und spazieren an&#8217;s Mar Menor. <\/p>\n\n\n\n<figure class=\"wp-block-image size-large\"><img loading=\"lazy\" decoding=\"async\" width=\"1024\" height=\"710\" src=\"https:\/\/www.jimmy2.ch\/worldpress\/wp-content\/uploads\/2021\/02\/511299D3-63F2-45D1-8BAC-926E644A8917-1024x710.jpeg\" alt=\"\" class=\"wp-image-8783\" srcset=\"https:\/\/www.jimmy2.ch\/worldpress\/wp-content\/uploads\/2021\/02\/511299D3-63F2-45D1-8BAC-926E644A8917-1024x710.jpeg 1024w, https:\/\/www.jimmy2.ch\/worldpress\/wp-content\/uploads\/2021\/02\/511299D3-63F2-45D1-8BAC-926E644A8917-300x208.jpeg 300w, https:\/\/www.jimmy2.ch\/worldpress\/wp-content\/uploads\/2021\/02\/511299D3-63F2-45D1-8BAC-926E644A8917-768x533.jpeg 768w, https:\/\/www.jimmy2.ch\/worldpress\/wp-content\/uploads\/2021\/02\/511299D3-63F2-45D1-8BAC-926E644A8917-1536x1065.jpeg 1536w, https:\/\/www.jimmy2.ch\/worldpress\/wp-content\/uploads\/2021\/02\/511299D3-63F2-45D1-8BAC-926E644A8917-2048x1420.jpeg 2048w\" sizes=\"auto, (max-width: 1024px) 100vw, 1024px\" \/><\/figure>\n\n\n\n<p>Bei der Panaderia Jose Antonio kaufen wir 2 Caf\u00e9 con leche und eine \u201eSchnecke\u201c. Schmeckt gut &#8211; ist aber schaurig klebrig. \u20ac 4.20 &#8211; da kann man nichts sagen. Daf\u00fcr darf ich in Z\u00fcrich nicht mal einen Kaffee anschauen.<br><br>Wieder zur\u00fcck wird der Grill angeworfen. Spareribs. Christa\u2019s Wunsch. Gibt eine riesen Sauerei auf dem Grill. Dazu Gem\u00fcsereis. Mein Wunsch. <\/p>\n\n\n\n<p>Heute kommt die 6. und letzte Folge von &#8222;Wilder&#8220;. Eine lahme und z\u00e4he Geschichte. Gut ist sie vorbei. Zu Hause h\u00e4tte ich sie vermutlich nicht geschaut. <br><br><\/p>\n","protected":false},"excerpt":{"rendered":"<p>Dienstag 9. Februar 2021Reise: San Javier Tag 27Unterwegs: zu Fuss ans Mar MenorStandort: Camperpark La Ribera San Javier Wetter: 8\u00b0 \/ 16\u00b0 \/ 12\u00b0C bew\u00f6lkt, frisch Ein tr\u00fcber und frischer Tag. Wir bleiben mehrheitlich im Wohnmobil. Am Nachmittag packten wir &hellip; <a href=\"https:\/\/www.jimmy2.ch\/worldpress\/2021\/02\/09\/san-javier-tag-27\/\">Continue reading <span class=\"meta-nav\">&rarr;<\/span><\/a><\/p>\n","protected":false},"author":1,"featured_media":0,"comment_status":"open","ping_status":"open","sticky":false,"template":"","format":"standard","meta":{"footnotes":""},"categories":[62],"tags":[537,198,408],"class_list":["post-8772","post","type-post","status-publish","format-standard","hentry","category-spanien","tag-camperpark-la-ribera","tag-mar-menor","tag-san-javier"],"_links":{"self":[{"href":"https:\/\/www.jimmy2.ch\/worldpress\/wp-json\/wp\/v2\/posts\/8772","targetHints":{"allow":["GET"]}}],"collection":[{"href":"https:\/\/www.jimmy2.ch\/worldpress\/wp-json\/wp\/v2\/posts"}],"about":[{"href":"https:\/\/www.jimmy2.ch\/worldpress\/wp-json\/wp\/v2\/types\/post"}],"author":[{"embeddable":true,"href":"https:\/\/www.jimmy2.ch\/worldpress\/wp-json\/wp\/v2\/users\/1"}],"replies":[{"embeddable":true,"href":"https:\/\/www.jimmy2.ch\/worldpress\/wp-json\/wp\/v2\/comments?post=8772"}],"version-history":[{"count":4,"href":"https:\/\/www.jimmy2.ch\/worldpress\/wp-json\/wp\/v2\/posts\/8772\/revisions"}],"predecessor-version":[{"id":8811,"href":"https:\/\/www.jimmy2.ch\/worldpress\/wp-json\/wp\/v2\/posts\/8772\/revisions\/8811"}],"wp:attachment":[{"href":"https:\/\/www.jimmy2.ch\/worldpress\/wp-json\/wp\/v2\/media?parent=8772"}],"wp:term":[{"taxonomy":"category","embeddable":true,"href":"https:\/\/www.jimmy2.ch\/worldpress\/wp-json\/wp\/v2\/categories?post=8772"},{"taxonomy":"post_tag","embeddable":true,"href":"https:\/\/www.jimmy2.ch\/worldpress\/wp-json\/wp\/v2\/tags?post=8772"}],"curies":[{"name":"wp","href":"https:\/\/api.w.org\/{rel}","templated":true}]}}