{"id":8770,"date":"2021-02-08T22:05:00","date_gmt":"2021-02-08T21:05:00","guid":{"rendered":"http:\/\/www.jimmy2.ch\/worldpress\/?p=8770"},"modified":"2021-02-09T09:32:39","modified_gmt":"2021-02-09T08:32:39","slug":"san-javier-tag-26","status":"publish","type":"post","link":"https:\/\/www.jimmy2.ch\/worldpress\/2021\/02\/08\/san-javier-tag-26\/","title":{"rendered":"San Javier Tag 26"},"content":{"rendered":"\n<p>Montag 8. Februar 2021<br>Reise: San Javier  Tag 26<br>Unterwegs: mit dem Roller einkaufen<br>Standort: Camperpark La Ribera San Javier<br><br>Wetter: 11\u00b0 \/ 18\u00b0 \/ 12\u00b0  stark bew\u00f6lkt und wieder ein st\u00fcrmischer Wind<br><br>Stark bew\u00f6lkt. Frisch. Kr\u00e4ftiger Wind. Sturm-B\u00f6en.<\/p>\n\n\n\n<p>Wir bleiben vorerst im Wohnmobil und hoffen auf Sonne. Die lugt dann doch ab und zu durch die Wolkendecke. <br><br>Christa m\u00f6chte nochmals wegen einem neuen Teppich f\u00fcr das Badezimmer schauen. So fahren wir zu einem anderen \u201eChina\u201c-Markt zum Pretty Shop. Der hat ein \u201enoch\u201c gr\u00f6sseres Sortiment und Christa wird f\u00fcndig. Da wir das Mass nicht dabei haben, kann der Kauf aber noch nicht get\u00e4tigt werden. Zudem hat es noch andere Sachen die unser Herz begehrt. <br><br>Noch einen Abstecher zum Carrefour im Dos Mares.<\/p>\n\n\n\n<p><\/p>\n\n\n\n<p>Mein Vater wird heute 92. Jahre alt. \u00dcber das Natel meiner Schwester Gabriela machen wir einen Video-Anruf. Der 1. in seinem noch jungen Leben. Er freut sich riesig. <\/p>\n\n\n\n<figure class=\"wp-block-image size-large\"><img loading=\"lazy\" decoding=\"async\" width=\"1024\" height=\"576\" src=\"https:\/\/www.jimmy2.ch\/worldpress\/wp-content\/uploads\/2021\/02\/6D81C022-F82F-461C-98BB-7225642F3EB5-1024x576.jpeg\" alt=\"\" class=\"wp-image-8780\" srcset=\"https:\/\/www.jimmy2.ch\/worldpress\/wp-content\/uploads\/2021\/02\/6D81C022-F82F-461C-98BB-7225642F3EB5-1024x576.jpeg 1024w, https:\/\/www.jimmy2.ch\/worldpress\/wp-content\/uploads\/2021\/02\/6D81C022-F82F-461C-98BB-7225642F3EB5-300x169.jpeg 300w, https:\/\/www.jimmy2.ch\/worldpress\/wp-content\/uploads\/2021\/02\/6D81C022-F82F-461C-98BB-7225642F3EB5-768x432.jpeg 768w, https:\/\/www.jimmy2.ch\/worldpress\/wp-content\/uploads\/2021\/02\/6D81C022-F82F-461C-98BB-7225642F3EB5-1536x864.jpeg 1536w, https:\/\/www.jimmy2.ch\/worldpress\/wp-content\/uploads\/2021\/02\/6D81C022-F82F-461C-98BB-7225642F3EB5.jpeg 1920w\" sizes=\"auto, (max-width: 1024px) 100vw, 1024px\" \/><\/figure>\n\n\n\n<p><\/p>\n\n\n\n<p><br><br>Wie den ganzen Tag \u00fcber ist der Wind auch am Abend noch recht kr\u00e4ftig.<\/p>\n\n\n\n<figure class=\"wp-block-image size-large\"><img loading=\"lazy\" decoding=\"async\" width=\"1024\" height=\"768\" src=\"https:\/\/www.jimmy2.ch\/worldpress\/wp-content\/uploads\/2021\/02\/28F515BB-02A2-42DB-A4B8-F15327243937-1024x768.jpeg\" alt=\"\" class=\"wp-image-8776\" srcset=\"https:\/\/www.jimmy2.ch\/worldpress\/wp-content\/uploads\/2021\/02\/28F515BB-02A2-42DB-A4B8-F15327243937-1024x768.jpeg 1024w, https:\/\/www.jimmy2.ch\/worldpress\/wp-content\/uploads\/2021\/02\/28F515BB-02A2-42DB-A4B8-F15327243937-300x225.jpeg 300w, https:\/\/www.jimmy2.ch\/worldpress\/wp-content\/uploads\/2021\/02\/28F515BB-02A2-42DB-A4B8-F15327243937-768x576.jpeg 768w, https:\/\/www.jimmy2.ch\/worldpress\/wp-content\/uploads\/2021\/02\/28F515BB-02A2-42DB-A4B8-F15327243937-1536x1152.jpeg 1536w, https:\/\/www.jimmy2.ch\/worldpress\/wp-content\/uploads\/2021\/02\/28F515BB-02A2-42DB-A4B8-F15327243937-2048x1536.jpeg 2048w\" sizes=\"auto, (max-width: 1024px) 100vw, 1024px\" \/><\/figure>\n\n\n\n<figure class=\"wp-block-image size-large\"><img loading=\"lazy\" decoding=\"async\" width=\"1024\" height=\"768\" src=\"https:\/\/www.jimmy2.ch\/worldpress\/wp-content\/uploads\/2021\/02\/D63F86BD-D78C-4C81-90ED-DEF492E2BA4F-1024x768.jpeg\" alt=\"\" class=\"wp-image-8777\" srcset=\"https:\/\/www.jimmy2.ch\/worldpress\/wp-content\/uploads\/2021\/02\/D63F86BD-D78C-4C81-90ED-DEF492E2BA4F-1024x768.jpeg 1024w, https:\/\/www.jimmy2.ch\/worldpress\/wp-content\/uploads\/2021\/02\/D63F86BD-D78C-4C81-90ED-DEF492E2BA4F-300x225.jpeg 300w, https:\/\/www.jimmy2.ch\/worldpress\/wp-content\/uploads\/2021\/02\/D63F86BD-D78C-4C81-90ED-DEF492E2BA4F-768x576.jpeg 768w, https:\/\/www.jimmy2.ch\/worldpress\/wp-content\/uploads\/2021\/02\/D63F86BD-D78C-4C81-90ED-DEF492E2BA4F-1536x1152.jpeg 1536w, https:\/\/www.jimmy2.ch\/worldpress\/wp-content\/uploads\/2021\/02\/D63F86BD-D78C-4C81-90ED-DEF492E2BA4F-2048x1536.jpeg 2048w\" sizes=\"auto, (max-width: 1024px) 100vw, 1024px\" \/><\/figure>\n\n\n\n<p>P\u00fcnktlich zur Prime-Time schw\u00e4cht er etwas ab.  Einem langen TV-Montag-Abend steht somit nichts mehr im Wege. <br><\/p>\n","protected":false},"excerpt":{"rendered":"<p>Montag 8. Februar 2021Reise: San Javier Tag 26Unterwegs: mit dem Roller einkaufenStandort: Camperpark La Ribera San Javier Wetter: 11\u00b0 \/ 18\u00b0 \/ 12\u00b0 stark bew\u00f6lkt und wieder ein st\u00fcrmischer Wind Stark bew\u00f6lkt. Frisch. Kr\u00e4ftiger Wind. Sturm-B\u00f6en. Wir bleiben vorerst im &hellip; <a href=\"https:\/\/www.jimmy2.ch\/worldpress\/2021\/02\/08\/san-javier-tag-26\/\">Continue reading <span class=\"meta-nav\">&rarr;<\/span><\/a><\/p>\n","protected":false},"author":1,"featured_media":0,"comment_status":"open","ping_status":"open","sticky":false,"template":"","format":"standard","meta":{"footnotes":""},"categories":[62],"tags":[537,540,408,101],"class_list":["post-8770","post","type-post","status-publish","format-standard","hentry","category-spanien","tag-camperpark-la-ribera","tag-dos-mares","tag-san-javier","tag-spanien"],"_links":{"self":[{"href":"https:\/\/www.jimmy2.ch\/worldpress\/wp-json\/wp\/v2\/posts\/8770","targetHints":{"allow":["GET"]}}],"collection":[{"href":"https:\/\/www.jimmy2.ch\/worldpress\/wp-json\/wp\/v2\/posts"}],"about":[{"href":"https:\/\/www.jimmy2.ch\/worldpress\/wp-json\/wp\/v2\/types\/post"}],"author":[{"embeddable":true,"href":"https:\/\/www.jimmy2.ch\/worldpress\/wp-json\/wp\/v2\/users\/1"}],"replies":[{"embeddable":true,"href":"https:\/\/www.jimmy2.ch\/worldpress\/wp-json\/wp\/v2\/comments?post=8770"}],"version-history":[{"count":5,"href":"https:\/\/www.jimmy2.ch\/worldpress\/wp-json\/wp\/v2\/posts\/8770\/revisions"}],"predecessor-version":[{"id":8782,"href":"https:\/\/www.jimmy2.ch\/worldpress\/wp-json\/wp\/v2\/posts\/8770\/revisions\/8782"}],"wp:attachment":[{"href":"https:\/\/www.jimmy2.ch\/worldpress\/wp-json\/wp\/v2\/media?parent=8770"}],"wp:term":[{"taxonomy":"category","embeddable":true,"href":"https:\/\/www.jimmy2.ch\/worldpress\/wp-json\/wp\/v2\/categories?post=8770"},{"taxonomy":"post_tag","embeddable":true,"href":"https:\/\/www.jimmy2.ch\/worldpress\/wp-json\/wp\/v2\/tags?post=8770"}],"curies":[{"name":"wp","href":"https:\/\/api.w.org\/{rel}","templated":true}]}}