{"id":8734,"date":"2021-02-05T21:54:00","date_gmt":"2021-02-05T20:54:00","guid":{"rendered":"http:\/\/www.jimmy2.ch\/worldpress\/?p=8734"},"modified":"2021-02-07T09:41:12","modified_gmt":"2021-02-07T08:41:12","slug":"san-javier-tag-23","status":"publish","type":"post","link":"https:\/\/www.jimmy2.ch\/worldpress\/2021\/02\/05\/san-javier-tag-23\/","title":{"rendered":"San Javier Tag 23"},"content":{"rendered":"\n<p>Freitag 5. Februar 2021<br>Reise: San Javier   Tag 23<br>Unterwegs: mit dem Roller zu Mercadona und zu Fuss ans Mar Menor <br>Standort: Camperpark La Ribera San Javier<br><br>Wetter: 13\u00b0 \/  18\u00b0 \/  15\u00b0 bew\u00f6lkt, frisch, Sahara-Staub?<br><br>Die Sonne kommt nur diffus durch die Wolkendecke. Sahara-Staub?<br>Zudem weht ein starker frischer Wind. Ungem\u00fctlich. <\/p>\n\n\n\n<p>Mein mobiler &#8222;Strom&#8220;-F\u00e4nger hat einen neuen Platz bekommen.<\/p>\n\n\n\n<figure class=\"wp-block-image size-large\"><img loading=\"lazy\" decoding=\"async\" width=\"1024\" height=\"893\" src=\"https:\/\/www.jimmy2.ch\/worldpress\/wp-content\/uploads\/2021\/02\/458F8235-8610-416D-AC56-94C4DC1A2B18-1024x893.jpeg\" alt=\"\" class=\"wp-image-8737\" srcset=\"https:\/\/www.jimmy2.ch\/worldpress\/wp-content\/uploads\/2021\/02\/458F8235-8610-416D-AC56-94C4DC1A2B18-1024x893.jpeg 1024w, https:\/\/www.jimmy2.ch\/worldpress\/wp-content\/uploads\/2021\/02\/458F8235-8610-416D-AC56-94C4DC1A2B18-300x262.jpeg 300w, https:\/\/www.jimmy2.ch\/worldpress\/wp-content\/uploads\/2021\/02\/458F8235-8610-416D-AC56-94C4DC1A2B18-768x669.jpeg 768w, https:\/\/www.jimmy2.ch\/worldpress\/wp-content\/uploads\/2021\/02\/458F8235-8610-416D-AC56-94C4DC1A2B18-1536x1339.jpeg 1536w, https:\/\/www.jimmy2.ch\/worldpress\/wp-content\/uploads\/2021\/02\/458F8235-8610-416D-AC56-94C4DC1A2B18-2048x1785.jpeg 2048w\" sizes=\"auto, (max-width: 1024px) 100vw, 1024px\" \/><\/figure>\n\n\n\n<p>Immer bei &#8222;schlechtem&#8220; Wetter muss er raus. Am Abend wird er wieder runter genommen. Die Gefahr eines Diebstahls ist mir zu gross.<br><br>Wir  fahren mit dem Roller zu Mercadona einkaufen. <br><br>Um 14 Uhr hole ich unser Pollo asado con patate. <\/p>\n\n\n\n<figure class=\"wp-block-image size-large\"><img loading=\"lazy\" decoding=\"async\" width=\"1024\" height=\"937\" src=\"https:\/\/www.jimmy2.ch\/worldpress\/wp-content\/uploads\/2021\/02\/493FB8D4-9353-47E2-A77B-C0AD16EA2F37-1024x937.jpeg\" alt=\"\" class=\"wp-image-8738\" srcset=\"https:\/\/www.jimmy2.ch\/worldpress\/wp-content\/uploads\/2021\/02\/493FB8D4-9353-47E2-A77B-C0AD16EA2F37-1024x937.jpeg 1024w, https:\/\/www.jimmy2.ch\/worldpress\/wp-content\/uploads\/2021\/02\/493FB8D4-9353-47E2-A77B-C0AD16EA2F37-300x274.jpeg 300w, https:\/\/www.jimmy2.ch\/worldpress\/wp-content\/uploads\/2021\/02\/493FB8D4-9353-47E2-A77B-C0AD16EA2F37-768x703.jpeg 768w, https:\/\/www.jimmy2.ch\/worldpress\/wp-content\/uploads\/2021\/02\/493FB8D4-9353-47E2-A77B-C0AD16EA2F37-1536x1405.jpeg 1536w, https:\/\/www.jimmy2.ch\/worldpress\/wp-content\/uploads\/2021\/02\/493FB8D4-9353-47E2-A77B-C0AD16EA2F37-2048x1874.jpeg 2048w\" sizes=\"auto, (max-width: 1024px) 100vw, 1024px\" \/><\/figure>\n\n\n\n<figure class=\"wp-block-image size-large\"><img loading=\"lazy\" decoding=\"async\" width=\"1024\" height=\"768\" src=\"https:\/\/www.jimmy2.ch\/worldpress\/wp-content\/uploads\/2021\/02\/97559FD7-8D7A-462B-98A9-0A6CE4C4BE54-1024x768.jpeg\" alt=\"\" class=\"wp-image-8739\" srcset=\"https:\/\/www.jimmy2.ch\/worldpress\/wp-content\/uploads\/2021\/02\/97559FD7-8D7A-462B-98A9-0A6CE4C4BE54-1024x768.jpeg 1024w, https:\/\/www.jimmy2.ch\/worldpress\/wp-content\/uploads\/2021\/02\/97559FD7-8D7A-462B-98A9-0A6CE4C4BE54-300x225.jpeg 300w, https:\/\/www.jimmy2.ch\/worldpress\/wp-content\/uploads\/2021\/02\/97559FD7-8D7A-462B-98A9-0A6CE4C4BE54-768x576.jpeg 768w, https:\/\/www.jimmy2.ch\/worldpress\/wp-content\/uploads\/2021\/02\/97559FD7-8D7A-462B-98A9-0A6CE4C4BE54-1536x1152.jpeg 1536w, https:\/\/www.jimmy2.ch\/worldpress\/wp-content\/uploads\/2021\/02\/97559FD7-8D7A-462B-98A9-0A6CE4C4BE54-2048x1536.jpeg 2048w\" sizes=\"auto, (max-width: 1024px) 100vw, 1024px\" \/><\/figure>\n\n\n\n<p><br>F\u00fcr die Verdauung machen wir einen Spaziergang ans Mar Menor. Es ist recht frisch. <\/p>\n\n\n\n<figure class=\"wp-block-image size-large\"><img loading=\"lazy\" decoding=\"async\" width=\"1024\" height=\"769\" src=\"https:\/\/www.jimmy2.ch\/worldpress\/wp-content\/uploads\/2021\/02\/BAE90DB8-FA8C-4D4C-89A7-91CDCF50889A-1024x769.jpeg\" alt=\"\" class=\"wp-image-8740\" srcset=\"https:\/\/www.jimmy2.ch\/worldpress\/wp-content\/uploads\/2021\/02\/BAE90DB8-FA8C-4D4C-89A7-91CDCF50889A-1024x769.jpeg 1024w, https:\/\/www.jimmy2.ch\/worldpress\/wp-content\/uploads\/2021\/02\/BAE90DB8-FA8C-4D4C-89A7-91CDCF50889A-300x225.jpeg 300w, https:\/\/www.jimmy2.ch\/worldpress\/wp-content\/uploads\/2021\/02\/BAE90DB8-FA8C-4D4C-89A7-91CDCF50889A-768x577.jpeg 768w, https:\/\/www.jimmy2.ch\/worldpress\/wp-content\/uploads\/2021\/02\/BAE90DB8-FA8C-4D4C-89A7-91CDCF50889A-1536x1154.jpeg 1536w, https:\/\/www.jimmy2.ch\/worldpress\/wp-content\/uploads\/2021\/02\/BAE90DB8-FA8C-4D4C-89A7-91CDCF50889A-2048x1539.jpeg 2048w\" sizes=\"auto, (max-width: 1024px) 100vw, 1024px\" \/><\/figure>\n\n\n\n<figure class=\"wp-block-image size-large\"><img loading=\"lazy\" decoding=\"async\" width=\"1024\" height=\"768\" src=\"https:\/\/www.jimmy2.ch\/worldpress\/wp-content\/uploads\/2021\/02\/5EA2C644-E9A0-47F7-A029-4B6A3A70CC2F-1024x768.jpeg\" alt=\"\" class=\"wp-image-8741\" srcset=\"https:\/\/www.jimmy2.ch\/worldpress\/wp-content\/uploads\/2021\/02\/5EA2C644-E9A0-47F7-A029-4B6A3A70CC2F-1024x768.jpeg 1024w, https:\/\/www.jimmy2.ch\/worldpress\/wp-content\/uploads\/2021\/02\/5EA2C644-E9A0-47F7-A029-4B6A3A70CC2F-300x225.jpeg 300w, https:\/\/www.jimmy2.ch\/worldpress\/wp-content\/uploads\/2021\/02\/5EA2C644-E9A0-47F7-A029-4B6A3A70CC2F-768x576.jpeg 768w, https:\/\/www.jimmy2.ch\/worldpress\/wp-content\/uploads\/2021\/02\/5EA2C644-E9A0-47F7-A029-4B6A3A70CC2F-1536x1152.jpeg 1536w, https:\/\/www.jimmy2.ch\/worldpress\/wp-content\/uploads\/2021\/02\/5EA2C644-E9A0-47F7-A029-4B6A3A70CC2F-2048x1536.jpeg 2048w\" sizes=\"auto, (max-width: 1024px) 100vw, 1024px\" \/><\/figure>\n\n\n\n<p>In dem rot eingezeichneten Gebiet d\u00fcrfen wir uns bewegen. <\/p>\n\n\n\n<figure class=\"wp-block-image size-large\"><img loading=\"lazy\" decoding=\"async\" width=\"768\" height=\"1024\" src=\"https:\/\/www.jimmy2.ch\/worldpress\/wp-content\/uploads\/2021\/02\/8B202544-6A05-43C3-8738-84A769D4E387-768x1024.jpeg\" alt=\"\" class=\"wp-image-8742\" srcset=\"https:\/\/www.jimmy2.ch\/worldpress\/wp-content\/uploads\/2021\/02\/8B202544-6A05-43C3-8738-84A769D4E387-768x1024.jpeg 768w, https:\/\/www.jimmy2.ch\/worldpress\/wp-content\/uploads\/2021\/02\/8B202544-6A05-43C3-8738-84A769D4E387-225x300.jpeg 225w, https:\/\/www.jimmy2.ch\/worldpress\/wp-content\/uploads\/2021\/02\/8B202544-6A05-43C3-8738-84A769D4E387-1152x1536.jpeg 1152w, https:\/\/www.jimmy2.ch\/worldpress\/wp-content\/uploads\/2021\/02\/8B202544-6A05-43C3-8738-84A769D4E387-1536x2048.jpeg 1536w, https:\/\/www.jimmy2.ch\/worldpress\/wp-content\/uploads\/2021\/02\/8B202544-6A05-43C3-8738-84A769D4E387-scaled.jpeg 1920w\" sizes=\"auto, (max-width: 768px) 100vw, 768px\" \/><\/figure>\n\n\n\n<p>Und weil es im Sommer eine F\u00e4hre zu der Halb-Insel hat k\u00f6nnten wir auch dorthin. Aber nicht mehr dem Roller oder Auto. Dazu m\u00fcssten wir ja unsere Gemeinde verlassen.<\/p>\n\n\n\n<p><br><br><\/p>\n","protected":false},"excerpt":{"rendered":"<p>Freitag 5. Februar 2021Reise: San Javier Tag 23Unterwegs: mit dem Roller zu Mercadona und zu Fuss ans Mar Menor Standort: Camperpark La Ribera San Javier Wetter: 13\u00b0 \/ 18\u00b0 \/ 15\u00b0 bew\u00f6lkt, frisch, Sahara-Staub? Die Sonne kommt nur diffus durch &hellip; <a href=\"https:\/\/www.jimmy2.ch\/worldpress\/2021\/02\/05\/san-javier-tag-23\/\">Continue reading <span class=\"meta-nav\">&rarr;<\/span><\/a><\/p>\n","protected":false},"author":1,"featured_media":0,"comment_status":"open","ping_status":"open","sticky":false,"template":"","format":"standard","meta":{"footnotes":""},"categories":[62],"tags":[537,198,541,408],"class_list":["post-8734","post","type-post","status-publish","format-standard","hentry","category-spanien","tag-camperpark-la-ribera","tag-mar-menor","tag-mercadona","tag-san-javier"],"_links":{"self":[{"href":"https:\/\/www.jimmy2.ch\/worldpress\/wp-json\/wp\/v2\/posts\/8734","targetHints":{"allow":["GET"]}}],"collection":[{"href":"https:\/\/www.jimmy2.ch\/worldpress\/wp-json\/wp\/v2\/posts"}],"about":[{"href":"https:\/\/www.jimmy2.ch\/worldpress\/wp-json\/wp\/v2\/types\/post"}],"author":[{"embeddable":true,"href":"https:\/\/www.jimmy2.ch\/worldpress\/wp-json\/wp\/v2\/users\/1"}],"replies":[{"embeddable":true,"href":"https:\/\/www.jimmy2.ch\/worldpress\/wp-json\/wp\/v2\/comments?post=8734"}],"version-history":[{"count":5,"href":"https:\/\/www.jimmy2.ch\/worldpress\/wp-json\/wp\/v2\/posts\/8734\/revisions"}],"predecessor-version":[{"id":8750,"href":"https:\/\/www.jimmy2.ch\/worldpress\/wp-json\/wp\/v2\/posts\/8734\/revisions\/8750"}],"wp:attachment":[{"href":"https:\/\/www.jimmy2.ch\/worldpress\/wp-json\/wp\/v2\/media?parent=8734"}],"wp:term":[{"taxonomy":"category","embeddable":true,"href":"https:\/\/www.jimmy2.ch\/worldpress\/wp-json\/wp\/v2\/categories?post=8734"},{"taxonomy":"post_tag","embeddable":true,"href":"https:\/\/www.jimmy2.ch\/worldpress\/wp-json\/wp\/v2\/tags?post=8734"}],"curies":[{"name":"wp","href":"https:\/\/api.w.org\/{rel}","templated":true}]}}