{"id":8729,"date":"2021-02-04T20:45:31","date_gmt":"2021-02-04T19:45:31","guid":{"rendered":"http:\/\/www.jimmy2.ch\/worldpress\/?p=8729"},"modified":"2021-02-04T20:45:31","modified_gmt":"2021-02-04T19:45:31","slug":"san-javier-tag-22","status":"publish","type":"post","link":"https:\/\/www.jimmy2.ch\/worldpress\/2021\/02\/04\/san-javier-tag-22\/","title":{"rendered":"San Javier Tag 22"},"content":{"rendered":"\n<p>Donnerstag 4. Februar 2021<br>Reise: San Javier  Tag 22<br>Unterwegs: zu Fuss ans Mar Menor <br>Standort: Camperpark La Ribera San Javier<br><br>Wetter:  10\u00b0 \/ 18\u00b0 \/ 10\u00b0 bew\u00f6lkt und ein frischer Wind<br><br>Ein frischer und deshalb ungem\u00fctlicher Tag. <br><br>Waschtag. Schon wieder 14 Tage um. Heute h\u00e4ngen wir die W\u00e4sche zum Trocknen an die frische Luft. <\/p>\n\n\n\n<figure class=\"wp-block-image size-large\"><img loading=\"lazy\" decoding=\"async\" width=\"1024\" height=\"768\" src=\"https:\/\/www.jimmy2.ch\/worldpress\/wp-content\/uploads\/2021\/02\/89A89A25-AADF-43AE-B179-17DAE9365165-1024x768.jpeg\" alt=\"\" class=\"wp-image-8725\" srcset=\"https:\/\/www.jimmy2.ch\/worldpress\/wp-content\/uploads\/2021\/02\/89A89A25-AADF-43AE-B179-17DAE9365165-1024x768.jpeg 1024w, https:\/\/www.jimmy2.ch\/worldpress\/wp-content\/uploads\/2021\/02\/89A89A25-AADF-43AE-B179-17DAE9365165-300x225.jpeg 300w, https:\/\/www.jimmy2.ch\/worldpress\/wp-content\/uploads\/2021\/02\/89A89A25-AADF-43AE-B179-17DAE9365165-768x576.jpeg 768w, https:\/\/www.jimmy2.ch\/worldpress\/wp-content\/uploads\/2021\/02\/89A89A25-AADF-43AE-B179-17DAE9365165-1536x1152.jpeg 1536w, https:\/\/www.jimmy2.ch\/worldpress\/wp-content\/uploads\/2021\/02\/89A89A25-AADF-43AE-B179-17DAE9365165-2048x1536.jpeg 2048w\" sizes=\"auto, (max-width: 1024px) 100vw, 1024px\" \/><\/figure>\n\n\n\n<p><br>Zu Fuss geht es ans Mar Menor. <\/p>\n\n\n\n<figure class=\"wp-block-image size-large\"><img loading=\"lazy\" decoding=\"async\" width=\"1024\" height=\"768\" src=\"https:\/\/www.jimmy2.ch\/worldpress\/wp-content\/uploads\/2021\/02\/6FEED61B-3E8F-43E4-A791-7160FDED7D06-1024x768.jpeg\" alt=\"\" class=\"wp-image-8727\" srcset=\"https:\/\/www.jimmy2.ch\/worldpress\/wp-content\/uploads\/2021\/02\/6FEED61B-3E8F-43E4-A791-7160FDED7D06-1024x768.jpeg 1024w, https:\/\/www.jimmy2.ch\/worldpress\/wp-content\/uploads\/2021\/02\/6FEED61B-3E8F-43E4-A791-7160FDED7D06-300x225.jpeg 300w, https:\/\/www.jimmy2.ch\/worldpress\/wp-content\/uploads\/2021\/02\/6FEED61B-3E8F-43E4-A791-7160FDED7D06-768x576.jpeg 768w, https:\/\/www.jimmy2.ch\/worldpress\/wp-content\/uploads\/2021\/02\/6FEED61B-3E8F-43E4-A791-7160FDED7D06-1536x1152.jpeg 1536w, https:\/\/www.jimmy2.ch\/worldpress\/wp-content\/uploads\/2021\/02\/6FEED61B-3E8F-43E4-A791-7160FDED7D06-2048x1536.jpeg 2048w\" sizes=\"auto, (max-width: 1024px) 100vw, 1024px\" \/><\/figure>\n\n\n\n<p>Viel ist nicht los. Es ist zu frisch. Wir sitzen etwas auf unserem Holzstapel und schauen aufs \u201eMeer\u201c. <br><br>Wieder zur\u00fcck nehmen wir die W\u00e4sche ab. Ist alles trocken geworden. <\/p>\n\n\n\n<p>Es ist frisch. Wir verziehen uns ins Wohnmobil.<br><br><br><\/p>\n","protected":false},"excerpt":{"rendered":"<p>Donnerstag 4. Februar 2021Reise: San Javier Tag 22Unterwegs: zu Fuss ans Mar Menor Standort: Camperpark La Ribera San Javier Wetter: 10\u00b0 \/ 18\u00b0 \/ 10\u00b0 bew\u00f6lkt und ein frischer Wind Ein frischer und deshalb ungem\u00fctlicher Tag. Waschtag. Schon wieder 14 &hellip; <a href=\"https:\/\/www.jimmy2.ch\/worldpress\/2021\/02\/04\/san-javier-tag-22\/\">Continue reading <span class=\"meta-nav\">&rarr;<\/span><\/a><\/p>\n","protected":false},"author":1,"featured_media":0,"comment_status":"open","ping_status":"open","sticky":false,"template":"","format":"standard","meta":{"footnotes":""},"categories":[62],"tags":[537,198,408,101],"class_list":["post-8729","post","type-post","status-publish","format-standard","hentry","category-spanien","tag-camperpark-la-ribera","tag-mar-menor","tag-san-javier","tag-spanien"],"_links":{"self":[{"href":"https:\/\/www.jimmy2.ch\/worldpress\/wp-json\/wp\/v2\/posts\/8729","targetHints":{"allow":["GET"]}}],"collection":[{"href":"https:\/\/www.jimmy2.ch\/worldpress\/wp-json\/wp\/v2\/posts"}],"about":[{"href":"https:\/\/www.jimmy2.ch\/worldpress\/wp-json\/wp\/v2\/types\/post"}],"author":[{"embeddable":true,"href":"https:\/\/www.jimmy2.ch\/worldpress\/wp-json\/wp\/v2\/users\/1"}],"replies":[{"embeddable":true,"href":"https:\/\/www.jimmy2.ch\/worldpress\/wp-json\/wp\/v2\/comments?post=8729"}],"version-history":[{"count":3,"href":"https:\/\/www.jimmy2.ch\/worldpress\/wp-json\/wp\/v2\/posts\/8729\/revisions"}],"predecessor-version":[{"id":8736,"href":"https:\/\/www.jimmy2.ch\/worldpress\/wp-json\/wp\/v2\/posts\/8729\/revisions\/8736"}],"wp:attachment":[{"href":"https:\/\/www.jimmy2.ch\/worldpress\/wp-json\/wp\/v2\/media?parent=8729"}],"wp:term":[{"taxonomy":"category","embeddable":true,"href":"https:\/\/www.jimmy2.ch\/worldpress\/wp-json\/wp\/v2\/categories?post=8729"},{"taxonomy":"post_tag","embeddable":true,"href":"https:\/\/www.jimmy2.ch\/worldpress\/wp-json\/wp\/v2\/tags?post=8729"}],"curies":[{"name":"wp","href":"https:\/\/api.w.org\/{rel}","templated":true}]}}