{"id":8718,"date":"2021-02-03T21:18:00","date_gmt":"2021-02-03T20:18:00","guid":{"rendered":"http:\/\/www.jimmy2.ch\/worldpress\/?p=8718"},"modified":"2021-02-12T21:50:53","modified_gmt":"2021-02-12T20:50:53","slug":"san-javier-tag-21","status":"publish","type":"post","link":"https:\/\/www.jimmy2.ch\/worldpress\/2021\/02\/03\/san-javier-tag-21\/","title":{"rendered":"San Javier Tag 21"},"content":{"rendered":"\n<p>Mittwoch 3. Februar 2021<br>Reise: San Javier  Tag 21<br>Unterwegs: mit dem Roller unterwegs <br>Standort: Camperpark La Ribera San Javier<br><br>Wetter:  6\u00b0 \/ 20\u00b0 \/ 10\u00b0C bew\u00f6lkt, frisch, wenig Sonne<br><br>Mit zahlreichen B\u00f6llersch\u00fcssen werden wir um 8 Uhr geweckt. <br>Warum? Wieso? Keine Ahnung. <br><br>Es sind wieder frische N\u00e4chte hier in San Javier. Am Morgen ist der Himmel wolkenverhangen. Die Heizung muss wieder in Aktion treten. <br><br>Christa w\u00fcnscht sich einen neuen Teppich f\u00fcr das Badezimmer. Also machen wir uns auf die Suche. Mehrere grosse \u201eChina\u201c-M\u00e4rkte werden besucht. Auch das Baucenter Leroy Merlin. Wir finden vieles. Nur keinen Teppich. <\/p>\n\n\n\n<p>Dann noch schnell im Carrefour einkaufen. <br><br>Wieder zu Hause wird der Pizza-Ofen angeworfen. Trotz frischen Temperaturen essen wir draussen. <br><br>3 Wochen stehen wir nun schon auf dem Camperpark La Ribera in San Javier. Uns geht es noch immer super und wir f\u00fchlen uns sicher hier. <\/p>\n\n\n\n<p>F\u00fcr eine Weiter-Reise sehen die Corona Inzidenzien schlecht aus. <\/p>\n\n\n\n<figure class=\"wp-block-image size-large\"><img loading=\"lazy\" decoding=\"async\" width=\"1024\" height=\"768\" src=\"https:\/\/www.jimmy2.ch\/worldpress\/wp-content\/uploads\/2021\/02\/ECDF363F-9B02-4CAE-A19C-311BE01EA13B-1024x768.jpeg\" alt=\"\" class=\"wp-image-8724\" srcset=\"https:\/\/www.jimmy2.ch\/worldpress\/wp-content\/uploads\/2021\/02\/ECDF363F-9B02-4CAE-A19C-311BE01EA13B-1024x768.jpeg 1024w, https:\/\/www.jimmy2.ch\/worldpress\/wp-content\/uploads\/2021\/02\/ECDF363F-9B02-4CAE-A19C-311BE01EA13B-300x225.jpeg 300w, https:\/\/www.jimmy2.ch\/worldpress\/wp-content\/uploads\/2021\/02\/ECDF363F-9B02-4CAE-A19C-311BE01EA13B-768x576.jpeg 768w, https:\/\/www.jimmy2.ch\/worldpress\/wp-content\/uploads\/2021\/02\/ECDF363F-9B02-4CAE-A19C-311BE01EA13B-1536x1152.jpeg 1536w, https:\/\/www.jimmy2.ch\/worldpress\/wp-content\/uploads\/2021\/02\/ECDF363F-9B02-4CAE-A19C-311BE01EA13B-2048x1536.jpeg 2048w\" sizes=\"auto, (max-width: 1024px) 100vw, 1024px\" \/><\/figure>\n\n\n\n<p><br><br><br><br><\/p>\n","protected":false},"excerpt":{"rendered":"<p>Mittwoch 3. Februar 2021Reise: San Javier Tag 21Unterwegs: mit dem Roller unterwegs Standort: Camperpark La Ribera San Javier Wetter: 6\u00b0 \/ 20\u00b0 \/ 10\u00b0C bew\u00f6lkt, frisch, wenig Sonne Mit zahlreichen B\u00f6llersch\u00fcssen werden wir um 8 Uhr geweckt. Warum? Wieso? Keine &hellip; <a href=\"https:\/\/www.jimmy2.ch\/worldpress\/2021\/02\/03\/san-javier-tag-21\/\">Continue reading <span class=\"meta-nav\">&rarr;<\/span><\/a><\/p>\n","protected":false},"author":1,"featured_media":0,"comment_status":"open","ping_status":"open","sticky":false,"template":"","format":"standard","meta":{"footnotes":""},"categories":[62],"tags":[537,540,408,101],"class_list":["post-8718","post","type-post","status-publish","format-standard","hentry","category-spanien","tag-camperpark-la-ribera","tag-dos-mares","tag-san-javier","tag-spanien"],"_links":{"self":[{"href":"https:\/\/www.jimmy2.ch\/worldpress\/wp-json\/wp\/v2\/posts\/8718","targetHints":{"allow":["GET"]}}],"collection":[{"href":"https:\/\/www.jimmy2.ch\/worldpress\/wp-json\/wp\/v2\/posts"}],"about":[{"href":"https:\/\/www.jimmy2.ch\/worldpress\/wp-json\/wp\/v2\/types\/post"}],"author":[{"embeddable":true,"href":"https:\/\/www.jimmy2.ch\/worldpress\/wp-json\/wp\/v2\/users\/1"}],"replies":[{"embeddable":true,"href":"https:\/\/www.jimmy2.ch\/worldpress\/wp-json\/wp\/v2\/comments?post=8718"}],"version-history":[{"count":6,"href":"https:\/\/www.jimmy2.ch\/worldpress\/wp-json\/wp\/v2\/posts\/8718\/revisions"}],"predecessor-version":[{"id":8802,"href":"https:\/\/www.jimmy2.ch\/worldpress\/wp-json\/wp\/v2\/posts\/8718\/revisions\/8802"}],"wp:attachment":[{"href":"https:\/\/www.jimmy2.ch\/worldpress\/wp-json\/wp\/v2\/media?parent=8718"}],"wp:term":[{"taxonomy":"category","embeddable":true,"href":"https:\/\/www.jimmy2.ch\/worldpress\/wp-json\/wp\/v2\/categories?post=8718"},{"taxonomy":"post_tag","embeddable":true,"href":"https:\/\/www.jimmy2.ch\/worldpress\/wp-json\/wp\/v2\/tags?post=8718"}],"curies":[{"name":"wp","href":"https:\/\/api.w.org\/{rel}","templated":true}]}}