{"id":858,"date":"2017-03-04T23:10:40","date_gmt":"2017-03-04T22:10:40","guid":{"rendered":"http:\/\/www.jimmy2.ch\/worldpress\/?p=858"},"modified":"2021-12-11T20:53:37","modified_gmt":"2021-12-11T18:53:37","slug":"cuges-les-pins","status":"publish","type":"post","link":"https:\/\/www.jimmy2.ch\/worldpress\/2017\/03\/04\/cuges-les-pins\/","title":{"rendered":"Cuges-les-Pins"},"content":{"rendered":"<p style=\"text-align: center;\"><strong>Samstag 4. M\u00e4rz 2017<\/strong><\/p>\n<p style=\"text-align: center;\">Aigues-Mortes \u2013 Cuges-les-Pins \/ 204 km<br \/>\nstarker Wind \/ kalt<\/p>\n<p>Um 4 Uhr beginnt es zu regnen und zu st\u00fcrmen. Zahlreiche B\u00f6en lassen das Wohnmobil stark schaukeln. Ich muss am Morgen mal schauen ob es noch am gleichen Ort steht.<\/p>\n<p><a href=\"https:\/\/www.jimmy2.ch\/worldpress\/wp-content\/uploads\/2017\/03\/IMG_6898.jpg\"><img loading=\"lazy\" decoding=\"async\" class=\"size-medium wp-image-873 aligncenter\" src=\"https:\/\/www.jimmy2.ch\/worldpress\/wp-content\/uploads\/2017\/03\/IMG_6898-300x109.jpg\" alt=\"\" width=\"300\" height=\"109\" srcset=\"https:\/\/www.jimmy2.ch\/worldpress\/wp-content\/uploads\/2017\/03\/IMG_6898-300x109.jpg 300w, https:\/\/www.jimmy2.ch\/worldpress\/wp-content\/uploads\/2017\/03\/IMG_6898-768x280.jpg 768w, https:\/\/www.jimmy2.ch\/worldpress\/wp-content\/uploads\/2017\/03\/IMG_6898-1024x374.jpg 1024w\" sizes=\"auto, (max-width: 300px) 100vw, 300px\" \/><\/a><\/p>\n<p><a href=\"https:\/\/www.jimmy2.ch\/worldpress\/wp-content\/uploads\/2017\/03\/IMG_6899.jpg\"><img loading=\"lazy\" decoding=\"async\" class=\"size-medium wp-image-874 aligncenter\" src=\"https:\/\/www.jimmy2.ch\/worldpress\/wp-content\/uploads\/2017\/03\/IMG_6899-300x190.jpg\" alt=\"\" width=\"300\" height=\"190\" srcset=\"https:\/\/www.jimmy2.ch\/worldpress\/wp-content\/uploads\/2017\/03\/IMG_6899-300x190.jpg 300w, https:\/\/www.jimmy2.ch\/worldpress\/wp-content\/uploads\/2017\/03\/IMG_6899-768x486.jpg 768w, https:\/\/www.jimmy2.ch\/worldpress\/wp-content\/uploads\/2017\/03\/IMG_6899-1024x648.jpg 1024w\" sizes=\"auto, (max-width: 300px) 100vw, 300px\" \/><\/a><\/p>\n<p>Kurz nach 8 stehen wir auf. Wir stehen schon einige Tage \u00abfrei\u00bb und haben keine Ahnung wo wie heute Abend stehen werden bzw. wie die Sanit\u00e4ren Anlagen sein werden. Im Moment haben wir die M\u00f6glichkeit Wasser zu entsorgen und Frischwasser aufzuf\u00fcllen. So kommt heute die Dusche im Wohnmobil wieder einmal zum Einsatz. Der Regen hat aufgeh\u00f6rt. Nicht aber der starke und kalte Wind. Ich laufe ins Dorf um Croissants und ein Baguette f\u00fcr das Fr\u00fchst\u00fcck zu kaufen. Nachdem die \u00abK\u00f6rperpflege\u00bb gemacht wurde und alles im Wohnmobil wieder an seinem Platz steht, fahren wir kurz vor 11 Uhr ab.<\/p>\n<p>Unser 1. Ziel ist Stes. Maries-de-la-Mer. Als wir um 12 Uhr ankommen ist es draussen d\u00fcster. Bei dieser K\u00e4lte und diesem Sturm will Christa gar nicht aussteigen.<\/p>\n<p><a href=\"https:\/\/www.jimmy2.ch\/worldpress\/wp-content\/uploads\/2017\/03\/IMG_6908.jpg\"><img loading=\"lazy\" decoding=\"async\" class=\"size-medium wp-image-879 aligncenter\" src=\"https:\/\/www.jimmy2.ch\/worldpress\/wp-content\/uploads\/2017\/03\/IMG_6908-300x225.jpg\" alt=\"\" width=\"300\" height=\"225\" srcset=\"https:\/\/www.jimmy2.ch\/worldpress\/wp-content\/uploads\/2017\/03\/IMG_6908-300x225.jpg 300w, https:\/\/www.jimmy2.ch\/worldpress\/wp-content\/uploads\/2017\/03\/IMG_6908-768x576.jpg 768w, https:\/\/www.jimmy2.ch\/worldpress\/wp-content\/uploads\/2017\/03\/IMG_6908-1024x768.jpg 1024w\" sizes=\"auto, (max-width: 300px) 100vw, 300px\" \/><\/a><\/p>\n<p>Aber ich kann sie \u00fcberreden. Und so machen wir dick eingeh\u00fcllt einen Spaziergang am Meer entlang.<\/p>\n<p><a href=\"https:\/\/www.jimmy2.ch\/worldpress\/wp-content\/uploads\/2017\/03\/IMG_6901.jpg\"><img loading=\"lazy\" decoding=\"async\" class=\"size-medium wp-image-875 aligncenter\" src=\"https:\/\/www.jimmy2.ch\/worldpress\/wp-content\/uploads\/2017\/03\/IMG_6901-300x225.jpg\" alt=\"\" width=\"300\" height=\"225\" srcset=\"https:\/\/www.jimmy2.ch\/worldpress\/wp-content\/uploads\/2017\/03\/IMG_6901-300x225.jpg 300w, https:\/\/www.jimmy2.ch\/worldpress\/wp-content\/uploads\/2017\/03\/IMG_6901-768x576.jpg 768w, https:\/\/www.jimmy2.ch\/worldpress\/wp-content\/uploads\/2017\/03\/IMG_6901-1024x768.jpg 1024w\" sizes=\"auto, (max-width: 300px) 100vw, 300px\" \/><\/a><\/p>\n<p><a href=\"https:\/\/www.jimmy2.ch\/worldpress\/wp-content\/uploads\/2017\/03\/IMG_6903.jpg\"><img loading=\"lazy\" decoding=\"async\" class=\"size-medium wp-image-877 aligncenter\" src=\"https:\/\/www.jimmy2.ch\/worldpress\/wp-content\/uploads\/2017\/03\/IMG_6903-300x93.jpg\" alt=\"\" width=\"300\" height=\"93\" srcset=\"https:\/\/www.jimmy2.ch\/worldpress\/wp-content\/uploads\/2017\/03\/IMG_6903-300x93.jpg 300w, https:\/\/www.jimmy2.ch\/worldpress\/wp-content\/uploads\/2017\/03\/IMG_6903-768x238.jpg 768w, https:\/\/www.jimmy2.ch\/worldpress\/wp-content\/uploads\/2017\/03\/IMG_6903-1024x318.jpg 1024w\" sizes=\"auto, (max-width: 300px) 100vw, 300px\" \/><\/a><\/p>\n<p style=\"text-align: center;\">Herrlich anzusehen wie die Wellen an den Wellenbrechern brechen.<\/p>\n<p style=\"text-align: center;\"><a href=\"https:\/\/www.jimmy2.ch\/worldpress\/wp-content\/uploads\/2017\/03\/IMG_6902.jpg\"><img loading=\"lazy\" decoding=\"async\" class=\"alignnone size-medium wp-image-876\" src=\"https:\/\/www.jimmy2.ch\/worldpress\/wp-content\/uploads\/2017\/03\/IMG_6902-300x150.jpg\" alt=\"\" width=\"300\" height=\"150\" srcset=\"https:\/\/www.jimmy2.ch\/worldpress\/wp-content\/uploads\/2017\/03\/IMG_6902-300x150.jpg 300w, https:\/\/www.jimmy2.ch\/worldpress\/wp-content\/uploads\/2017\/03\/IMG_6902-768x384.jpg 768w, https:\/\/www.jimmy2.ch\/worldpress\/wp-content\/uploads\/2017\/03\/IMG_6902-1024x512.jpg 1024w\" sizes=\"auto, (max-width: 300px) 100vw, 300px\" \/><\/a><\/p>\n<p style=\"text-align: center;\">Ich liebe nichts mehr als Wind im Fell!<\/p>\n<p style=\"text-align: center;\"><a href=\"https:\/\/www.jimmy2.ch\/worldpress\/wp-content\/uploads\/2017\/03\/IMG_6907.jpg\"><img loading=\"lazy\" decoding=\"async\" class=\"alignnone size-medium wp-image-878\" src=\"https:\/\/www.jimmy2.ch\/worldpress\/wp-content\/uploads\/2017\/03\/IMG_6907-281x300.jpg\" alt=\"\" width=\"281\" height=\"300\" srcset=\"https:\/\/www.jimmy2.ch\/worldpress\/wp-content\/uploads\/2017\/03\/IMG_6907-281x300.jpg 281w, https:\/\/www.jimmy2.ch\/worldpress\/wp-content\/uploads\/2017\/03\/IMG_6907-768x820.jpg 768w, https:\/\/www.jimmy2.ch\/worldpress\/wp-content\/uploads\/2017\/03\/IMG_6907-960x1024.jpg 960w, https:\/\/www.jimmy2.ch\/worldpress\/wp-content\/uploads\/2017\/03\/IMG_6907.jpg 2040w\" sizes=\"auto, (max-width: 281px) 100vw, 281px\" \/><\/a><\/p>\n<p>Um uns aufzuw\u00e4rmen gehen wir in ein Bistro. Es ist gem\u00fctlich aber nicht w\u00e4rmer. Wir wollten nur etwas trinken. Entscheiden uns dann aber Mittag zu essen.<\/p>\n<p>Kurz nach 13 Uhr geht es weiter. In Greasque hat es einen Stellplatz bei einem Bergbau-Museum. Wir fahren querfeldein. Umkreiseln Arles \/ Fos s\/Mer \/ Martigues um nur einige Ortschaften zu nennen.<\/p>\n<p>Um 16 Uhr treffen wir in Greasque ein. 4 Wohnmobile stehen schon hier.<\/p>\n<p><a href=\"https:\/\/www.jimmy2.ch\/worldpress\/wp-content\/uploads\/2017\/03\/IMG_6910.jpg\"><img loading=\"lazy\" decoding=\"async\" class=\"size-medium wp-image-881 aligncenter\" src=\"https:\/\/www.jimmy2.ch\/worldpress\/wp-content\/uploads\/2017\/03\/IMG_6910-300x225.jpg\" alt=\"\" width=\"300\" height=\"225\" srcset=\"https:\/\/www.jimmy2.ch\/worldpress\/wp-content\/uploads\/2017\/03\/IMG_6910-300x225.jpg 300w, https:\/\/www.jimmy2.ch\/worldpress\/wp-content\/uploads\/2017\/03\/IMG_6910-768x576.jpg 768w, https:\/\/www.jimmy2.ch\/worldpress\/wp-content\/uploads\/2017\/03\/IMG_6910-1024x768.jpg 1024w\" sizes=\"auto, (max-width: 300px) 100vw, 300px\" \/><\/a><\/p>\n<p><a href=\"https:\/\/www.jimmy2.ch\/worldpress\/wp-content\/uploads\/2017\/03\/IMG_6909-e1488836935732.jpg\"><img loading=\"lazy\" decoding=\"async\" class=\"size-medium wp-image-880 aligncenter\" src=\"https:\/\/www.jimmy2.ch\/worldpress\/wp-content\/uploads\/2017\/03\/IMG_6909-e1488836935732-225x300.jpg\" alt=\"\" width=\"225\" height=\"300\" srcset=\"https:\/\/www.jimmy2.ch\/worldpress\/wp-content\/uploads\/2017\/03\/IMG_6909-e1488836935732-225x300.jpg 225w, https:\/\/www.jimmy2.ch\/worldpress\/wp-content\/uploads\/2017\/03\/IMG_6909-e1488836935732-768x1024.jpg 768w\" sizes=\"auto, (max-width: 225px) 100vw, 225px\" \/><\/a><\/p>\n<p>Nach einem kurzen Rundgang auf dem Platz und ins Gel\u00e4nde des Bergbau-Museums entscheiden wir uns wieder zu reisen. F\u00fcr ein Bleiben ist zu wenig los. Und nur einfach den Rest des Tages totschlagen wollen wir hier nicht.<\/p>\n<p>In Cuges-les-Pins hat es noch einen Stellplatz. Im Stellplatzf\u00fchrer steht: es ist ein ruhiger Platz in einem pr\u00e4chtigen Nadelwald. Die 4.50 Euro \u00dcbernachtungsgeb\u00fchr werden von der \u00f6rtlichen Polizei einkassiert.<\/p>\n<p>Etwas nach 17 Uhr treffen wir in Cuges-les-Pins ein. Im Dorf ist die Zufahrt gut ausgeschildert. Die Zufahrt ist aber sehr eng. Kreuzen unm\u00f6glich. Wir finden einen Platz unter B\u00e4umen. Diesmal sind wir die einzigen. Wir parkieren unser Wohnmobil, m\u00fcssen dann aber nochmals um parkieren das wir wegen einem Baum keinen Sateliten-Empfang haben.<\/p>\n<p>Dann schauen wir wo die Ver- und Entsorgung ist. Wir spazieren noch etwas weiter ins Tal hinein. Die Strasse wird immer schlechter. Wir wollten schon umkehren. Da sehen wir durch die B\u00e4ume etwas Helles schimmern. Da ist er der Stellplatz. Und es stehen schon einige Wohnmobile hier.<\/p>\n<p>Also zur\u00fcck und nochmals \u00abumziehen\u00bb. Dort wo es Sateliten-Empfang gibt sind die Pl\u00e4tze schon belegt bzw. auf den noch vorhandenen haben wir keinen Platz. Also \u00abquetsche\u00bb im mich der L\u00e4nge nach an den Hang.<\/p>\n<p><a href=\"https:\/\/www.jimmy2.ch\/worldpress\/wp-content\/uploads\/2017\/03\/IMG_6915.jpg\"><img loading=\"lazy\" decoding=\"async\" class=\"size-medium wp-image-883 aligncenter\" src=\"https:\/\/www.jimmy2.ch\/worldpress\/wp-content\/uploads\/2017\/03\/IMG_6915-300x225.jpg\" alt=\"\" width=\"300\" height=\"225\" srcset=\"https:\/\/www.jimmy2.ch\/worldpress\/wp-content\/uploads\/2017\/03\/IMG_6915-300x225.jpg 300w, https:\/\/www.jimmy2.ch\/worldpress\/wp-content\/uploads\/2017\/03\/IMG_6915-768x576.jpg 768w, https:\/\/www.jimmy2.ch\/worldpress\/wp-content\/uploads\/2017\/03\/IMG_6915-1024x768.jpg 1024w\" sizes=\"auto, (max-width: 300px) 100vw, 300px\" \/><\/a><\/p>\n<p><a href=\"https:\/\/www.jimmy2.ch\/worldpress\/wp-content\/uploads\/2017\/03\/IMG_6916.jpg\"><img loading=\"lazy\" decoding=\"async\" class=\"size-medium wp-image-884 aligncenter\" src=\"https:\/\/www.jimmy2.ch\/worldpress\/wp-content\/uploads\/2017\/03\/IMG_6916-300x225.jpg\" alt=\"\" width=\"300\" height=\"225\" srcset=\"https:\/\/www.jimmy2.ch\/worldpress\/wp-content\/uploads\/2017\/03\/IMG_6916-300x225.jpg 300w, https:\/\/www.jimmy2.ch\/worldpress\/wp-content\/uploads\/2017\/03\/IMG_6916-768x576.jpg 768w, https:\/\/www.jimmy2.ch\/worldpress\/wp-content\/uploads\/2017\/03\/IMG_6916-1024x768.jpg 1024w\" sizes=\"auto, (max-width: 300px) 100vw, 300px\" \/><\/a><\/p>\n<p>Kurz darauf kommt die Platzwartin und der gef\u00e4llt das ganz und gar nicht. Ich w\u00fcrde Platz f\u00fcr 2 Wohnmobile brauchen. Hinten h\u00e4tte es noch einen Platz. Ich erkl\u00e4re Ihr, dass ich das gesehen h\u00e4tte aber da nicht reinpasse. Und wenn ich mich so wie die anderen hinstellen w\u00fcrde, k\u00e4me ich zu weit in die Strasse hinein. Dann m\u00fcsse ich halt n\u00e4her an den Nachbarn ran parkieren meint sie. Der Nachbar ist zuf\u00e4llig vor seinem Mobil und ist einverstanden.<\/p>\n<p>Die Platzwartin erz\u00e4hlt dass morgen hier ein Berglauf stattfinden wird. \u00dcber 1&#8217;000 L\u00e4ufer w\u00fcrden morgen hier vor meinem Wohnmobil den Hang hinauf kraxeln. Nun merkt sie, dass ich scheinbar nicht verstehe, was sie sagt. Nach einem Blick auf unser Kontrollschild wird sie freundlichen und erkl\u00e4rt das ganze nochmals auf Englisch. Und zeigt auf die Markierungen im Gel\u00e4nde.<\/p>\n<p>Sie schreibt mir eine Quittung \u00fcber die 4.50 Euro. Ich gebe ihr einen 5 Euro Schein und sage, dass sie den Rest behalten kann. Nun wird sie noch freundlichen und ich kann mein Wohnmobil so stehen lassen wie es steht.<\/p>\n<p>Unser Nachbar steht noch immer draussen und macht sein Mobil f\u00fcr die Nacht parat. Ich frage ihn, ob das mit dem Lauf stimme. Er best\u00e4tigt mir, was ich schon verstanden habe. Ab 08.30 Uhr sollen in 3 Staffeln \u00fcber 1&#8217;000 L\u00e4ufer zu einem Berglauf \u00fcber 23 bzw. 44 km starten und zwar von der Wiese aus wo wir unser Wohnmobil zuvor parkiert hatten.<\/p>\n<p>Wir sind ja gespannt wie das morgen ablaufen wird.<\/p>\n<p>Im Hang \u00fcber unserem Wohnmobil sieht Christ wie 3 Steinb\u00f6cke Bl\u00e4tter von den Zweigen essen.<\/p>\n<p><a href=\"https:\/\/www.jimmy2.ch\/worldpress\/wp-content\/uploads\/2017\/03\/IMG_6911-e1488836901544.jpg\"><img loading=\"lazy\" decoding=\"async\" class=\"size-medium wp-image-882 aligncenter\" src=\"https:\/\/www.jimmy2.ch\/worldpress\/wp-content\/uploads\/2017\/03\/IMG_6911-e1488836901544-225x300.jpg\" alt=\"\" width=\"225\" height=\"300\" srcset=\"https:\/\/www.jimmy2.ch\/worldpress\/wp-content\/uploads\/2017\/03\/IMG_6911-e1488836901544-225x300.jpg 225w, https:\/\/www.jimmy2.ch\/worldpress\/wp-content\/uploads\/2017\/03\/IMG_6911-e1488836901544-768x1024.jpg 768w\" sizes=\"auto, (max-width: 225px) 100vw, 225px\" \/><\/a><\/p>\n<p>Nach dem Z\u2019Nacht schaut Christa DSDS. Ich schreibe wieder einmal an den Reiseberichten.<br \/>\nDraussen regnet es ab und zu. Dann ist es Zeit f\u00fcr mich ins Bett zu gehen. Christa schaut noch etwas weiter DSDS.<\/p>\n<p style=\"text-align: center;\"><a href=\"https:\/\/www.google.com\/maps\/dir\/Aire+de+camping-car+Aigues-Mortes,+49+Boulevard+Diderot,+30220+Aigues-Mortes,+Frankreich\/43.4542737,4.4333111\/Aire+de+camping-car+5%E2%82%AC\/Cuges-les-Pins,+Frankreich\/43.2815327,5.705354\/@43.475639,4.5229851,9.55z\/data=!4m22!4m21!1m5!1m1!1s0x12b69a814a30a5b9:0x965f8ec34ac4f06e!2m2!1d4.1963036!2d43.5652723!1m0!1m5!1m1!1s0x0:0x6a953a1274135261!2m2!1d5.534055!2d43.4333033!1m5!1m1!1s0x12c9a0bf94546175:0x40819a5fd9703b0!2m2!1d5.700041!2d43.27548!1m0!3e0\" target=\"_blank\" rel=\"noopener\"><strong>Unsere heutige Strecke<\/strong><\/a><\/p>\n<p style=\"text-align: center;\"><a href=\"https:\/\/www.google.com\/maps\/dir\/43.2815327,5.705354\/\/@43.1949853,5.8952408,10z\/data=!4m2!4m1!3e0\" target=\"_blank\" rel=\"noopener\"><strong>Unser heutiger Standort<\/strong><\/a><\/p>\n<p style=\"text-align: center;\"><a href=\"http:\/\/www.campercontact.com\/fr\/france\/provence-alpes-cote-dazur-w-13-83-84\/greasque\/4390\/aire-de-camping-car-parking-musee-de-la-mine.aspx\" target=\"_blank\" rel=\"noopener\"><strong>Campercontagt Greasque<\/strong><\/a><\/p>\n<p style=\"text-align: center;\"><a href=\"http:\/\/www.campercontact.com\/fr\/france\/provence-alpes-cote-dazur-w-13-83-84\/cuges-les-pins\/2377\/aire-de-camping-car-aire-de-camping-car-le-jardin-de-la-ville.aspx\" target=\"_blank\" rel=\"noopener\"><strong>Campercontact Cugel-les-Pins<\/strong><\/a><\/p>\n","protected":false},"excerpt":{"rendered":"<p>Samstag 4. M\u00e4rz 2017 Aigues-Mortes \u2013 Cuges-les-Pins \/ 204 km starker Wind \/ kalt Um 4 Uhr beginnt es zu regnen und zu st\u00fcrmen. Zahlreiche B\u00f6en lassen das Wohnmobil stark schaukeln. Ich muss am Morgen mal schauen ob es noch &hellip; <a href=\"https:\/\/www.jimmy2.ch\/worldpress\/2017\/03\/04\/cuges-les-pins\/\">Continue reading <span class=\"meta-nav\">&rarr;<\/span><\/a><\/p>\n","protected":false},"author":1,"featured_media":0,"comment_status":"open","ping_status":"open","sticky":false,"template":"","format":"standard","meta":{"footnotes":""},"categories":[69],"tags":[49,52,51,50],"class_list":["post-858","post","type-post","status-publish","format-standard","hentry","category-frankreich","tag-aiques-mortes","tag-cuges-les-pins","tag-greasque","tag-saintes-maries-de-la-mer"],"_links":{"self":[{"href":"https:\/\/www.jimmy2.ch\/worldpress\/wp-json\/wp\/v2\/posts\/858","targetHints":{"allow":["GET"]}}],"collection":[{"href":"https:\/\/www.jimmy2.ch\/worldpress\/wp-json\/wp\/v2\/posts"}],"about":[{"href":"https:\/\/www.jimmy2.ch\/worldpress\/wp-json\/wp\/v2\/types\/post"}],"author":[{"embeddable":true,"href":"https:\/\/www.jimmy2.ch\/worldpress\/wp-json\/wp\/v2\/users\/1"}],"replies":[{"embeddable":true,"href":"https:\/\/www.jimmy2.ch\/worldpress\/wp-json\/wp\/v2\/comments?post=858"}],"version-history":[{"count":4,"href":"https:\/\/www.jimmy2.ch\/worldpress\/wp-json\/wp\/v2\/posts\/858\/revisions"}],"predecessor-version":[{"id":12294,"href":"https:\/\/www.jimmy2.ch\/worldpress\/wp-json\/wp\/v2\/posts\/858\/revisions\/12294"}],"wp:attachment":[{"href":"https:\/\/www.jimmy2.ch\/worldpress\/wp-json\/wp\/v2\/media?parent=858"}],"wp:term":[{"taxonomy":"category","embeddable":true,"href":"https:\/\/www.jimmy2.ch\/worldpress\/wp-json\/wp\/v2\/categories?post=858"},{"taxonomy":"post_tag","embeddable":true,"href":"https:\/\/www.jimmy2.ch\/worldpress\/wp-json\/wp\/v2\/tags?post=858"}],"curies":[{"name":"wp","href":"https:\/\/api.w.org\/{rel}","templated":true}]}}