{"id":8264,"date":"2020-10-27T22:11:47","date_gmt":"2020-10-27T21:11:47","guid":{"rendered":"http:\/\/www.jimmy2.ch\/worldpress\/?p=8264"},"modified":"2020-10-28T09:29:16","modified_gmt":"2020-10-28T08:29:16","slug":"lugano-6-tag","status":"publish","type":"post","link":"https:\/\/www.jimmy2.ch\/worldpress\/2020\/10\/27\/lugano-6-tag\/","title":{"rendered":"Lugano 6. Tag"},"content":{"rendered":"\n<p>Dienstag 27. Oktober 2020<br>Lugano TI <br>Area Sosta di Lugano 20 SFr.\/Nacht \/ inkl. Strom, V+E<br>N46.00057 \/ E8.94478<br><br>Wetter: Sonne, mit Bise recht frisch 7 &#8211; 16 Grad <\/p>\n\n\n\n<p>&#8222;Nachem R\u00e4ge schint z Sunne.&#8220; <br><br>Den nassen Montag haben wir \u00fcberstanden. In der Nacht regnet es zwar ab und zu noch. <\/p>\n\n\n\n<p>Die Eisenbahn die neben dem Stellplatz vorbeif\u00e4hrt t\u00f6nt in dieser Nacht lauter als sonst. Finde ich jedenfalls. St\u00f6rt mich aber nicht. Aber bei den Wohnmobilen die n\u00e4her an der Bahnlinie stehen d\u00fcrften die Z\u00fcge direkt durch&#8217;s Wohnmobil fahren.<\/p>\n\n\n\n<figure class=\"wp-block-image size-large\"><img loading=\"lazy\" decoding=\"async\" width=\"1024\" height=\"768\" src=\"https:\/\/www.jimmy2.ch\/worldpress\/wp-content\/uploads\/2020\/10\/BF223844-7B95-4789-9A8A-3533475C6D9D-1024x768.jpeg\" alt=\"\" class=\"wp-image-8278\" srcset=\"https:\/\/www.jimmy2.ch\/worldpress\/wp-content\/uploads\/2020\/10\/BF223844-7B95-4789-9A8A-3533475C6D9D-1024x768.jpeg 1024w, https:\/\/www.jimmy2.ch\/worldpress\/wp-content\/uploads\/2020\/10\/BF223844-7B95-4789-9A8A-3533475C6D9D-300x225.jpeg 300w, https:\/\/www.jimmy2.ch\/worldpress\/wp-content\/uploads\/2020\/10\/BF223844-7B95-4789-9A8A-3533475C6D9D-768x576.jpeg 768w, https:\/\/www.jimmy2.ch\/worldpress\/wp-content\/uploads\/2020\/10\/BF223844-7B95-4789-9A8A-3533475C6D9D-1536x1152.jpeg 1536w, https:\/\/www.jimmy2.ch\/worldpress\/wp-content\/uploads\/2020\/10\/BF223844-7B95-4789-9A8A-3533475C6D9D-2048x1536.jpeg 2048w\" sizes=\"auto, (max-width: 1024px) 100vw, 1024px\" \/><\/figure>\n\n\n\n<p>Der Tag beginnt frisch. Der Herbst ist angekommen. Das Laub hat sich  verf\u00e4rbt. <\/p>\n\n\n\n<figure class=\"wp-block-image size-large\"><img loading=\"lazy\" decoding=\"async\" width=\"1024\" height=\"768\" src=\"https:\/\/www.jimmy2.ch\/worldpress\/wp-content\/uploads\/2020\/10\/561DAFAD-6766-4106-8C24-46544A52DF85-1024x768.jpeg\" alt=\"\" class=\"wp-image-8274\" srcset=\"https:\/\/www.jimmy2.ch\/worldpress\/wp-content\/uploads\/2020\/10\/561DAFAD-6766-4106-8C24-46544A52DF85-1024x768.jpeg 1024w, https:\/\/www.jimmy2.ch\/worldpress\/wp-content\/uploads\/2020\/10\/561DAFAD-6766-4106-8C24-46544A52DF85-300x225.jpeg 300w, https:\/\/www.jimmy2.ch\/worldpress\/wp-content\/uploads\/2020\/10\/561DAFAD-6766-4106-8C24-46544A52DF85-768x576.jpeg 768w, https:\/\/www.jimmy2.ch\/worldpress\/wp-content\/uploads\/2020\/10\/561DAFAD-6766-4106-8C24-46544A52DF85-1536x1152.jpeg 1536w, https:\/\/www.jimmy2.ch\/worldpress\/wp-content\/uploads\/2020\/10\/561DAFAD-6766-4106-8C24-46544A52DF85-2048x1536.jpeg 2048w\" sizes=\"auto, (max-width: 1024px) 100vw, 1024px\" \/><\/figure>\n\n\n\n<figure class=\"wp-block-image size-large\"><img loading=\"lazy\" decoding=\"async\" width=\"1024\" height=\"768\" src=\"https:\/\/www.jimmy2.ch\/worldpress\/wp-content\/uploads\/2020\/10\/5DC85C6B-103D-421E-BBBF-FB66A9694C9F-1024x768.jpeg\" alt=\"\" class=\"wp-image-8276\" srcset=\"https:\/\/www.jimmy2.ch\/worldpress\/wp-content\/uploads\/2020\/10\/5DC85C6B-103D-421E-BBBF-FB66A9694C9F-1024x768.jpeg 1024w, https:\/\/www.jimmy2.ch\/worldpress\/wp-content\/uploads\/2020\/10\/5DC85C6B-103D-421E-BBBF-FB66A9694C9F-300x225.jpeg 300w, https:\/\/www.jimmy2.ch\/worldpress\/wp-content\/uploads\/2020\/10\/5DC85C6B-103D-421E-BBBF-FB66A9694C9F-768x576.jpeg 768w, https:\/\/www.jimmy2.ch\/worldpress\/wp-content\/uploads\/2020\/10\/5DC85C6B-103D-421E-BBBF-FB66A9694C9F-1536x1152.jpeg 1536w, https:\/\/www.jimmy2.ch\/worldpress\/wp-content\/uploads\/2020\/10\/5DC85C6B-103D-421E-BBBF-FB66A9694C9F-2048x1536.jpeg 2048w\" sizes=\"auto, (max-width: 1024px) 100vw, 1024px\" \/><\/figure>\n\n\n\n<p>Die Berge sind \u00fcber Nacht weiss geworden.<\/p>\n\n\n\n<figure class=\"wp-block-image size-large\"><img loading=\"lazy\" decoding=\"async\" width=\"1024\" height=\"768\" src=\"https:\/\/www.jimmy2.ch\/worldpress\/wp-content\/uploads\/2020\/10\/162AD62D-2F13-423B-B8C9-CF272897C908-1024x768.jpeg\" alt=\"\" class=\"wp-image-8277\" srcset=\"https:\/\/www.jimmy2.ch\/worldpress\/wp-content\/uploads\/2020\/10\/162AD62D-2F13-423B-B8C9-CF272897C908-1024x768.jpeg 1024w, https:\/\/www.jimmy2.ch\/worldpress\/wp-content\/uploads\/2020\/10\/162AD62D-2F13-423B-B8C9-CF272897C908-300x225.jpeg 300w, https:\/\/www.jimmy2.ch\/worldpress\/wp-content\/uploads\/2020\/10\/162AD62D-2F13-423B-B8C9-CF272897C908-768x576.jpeg 768w, https:\/\/www.jimmy2.ch\/worldpress\/wp-content\/uploads\/2020\/10\/162AD62D-2F13-423B-B8C9-CF272897C908-1536x1152.jpeg 1536w, https:\/\/www.jimmy2.ch\/worldpress\/wp-content\/uploads\/2020\/10\/162AD62D-2F13-423B-B8C9-CF272897C908-2048x1536.jpeg 2048w\" sizes=\"auto, (max-width: 1024px) 100vw, 1024px\" \/><\/figure>\n\n\n\n<p>Seit heute gilt im Tessin die Maskenpflicht auch im Freien. <\/p>\n\n\n\n<figure class=\"wp-block-image size-large\"><img loading=\"lazy\" decoding=\"async\" width=\"769\" height=\"1024\" src=\"https:\/\/www.jimmy2.ch\/worldpress\/wp-content\/uploads\/2020\/10\/61DC9E7E-9EEE-479D-952A-6FF00EF26121-769x1024.jpeg\" alt=\"\" class=\"wp-image-8273\" srcset=\"https:\/\/www.jimmy2.ch\/worldpress\/wp-content\/uploads\/2020\/10\/61DC9E7E-9EEE-479D-952A-6FF00EF26121-769x1024.jpeg 769w, https:\/\/www.jimmy2.ch\/worldpress\/wp-content\/uploads\/2020\/10\/61DC9E7E-9EEE-479D-952A-6FF00EF26121-225x300.jpeg 225w, https:\/\/www.jimmy2.ch\/worldpress\/wp-content\/uploads\/2020\/10\/61DC9E7E-9EEE-479D-952A-6FF00EF26121-768x1022.jpeg 768w, https:\/\/www.jimmy2.ch\/worldpress\/wp-content\/uploads\/2020\/10\/61DC9E7E-9EEE-479D-952A-6FF00EF26121-1154x1536.jpeg 1154w, https:\/\/www.jimmy2.ch\/worldpress\/wp-content\/uploads\/2020\/10\/61DC9E7E-9EEE-479D-952A-6FF00EF26121-1539x2048.jpeg 1539w, https:\/\/www.jimmy2.ch\/worldpress\/wp-content\/uploads\/2020\/10\/61DC9E7E-9EEE-479D-952A-6FF00EF26121-scaled.jpeg 1923w\" sizes=\"auto, (max-width: 769px) 100vw, 769px\" \/><\/figure>\n\n\n\n<figure class=\"wp-block-image size-large\"><img loading=\"lazy\" decoding=\"async\" width=\"1024\" height=\"768\" src=\"https:\/\/www.jimmy2.ch\/worldpress\/wp-content\/uploads\/2020\/10\/86179436-4278-4251-A7F7-82765A335597-1024x768.jpeg\" alt=\"\" class=\"wp-image-8272\" srcset=\"https:\/\/www.jimmy2.ch\/worldpress\/wp-content\/uploads\/2020\/10\/86179436-4278-4251-A7F7-82765A335597-1024x768.jpeg 1024w, https:\/\/www.jimmy2.ch\/worldpress\/wp-content\/uploads\/2020\/10\/86179436-4278-4251-A7F7-82765A335597-300x225.jpeg 300w, https:\/\/www.jimmy2.ch\/worldpress\/wp-content\/uploads\/2020\/10\/86179436-4278-4251-A7F7-82765A335597-768x576.jpeg 768w, https:\/\/www.jimmy2.ch\/worldpress\/wp-content\/uploads\/2020\/10\/86179436-4278-4251-A7F7-82765A335597-1536x1152.jpeg 1536w, https:\/\/www.jimmy2.ch\/worldpress\/wp-content\/uploads\/2020\/10\/86179436-4278-4251-A7F7-82765A335597-2048x1536.jpeg 2048w\" sizes=\"auto, (max-width: 1024px) 100vw, 1024px\" \/><\/figure>\n\n\n\n<p>Heute k\u00f6nnen wir wieder nach draussen. Und so spazieren wir wie gewohnt an den See hinunter. <\/p>\n\n\n\n<figure class=\"wp-block-image size-large\"><img loading=\"lazy\" decoding=\"async\" width=\"1024\" height=\"768\" src=\"https:\/\/www.jimmy2.ch\/worldpress\/wp-content\/uploads\/2020\/10\/298C9687-01BF-4F39-A855-ABED483ABF28-1024x768.jpeg\" alt=\"\" class=\"wp-image-8269\" srcset=\"https:\/\/www.jimmy2.ch\/worldpress\/wp-content\/uploads\/2020\/10\/298C9687-01BF-4F39-A855-ABED483ABF28-1024x768.jpeg 1024w, https:\/\/www.jimmy2.ch\/worldpress\/wp-content\/uploads\/2020\/10\/298C9687-01BF-4F39-A855-ABED483ABF28-300x225.jpeg 300w, https:\/\/www.jimmy2.ch\/worldpress\/wp-content\/uploads\/2020\/10\/298C9687-01BF-4F39-A855-ABED483ABF28-768x576.jpeg 768w, https:\/\/www.jimmy2.ch\/worldpress\/wp-content\/uploads\/2020\/10\/298C9687-01BF-4F39-A855-ABED483ABF28-1536x1152.jpeg 1536w, https:\/\/www.jimmy2.ch\/worldpress\/wp-content\/uploads\/2020\/10\/298C9687-01BF-4F39-A855-ABED483ABF28-2048x1536.jpeg 2048w\" sizes=\"auto, (max-width: 1024px) 100vw, 1024px\" \/><\/figure>\n\n\n\n<figure class=\"wp-block-image size-large\"><img loading=\"lazy\" decoding=\"async\" width=\"1024\" height=\"768\" src=\"https:\/\/www.jimmy2.ch\/worldpress\/wp-content\/uploads\/2020\/10\/38D12B31-ABDA-43A6-AB86-C09F76C734AB-1024x768.jpeg\" alt=\"\" class=\"wp-image-8270\" srcset=\"https:\/\/www.jimmy2.ch\/worldpress\/wp-content\/uploads\/2020\/10\/38D12B31-ABDA-43A6-AB86-C09F76C734AB-1024x768.jpeg 1024w, https:\/\/www.jimmy2.ch\/worldpress\/wp-content\/uploads\/2020\/10\/38D12B31-ABDA-43A6-AB86-C09F76C734AB-300x225.jpeg 300w, https:\/\/www.jimmy2.ch\/worldpress\/wp-content\/uploads\/2020\/10\/38D12B31-ABDA-43A6-AB86-C09F76C734AB-768x576.jpeg 768w, https:\/\/www.jimmy2.ch\/worldpress\/wp-content\/uploads\/2020\/10\/38D12B31-ABDA-43A6-AB86-C09F76C734AB-1536x1152.jpeg 1536w, https:\/\/www.jimmy2.ch\/worldpress\/wp-content\/uploads\/2020\/10\/38D12B31-ABDA-43A6-AB86-C09F76C734AB-2048x1536.jpeg 2048w\" sizes=\"auto, (max-width: 1024px) 100vw, 1024px\" \/><\/figure>\n\n\n\n<p>Caff\u00e8 trinken. Einkaufen im Coop. Schon geht es wieder nach Hause. Man merkt die Bise an den Ohren und auch sonst. Warm einpacken.<\/p>\n\n\n\n<figure class=\"wp-block-image size-large\"><img loading=\"lazy\" decoding=\"async\" width=\"1024\" height=\"768\" src=\"https:\/\/www.jimmy2.ch\/worldpress\/wp-content\/uploads\/2020\/10\/3D954E4F-6F92-4A63-A17B-CF969B254569-1024x768.jpeg\" alt=\"\" class=\"wp-image-8271\" srcset=\"https:\/\/www.jimmy2.ch\/worldpress\/wp-content\/uploads\/2020\/10\/3D954E4F-6F92-4A63-A17B-CF969B254569-1024x768.jpeg 1024w, https:\/\/www.jimmy2.ch\/worldpress\/wp-content\/uploads\/2020\/10\/3D954E4F-6F92-4A63-A17B-CF969B254569-300x225.jpeg 300w, https:\/\/www.jimmy2.ch\/worldpress\/wp-content\/uploads\/2020\/10\/3D954E4F-6F92-4A63-A17B-CF969B254569-768x576.jpeg 768w, https:\/\/www.jimmy2.ch\/worldpress\/wp-content\/uploads\/2020\/10\/3D954E4F-6F92-4A63-A17B-CF969B254569-1536x1152.jpeg 1536w, https:\/\/www.jimmy2.ch\/worldpress\/wp-content\/uploads\/2020\/10\/3D954E4F-6F92-4A63-A17B-CF969B254569-2048x1536.jpeg 2048w\" sizes=\"auto, (max-width: 1024px) 100vw, 1024px\" \/><\/figure>\n\n\n\n<p>Wir geniessen es so wie zu jetzt stehen. Strom ohne Ende.  Wasser und Abwasser in direkter N\u00e4he. Da m\u00fcssen wir nicht direkt sparen. So bin ich t\u00e4glich mit V+E besch\u00e4ftig. <br><br>Bereits um 15 Uhr stehen wieder 17 Wohnmobile auf dem Platz. <\/p>\n\n\n\n<figure class=\"wp-block-image size-large\"><img loading=\"lazy\" decoding=\"async\" width=\"1024\" height=\"768\" src=\"https:\/\/www.jimmy2.ch\/worldpress\/wp-content\/uploads\/2020\/10\/5C4E9C38-770F-40DB-8CCD-4D25C459C749-1024x768.jpeg\" alt=\"\" class=\"wp-image-8268\" srcset=\"https:\/\/www.jimmy2.ch\/worldpress\/wp-content\/uploads\/2020\/10\/5C4E9C38-770F-40DB-8CCD-4D25C459C749-1024x768.jpeg 1024w, https:\/\/www.jimmy2.ch\/worldpress\/wp-content\/uploads\/2020\/10\/5C4E9C38-770F-40DB-8CCD-4D25C459C749-300x225.jpeg 300w, https:\/\/www.jimmy2.ch\/worldpress\/wp-content\/uploads\/2020\/10\/5C4E9C38-770F-40DB-8CCD-4D25C459C749-768x576.jpeg 768w, https:\/\/www.jimmy2.ch\/worldpress\/wp-content\/uploads\/2020\/10\/5C4E9C38-770F-40DB-8CCD-4D25C459C749-1536x1152.jpeg 1536w, https:\/\/www.jimmy2.ch\/worldpress\/wp-content\/uploads\/2020\/10\/5C4E9C38-770F-40DB-8CCD-4D25C459C749-2048x1536.jpeg 2048w\" sizes=\"auto, (max-width: 1024px) 100vw, 1024px\" \/><\/figure>\n\n\n\n<p>Die letzten Sonnenstrahlen am Monte San Salvatore.<\/p>\n\n\n\n<p>Am Abend ist der Platz bis auf den letzten Fleck belegt.<\/p>\n\n\n\n<figure class=\"wp-block-image size-large\"><img loading=\"lazy\" decoding=\"async\" width=\"1024\" height=\"804\" src=\"https:\/\/www.jimmy2.ch\/worldpress\/wp-content\/uploads\/2020\/10\/CF9AC56C-A293-401E-A69D-68742C6AF9D1-1024x804.jpeg\" alt=\"\" class=\"wp-image-8267\" srcset=\"https:\/\/www.jimmy2.ch\/worldpress\/wp-content\/uploads\/2020\/10\/CF9AC56C-A293-401E-A69D-68742C6AF9D1-1024x804.jpeg 1024w, https:\/\/www.jimmy2.ch\/worldpress\/wp-content\/uploads\/2020\/10\/CF9AC56C-A293-401E-A69D-68742C6AF9D1-300x236.jpeg 300w, https:\/\/www.jimmy2.ch\/worldpress\/wp-content\/uploads\/2020\/10\/CF9AC56C-A293-401E-A69D-68742C6AF9D1-768x603.jpeg 768w, https:\/\/www.jimmy2.ch\/worldpress\/wp-content\/uploads\/2020\/10\/CF9AC56C-A293-401E-A69D-68742C6AF9D1.jpeg 1242w\" sizes=\"auto, (max-width: 1024px) 100vw, 1024px\" \/><\/figure>\n\n\n\n<p><\/p>\n\n\n\n<p><br><br><br><br><\/p>\n","protected":false},"excerpt":{"rendered":"<p>Dienstag 27. Oktober 2020Lugano TI Area Sosta di Lugano 20 SFr.\/Nacht \/ inkl. Strom, V+EN46.00057 \/ E8.94478 Wetter: Sonne, mit Bise recht frisch 7 &#8211; 16 Grad &#8222;Nachem R\u00e4ge schint z Sunne.&#8220; Den nassen Montag haben wir \u00fcberstanden. In der &hellip; <a href=\"https:\/\/www.jimmy2.ch\/worldpress\/2020\/10\/27\/lugano-6-tag\/\">Continue reading <span class=\"meta-nav\">&rarr;<\/span><\/a><\/p>\n","protected":false},"author":1,"featured_media":0,"comment_status":"open","ping_status":"open","sticky":false,"template":"","format":"standard","meta":{"footnotes":""},"categories":[72],"tags":[520,74],"class_list":["post-8264","post","type-post","status-publish","format-standard","hentry","category-schweiz","tag-lugano","tag-tessin"],"_links":{"self":[{"href":"https:\/\/www.jimmy2.ch\/worldpress\/wp-json\/wp\/v2\/posts\/8264","targetHints":{"allow":["GET"]}}],"collection":[{"href":"https:\/\/www.jimmy2.ch\/worldpress\/wp-json\/wp\/v2\/posts"}],"about":[{"href":"https:\/\/www.jimmy2.ch\/worldpress\/wp-json\/wp\/v2\/types\/post"}],"author":[{"embeddable":true,"href":"https:\/\/www.jimmy2.ch\/worldpress\/wp-json\/wp\/v2\/users\/1"}],"replies":[{"embeddable":true,"href":"https:\/\/www.jimmy2.ch\/worldpress\/wp-json\/wp\/v2\/comments?post=8264"}],"version-history":[{"count":2,"href":"https:\/\/www.jimmy2.ch\/worldpress\/wp-json\/wp\/v2\/posts\/8264\/revisions"}],"predecessor-version":[{"id":8281,"href":"https:\/\/www.jimmy2.ch\/worldpress\/wp-json\/wp\/v2\/posts\/8264\/revisions\/8281"}],"wp:attachment":[{"href":"https:\/\/www.jimmy2.ch\/worldpress\/wp-json\/wp\/v2\/media?parent=8264"}],"wp:term":[{"taxonomy":"category","embeddable":true,"href":"https:\/\/www.jimmy2.ch\/worldpress\/wp-json\/wp\/v2\/categories?post=8264"},{"taxonomy":"post_tag","embeddable":true,"href":"https:\/\/www.jimmy2.ch\/worldpress\/wp-json\/wp\/v2\/tags?post=8264"}],"curies":[{"name":"wp","href":"https:\/\/api.w.org\/{rel}","templated":true}]}}