{"id":8100,"date":"2020-10-16T22:51:05","date_gmt":"2020-10-16T21:51:05","guid":{"rendered":"http:\/\/www.jimmy2.ch\/worldpress\/?p=8100"},"modified":"2020-10-17T21:18:37","modified_gmt":"2020-10-17T20:18:37","slug":"wilhelmshaven-breisach","status":"publish","type":"post","link":"https:\/\/www.jimmy2.ch\/worldpress\/2020\/10\/16\/wilhelmshaven-breisach\/","title":{"rendered":"Wilhelmshaven &#8211; Breisach"},"content":{"rendered":"\n<p>Freitag 16. Oktober 2020<br>Wilhelmshaven &#8211; Breisach am Rhein   742 km  11 3\/4 Std. unterwegs<br>Wohnmobilstellplatz Breisach 6 \u20ac\/Nacht \/ V+E vorhanden kein Strom<br><br>Wetter: Sonne, Wolken, Nieselregen  8 &#8211; 10 Grad <\/p>\n\n\n\n<p>Draussen scheint die Sonne.<\/p>\n\n\n\n<figure class=\"wp-block-image size-large\"><img loading=\"lazy\" decoding=\"async\" width=\"1024\" height=\"768\" src=\"https:\/\/www.jimmy2.ch\/worldpress\/wp-content\/uploads\/2020\/10\/DB1E1805-77E0-4D05-870F-51298D7E486F-1024x768.jpeg\" alt=\"\" class=\"wp-image-8106\" srcset=\"https:\/\/www.jimmy2.ch\/worldpress\/wp-content\/uploads\/2020\/10\/DB1E1805-77E0-4D05-870F-51298D7E486F-1024x768.jpeg 1024w, https:\/\/www.jimmy2.ch\/worldpress\/wp-content\/uploads\/2020\/10\/DB1E1805-77E0-4D05-870F-51298D7E486F-300x225.jpeg 300w, https:\/\/www.jimmy2.ch\/worldpress\/wp-content\/uploads\/2020\/10\/DB1E1805-77E0-4D05-870F-51298D7E486F-768x576.jpeg 768w, https:\/\/www.jimmy2.ch\/worldpress\/wp-content\/uploads\/2020\/10\/DB1E1805-77E0-4D05-870F-51298D7E486F-1536x1152.jpeg 1536w, https:\/\/www.jimmy2.ch\/worldpress\/wp-content\/uploads\/2020\/10\/DB1E1805-77E0-4D05-870F-51298D7E486F-2048x1536.jpeg 2048w\" sizes=\"auto, (max-width: 1024px) 100vw, 1024px\" \/><\/figure>\n\n\n\n<figure class=\"wp-block-image size-large\"><img loading=\"lazy\" decoding=\"async\" width=\"1024\" height=\"768\" src=\"https:\/\/www.jimmy2.ch\/worldpress\/wp-content\/uploads\/2020\/10\/65BD507C-04F5-4360-BDB1-07070D9B0972-1024x768.jpeg\" alt=\"\" class=\"wp-image-8107\" srcset=\"https:\/\/www.jimmy2.ch\/worldpress\/wp-content\/uploads\/2020\/10\/65BD507C-04F5-4360-BDB1-07070D9B0972-1024x768.jpeg 1024w, https:\/\/www.jimmy2.ch\/worldpress\/wp-content\/uploads\/2020\/10\/65BD507C-04F5-4360-BDB1-07070D9B0972-300x225.jpeg 300w, https:\/\/www.jimmy2.ch\/worldpress\/wp-content\/uploads\/2020\/10\/65BD507C-04F5-4360-BDB1-07070D9B0972-768x576.jpeg 768w, https:\/\/www.jimmy2.ch\/worldpress\/wp-content\/uploads\/2020\/10\/65BD507C-04F5-4360-BDB1-07070D9B0972-1536x1152.jpeg 1536w, https:\/\/www.jimmy2.ch\/worldpress\/wp-content\/uploads\/2020\/10\/65BD507C-04F5-4360-BDB1-07070D9B0972-2048x1536.jpeg 2048w\" sizes=\"auto, (max-width: 1024px) 100vw, 1024px\" \/><\/figure>\n\n\n\n<p>So haben wir uns unsere Reise an die Nordsee vorgestellt.<br><br>Aber gestern Abend hat uns Corona einen Strich durch unsere Reise gemacht.<\/p>\n\n\n\n<p>Das Robert Koch Institut RKI in Deutschland den Kanton Z\u00fcrich als Risikogebiet eingestuft. F\u00fcr uns bedeutet das, dass wir 14 Tage in Quarant\u00e4ne m\u00fcssten &#8211; abz\u00fcglich die Woche die wir schon in Deutschland waren. Also 1 Woche Quarant\u00e4ne. Oder negative PCR Test&#8217;s. <\/p>\n\n\n\n<figure class=\"wp-block-image size-large\"><img loading=\"lazy\" decoding=\"async\" width=\"576\" height=\"1024\" src=\"https:\/\/www.jimmy2.ch\/worldpress\/wp-content\/uploads\/2020\/10\/F6D3AA06-7916-4474-97BF-F59CACBC4FBD_1_102_o-576x1024.jpeg\" alt=\"\" class=\"wp-image-8116\" srcset=\"https:\/\/www.jimmy2.ch\/worldpress\/wp-content\/uploads\/2020\/10\/F6D3AA06-7916-4474-97BF-F59CACBC4FBD_1_102_o-576x1024.jpeg 576w, https:\/\/www.jimmy2.ch\/worldpress\/wp-content\/uploads\/2020\/10\/F6D3AA06-7916-4474-97BF-F59CACBC4FBD_1_102_o-169x300.jpeg 169w, https:\/\/www.jimmy2.ch\/worldpress\/wp-content\/uploads\/2020\/10\/F6D3AA06-7916-4474-97BF-F59CACBC4FBD_1_102_o-768x1365.jpeg 768w, https:\/\/www.jimmy2.ch\/worldpress\/wp-content\/uploads\/2020\/10\/F6D3AA06-7916-4474-97BF-F59CACBC4FBD_1_102_o-864x1536.jpeg 864w, https:\/\/www.jimmy2.ch\/worldpress\/wp-content\/uploads\/2020\/10\/F6D3AA06-7916-4474-97BF-F59CACBC4FBD_1_102_o-1152x2048.jpeg 1152w, https:\/\/www.jimmy2.ch\/worldpress\/wp-content\/uploads\/2020\/10\/F6D3AA06-7916-4474-97BF-F59CACBC4FBD_1_102_o.jpeg 1242w\" sizes=\"auto, (max-width: 576px) 100vw, 576px\" \/><\/figure>\n\n\n\n<figure class=\"wp-block-image size-large\"><img loading=\"lazy\" decoding=\"async\" width=\"881\" height=\"196\" src=\"https:\/\/www.jimmy2.ch\/worldpress\/wp-content\/uploads\/2020\/10\/AD8B0BE6-0857-44E7-905A-C03D438C1181_4_5005_c.jpeg\" alt=\"\" class=\"wp-image-8117\" srcset=\"https:\/\/www.jimmy2.ch\/worldpress\/wp-content\/uploads\/2020\/10\/AD8B0BE6-0857-44E7-905A-C03D438C1181_4_5005_c.jpeg 881w, https:\/\/www.jimmy2.ch\/worldpress\/wp-content\/uploads\/2020\/10\/AD8B0BE6-0857-44E7-905A-C03D438C1181_4_5005_c-300x67.jpeg 300w, https:\/\/www.jimmy2.ch\/worldpress\/wp-content\/uploads\/2020\/10\/AD8B0BE6-0857-44E7-905A-C03D438C1181_4_5005_c-768x171.jpeg 768w\" sizes=\"auto, (max-width: 881px) 100vw, 881px\" \/><\/figure>\n\n\n\n<figure class=\"wp-block-image size-large\"><img loading=\"lazy\" decoding=\"async\" width=\"997\" height=\"1024\" src=\"https:\/\/www.jimmy2.ch\/worldpress\/wp-content\/uploads\/2020\/10\/F5D1D7B1-4CBB-42BC-A1D1-50D47A4CF5DC_1_201_a-997x1024.jpeg\" alt=\"\" class=\"wp-image-8118\" srcset=\"https:\/\/www.jimmy2.ch\/worldpress\/wp-content\/uploads\/2020\/10\/F5D1D7B1-4CBB-42BC-A1D1-50D47A4CF5DC_1_201_a-997x1024.jpeg 997w, https:\/\/www.jimmy2.ch\/worldpress\/wp-content\/uploads\/2020\/10\/F5D1D7B1-4CBB-42BC-A1D1-50D47A4CF5DC_1_201_a-292x300.jpeg 292w, https:\/\/www.jimmy2.ch\/worldpress\/wp-content\/uploads\/2020\/10\/F5D1D7B1-4CBB-42BC-A1D1-50D47A4CF5DC_1_201_a-768x789.jpeg 768w, https:\/\/www.jimmy2.ch\/worldpress\/wp-content\/uploads\/2020\/10\/F5D1D7B1-4CBB-42BC-A1D1-50D47A4CF5DC_1_201_a.jpeg 1237w\" sizes=\"auto, (max-width: 997px) 100vw, 997px\" \/><\/figure>\n\n\n\n<figure class=\"wp-block-image size-large\"><img loading=\"lazy\" decoding=\"async\" width=\"1024\" height=\"627\" src=\"https:\/\/www.jimmy2.ch\/worldpress\/wp-content\/uploads\/2020\/10\/6D0FAB50-1F13-44EF-BCEB-4B685525A4D8_1_201_a-1024x627.jpeg\" alt=\"\" class=\"wp-image-8119\" srcset=\"https:\/\/www.jimmy2.ch\/worldpress\/wp-content\/uploads\/2020\/10\/6D0FAB50-1F13-44EF-BCEB-4B685525A4D8_1_201_a-1024x627.jpeg 1024w, https:\/\/www.jimmy2.ch\/worldpress\/wp-content\/uploads\/2020\/10\/6D0FAB50-1F13-44EF-BCEB-4B685525A4D8_1_201_a-300x184.jpeg 300w, https:\/\/www.jimmy2.ch\/worldpress\/wp-content\/uploads\/2020\/10\/6D0FAB50-1F13-44EF-BCEB-4B685525A4D8_1_201_a-768x471.jpeg 768w, https:\/\/www.jimmy2.ch\/worldpress\/wp-content\/uploads\/2020\/10\/6D0FAB50-1F13-44EF-BCEB-4B685525A4D8_1_201_a.jpeg 1242w\" sizes=\"auto, (max-width: 1024px) 100vw, 1024px\" \/><\/figure>\n\n\n\n<p>Beides k\u00f6nnen oder wollen wir nicht. Darum heisst das f\u00fcr uns Abbruch unserer Nordsee-Reise.<br><br>Schade. Aber so ist es halt in dieser verr\u00fcckten Zeit.<br><br>Um 10 Uhr verlassen wir den Fliegerdeich in Wilhelmshaven Richtung Schweiz. <\/p>\n\n\n\n<figure class=\"wp-block-image size-large\"><img loading=\"lazy\" decoding=\"async\" width=\"1024\" height=\"768\" src=\"https:\/\/www.jimmy2.ch\/worldpress\/wp-content\/uploads\/2020\/10\/53AC6B73-3000-4AE2-8ACC-8CACB9785D89-1024x768.jpeg\" alt=\"\" class=\"wp-image-8108\" srcset=\"https:\/\/www.jimmy2.ch\/worldpress\/wp-content\/uploads\/2020\/10\/53AC6B73-3000-4AE2-8ACC-8CACB9785D89-1024x768.jpeg 1024w, https:\/\/www.jimmy2.ch\/worldpress\/wp-content\/uploads\/2020\/10\/53AC6B73-3000-4AE2-8ACC-8CACB9785D89-300x225.jpeg 300w, https:\/\/www.jimmy2.ch\/worldpress\/wp-content\/uploads\/2020\/10\/53AC6B73-3000-4AE2-8ACC-8CACB9785D89-768x576.jpeg 768w, https:\/\/www.jimmy2.ch\/worldpress\/wp-content\/uploads\/2020\/10\/53AC6B73-3000-4AE2-8ACC-8CACB9785D89-1536x1152.jpeg 1536w, https:\/\/www.jimmy2.ch\/worldpress\/wp-content\/uploads\/2020\/10\/53AC6B73-3000-4AE2-8ACC-8CACB9785D89-2048x1536.jpeg 2048w\" sizes=\"auto, (max-width: 1024px) 100vw, 1024px\" \/><\/figure>\n\n\n\n<p>Gem\u00e4ss RKI tritt die Regelung am Samstag 17. Oktober 00.00 Uhr in Kraft. Bis dann sollten wir in der Schweiz sein. <\/p>\n\n\n\n<figure class=\"wp-block-image size-large\"><img loading=\"lazy\" decoding=\"async\" width=\"1024\" height=\"768\" src=\"https:\/\/www.jimmy2.ch\/worldpress\/wp-content\/uploads\/2020\/10\/9CE1D736-0446-4B1F-ACD4-8037473461DE-1024x768.jpeg\" alt=\"\" class=\"wp-image-8109\" srcset=\"https:\/\/www.jimmy2.ch\/worldpress\/wp-content\/uploads\/2020\/10\/9CE1D736-0446-4B1F-ACD4-8037473461DE-1024x768.jpeg 1024w, https:\/\/www.jimmy2.ch\/worldpress\/wp-content\/uploads\/2020\/10\/9CE1D736-0446-4B1F-ACD4-8037473461DE-300x225.jpeg 300w, https:\/\/www.jimmy2.ch\/worldpress\/wp-content\/uploads\/2020\/10\/9CE1D736-0446-4B1F-ACD4-8037473461DE-768x576.jpeg 768w, https:\/\/www.jimmy2.ch\/worldpress\/wp-content\/uploads\/2020\/10\/9CE1D736-0446-4B1F-ACD4-8037473461DE-1536x1152.jpeg 1536w, https:\/\/www.jimmy2.ch\/worldpress\/wp-content\/uploads\/2020\/10\/9CE1D736-0446-4B1F-ACD4-8037473461DE-2048x1536.jpeg 2048w\" sizes=\"auto, (max-width: 1024px) 100vw, 1024px\" \/><\/figure>\n\n\n\n<figure class=\"wp-block-image size-large\"><img loading=\"lazy\" decoding=\"async\" width=\"1024\" height=\"768\" src=\"https:\/\/www.jimmy2.ch\/worldpress\/wp-content\/uploads\/2020\/10\/4409274E-3CA7-4AC9-9831-81BE2E07DB1A-1024x768.jpeg\" alt=\"\" class=\"wp-image-8110\" srcset=\"https:\/\/www.jimmy2.ch\/worldpress\/wp-content\/uploads\/2020\/10\/4409274E-3CA7-4AC9-9831-81BE2E07DB1A-1024x768.jpeg 1024w, https:\/\/www.jimmy2.ch\/worldpress\/wp-content\/uploads\/2020\/10\/4409274E-3CA7-4AC9-9831-81BE2E07DB1A-300x225.jpeg 300w, https:\/\/www.jimmy2.ch\/worldpress\/wp-content\/uploads\/2020\/10\/4409274E-3CA7-4AC9-9831-81BE2E07DB1A-768x576.jpeg 768w, https:\/\/www.jimmy2.ch\/worldpress\/wp-content\/uploads\/2020\/10\/4409274E-3CA7-4AC9-9831-81BE2E07DB1A-1536x1152.jpeg 1536w, https:\/\/www.jimmy2.ch\/worldpress\/wp-content\/uploads\/2020\/10\/4409274E-3CA7-4AC9-9831-81BE2E07DB1A-2048x1536.jpeg 2048w\" sizes=\"auto, (max-width: 1024px) 100vw, 1024px\" \/><\/figure>\n\n\n\n<figure class=\"wp-block-image size-large\"><img loading=\"lazy\" decoding=\"async\" width=\"1024\" height=\"768\" src=\"https:\/\/www.jimmy2.ch\/worldpress\/wp-content\/uploads\/2020\/10\/C7E6670F-C2E1-4B87-9DEB-AA36CD977F42-1024x768.jpeg\" alt=\"\" class=\"wp-image-8111\" srcset=\"https:\/\/www.jimmy2.ch\/worldpress\/wp-content\/uploads\/2020\/10\/C7E6670F-C2E1-4B87-9DEB-AA36CD977F42-1024x768.jpeg 1024w, https:\/\/www.jimmy2.ch\/worldpress\/wp-content\/uploads\/2020\/10\/C7E6670F-C2E1-4B87-9DEB-AA36CD977F42-300x225.jpeg 300w, https:\/\/www.jimmy2.ch\/worldpress\/wp-content\/uploads\/2020\/10\/C7E6670F-C2E1-4B87-9DEB-AA36CD977F42-768x576.jpeg 768w, https:\/\/www.jimmy2.ch\/worldpress\/wp-content\/uploads\/2020\/10\/C7E6670F-C2E1-4B87-9DEB-AA36CD977F42-1536x1152.jpeg 1536w, https:\/\/www.jimmy2.ch\/worldpress\/wp-content\/uploads\/2020\/10\/C7E6670F-C2E1-4B87-9DEB-AA36CD977F42-2048x1536.jpeg 2048w\" sizes=\"auto, (max-width: 1024px) 100vw, 1024px\" \/><\/figure>\n\n\n\n<p>Zuerst Richtung Osnabr\u00fcck. Dann Dortmund  \/ Frankfurt am Main. Bis Karlsruhe haben wir Gl\u00fcck. Staus sehen wir nur auf der Gegenfahrbahn. Und die sind zahlreich. <\/p>\n\n\n\n<figure class=\"wp-block-image size-large\"><img loading=\"lazy\" decoding=\"async\" width=\"1024\" height=\"768\" src=\"https:\/\/www.jimmy2.ch\/worldpress\/wp-content\/uploads\/2020\/10\/239E355C-104B-4403-9BD3-F5E942732469-1024x768.jpeg\" alt=\"\" class=\"wp-image-8112\" srcset=\"https:\/\/www.jimmy2.ch\/worldpress\/wp-content\/uploads\/2020\/10\/239E355C-104B-4403-9BD3-F5E942732469-1024x768.jpeg 1024w, https:\/\/www.jimmy2.ch\/worldpress\/wp-content\/uploads\/2020\/10\/239E355C-104B-4403-9BD3-F5E942732469-300x225.jpeg 300w, https:\/\/www.jimmy2.ch\/worldpress\/wp-content\/uploads\/2020\/10\/239E355C-104B-4403-9BD3-F5E942732469-768x576.jpeg 768w, https:\/\/www.jimmy2.ch\/worldpress\/wp-content\/uploads\/2020\/10\/239E355C-104B-4403-9BD3-F5E942732469-1536x1152.jpeg 1536w, https:\/\/www.jimmy2.ch\/worldpress\/wp-content\/uploads\/2020\/10\/239E355C-104B-4403-9BD3-F5E942732469-2048x1536.jpeg 2048w\" sizes=\"auto, (max-width: 1024px) 100vw, 1024px\" \/><\/figure>\n\n\n\n<p>Aber in der Region Karlsruhe trifft es auch uns. Zudem wird es dunkel und beginnt zu nieseln. Wir beschliessen die Nacht in Breisach am Rhein zu verbringen. <br><br>Hier treffen wir kurz nach 21 Uhr ein. Der Platz ist gut besucht. Es kommen noch weitere Fahrzeuge in dieser Nacht auf den Platz. Christa macht etwas zu Essen. Ich k\u00fcmmere mich um die Entsorgung. <br><br>Dann ist Schluss f\u00fcr heute.<\/p>\n\n\n\n<figure class=\"wp-block-image size-large\"><img loading=\"lazy\" decoding=\"async\" width=\"825\" height=\"1024\" src=\"https:\/\/www.jimmy2.ch\/worldpress\/wp-content\/uploads\/2020\/10\/5242CBDF-481B-4388-8BF3-28A52C054AA7_1_201_a-825x1024.jpeg\" alt=\"\" class=\"wp-image-8114\" srcset=\"https:\/\/www.jimmy2.ch\/worldpress\/wp-content\/uploads\/2020\/10\/5242CBDF-481B-4388-8BF3-28A52C054AA7_1_201_a-825x1024.jpeg 825w, https:\/\/www.jimmy2.ch\/worldpress\/wp-content\/uploads\/2020\/10\/5242CBDF-481B-4388-8BF3-28A52C054AA7_1_201_a-242x300.jpeg 242w, https:\/\/www.jimmy2.ch\/worldpress\/wp-content\/uploads\/2020\/10\/5242CBDF-481B-4388-8BF3-28A52C054AA7_1_201_a-768x954.jpeg 768w, https:\/\/www.jimmy2.ch\/worldpress\/wp-content\/uploads\/2020\/10\/5242CBDF-481B-4388-8BF3-28A52C054AA7_1_201_a.jpeg 1208w\" sizes=\"auto, (max-width: 825px) 100vw, 825px\" \/><\/figure>\n\n\n\n<figure class=\"wp-block-image size-large\"><img loading=\"lazy\" decoding=\"async\" width=\"1024\" height=\"330\" src=\"https:\/\/www.jimmy2.ch\/worldpress\/wp-content\/uploads\/2020\/10\/141F5F56-0C0F-4C52-A296-3383B41EBF5F-1024x330.jpeg\" alt=\"\" class=\"wp-image-8120\" srcset=\"https:\/\/www.jimmy2.ch\/worldpress\/wp-content\/uploads\/2020\/10\/141F5F56-0C0F-4C52-A296-3383B41EBF5F-1024x330.jpeg 1024w, https:\/\/www.jimmy2.ch\/worldpress\/wp-content\/uploads\/2020\/10\/141F5F56-0C0F-4C52-A296-3383B41EBF5F-300x97.jpeg 300w, https:\/\/www.jimmy2.ch\/worldpress\/wp-content\/uploads\/2020\/10\/141F5F56-0C0F-4C52-A296-3383B41EBF5F-768x247.jpeg 768w, https:\/\/www.jimmy2.ch\/worldpress\/wp-content\/uploads\/2020\/10\/141F5F56-0C0F-4C52-A296-3383B41EBF5F.jpeg 1242w\" sizes=\"auto, (max-width: 1024px) 100vw, 1024px\" \/><\/figure>\n\n\n\n<figure class=\"wp-block-image size-large\"><img loading=\"lazy\" decoding=\"async\" width=\"1024\" height=\"812\" src=\"https:\/\/www.jimmy2.ch\/worldpress\/wp-content\/uploads\/2020\/10\/F9D4217E-21D5-4D52-AD56-AAA5B7945BC9_1_201_a-1024x812.jpeg\" alt=\"\" class=\"wp-image-8115\" srcset=\"https:\/\/www.jimmy2.ch\/worldpress\/wp-content\/uploads\/2020\/10\/F9D4217E-21D5-4D52-AD56-AAA5B7945BC9_1_201_a-1024x812.jpeg 1024w, https:\/\/www.jimmy2.ch\/worldpress\/wp-content\/uploads\/2020\/10\/F9D4217E-21D5-4D52-AD56-AAA5B7945BC9_1_201_a-300x238.jpeg 300w, https:\/\/www.jimmy2.ch\/worldpress\/wp-content\/uploads\/2020\/10\/F9D4217E-21D5-4D52-AD56-AAA5B7945BC9_1_201_a-768x609.jpeg 768w, https:\/\/www.jimmy2.ch\/worldpress\/wp-content\/uploads\/2020\/10\/F9D4217E-21D5-4D52-AD56-AAA5B7945BC9_1_201_a.jpeg 1241w\" sizes=\"auto, (max-width: 1024px) 100vw, 1024px\" \/><\/figure>\n\n\n\n<p><\/p>\n\n\n\n<p><br><br><br><\/p>\n","protected":false},"excerpt":{"rendered":"<p>Freitag 16. Oktober 2020Wilhelmshaven &#8211; Breisach am Rhein 742 km 11 3\/4 Std. unterwegsWohnmobilstellplatz Breisach 6 \u20ac\/Nacht \/ V+E vorhanden kein Strom Wetter: Sonne, Wolken, Nieselregen 8 &#8211; 10 Grad Draussen scheint die Sonne. So haben wir uns unsere Reise &hellip; <a href=\"https:\/\/www.jimmy2.ch\/worldpress\/2020\/10\/16\/wilhelmshaven-breisach\/\">Continue reading <span class=\"meta-nav\">&rarr;<\/span><\/a><\/p>\n","protected":false},"author":1,"featured_media":0,"comment_status":"open","ping_status":"open","sticky":false,"template":"","format":"standard","meta":{"footnotes":""},"categories":[63],"tags":[517,54,66,513,509,511,514],"class_list":["post-8100","post","type-post","status-publish","format-standard","hentry","category-deutschland","tag-baden-wuerthenberg","tag-breisach-am-rhein","tag-deutschland","tag-friesland","tag-niedersachsen","tag-ostfriesland","tag-wilhelmshaven"],"_links":{"self":[{"href":"https:\/\/www.jimmy2.ch\/worldpress\/wp-json\/wp\/v2\/posts\/8100","targetHints":{"allow":["GET"]}}],"collection":[{"href":"https:\/\/www.jimmy2.ch\/worldpress\/wp-json\/wp\/v2\/posts"}],"about":[{"href":"https:\/\/www.jimmy2.ch\/worldpress\/wp-json\/wp\/v2\/types\/post"}],"author":[{"embeddable":true,"href":"https:\/\/www.jimmy2.ch\/worldpress\/wp-json\/wp\/v2\/users\/1"}],"replies":[{"embeddable":true,"href":"https:\/\/www.jimmy2.ch\/worldpress\/wp-json\/wp\/v2\/comments?post=8100"}],"version-history":[{"count":3,"href":"https:\/\/www.jimmy2.ch\/worldpress\/wp-json\/wp\/v2\/posts\/8100\/revisions"}],"predecessor-version":[{"id":8123,"href":"https:\/\/www.jimmy2.ch\/worldpress\/wp-json\/wp\/v2\/posts\/8100\/revisions\/8123"}],"wp:attachment":[{"href":"https:\/\/www.jimmy2.ch\/worldpress\/wp-json\/wp\/v2\/media?parent=8100"}],"wp:term":[{"taxonomy":"category","embeddable":true,"href":"https:\/\/www.jimmy2.ch\/worldpress\/wp-json\/wp\/v2\/categories?post=8100"},{"taxonomy":"post_tag","embeddable":true,"href":"https:\/\/www.jimmy2.ch\/worldpress\/wp-json\/wp\/v2\/tags?post=8100"}],"curies":[{"name":"wp","href":"https:\/\/api.w.org\/{rel}","templated":true}]}}