{"id":7975,"date":"2020-10-12T21:16:02","date_gmt":"2020-10-12T20:16:02","guid":{"rendered":"http:\/\/www.jimmy2.ch\/worldpress\/?p=7975"},"modified":"2020-10-12T20:36:07","modified_gmt":"2020-10-12T19:36:07","slug":"reken-weeder","status":"publish","type":"post","link":"https:\/\/www.jimmy2.ch\/worldpress\/2020\/10\/12\/reken-weeder\/","title":{"rendered":"Reken &#8211; Weeder"},"content":{"rendered":"\n<p>Montag 12. Oktober 2020<br>Reken &#8211; Weener  169 km  2 1\/2 Std. unterwegs<br>Stellplatz am alten Hafen in Weener 8 Euro\/Nacht inkl. Entsorgung \/ Wasser und Strom extra<br><br>Wetter: wieder ein Gemisch aus Regen, Wolken und etwas Sonne 8 &#8211; 16 Grad <br><br>In der Nacht regnet es immer mal wieder. <\/p>\n\n\n\n<figure class=\"wp-block-image size-large\"><img loading=\"lazy\" decoding=\"async\" width=\"1024\" height=\"768\" src=\"https:\/\/www.jimmy2.ch\/worldpress\/wp-content\/uploads\/2020\/10\/C4CF849F-0413-4451-A869-9B17A9964BA9-1024x768.jpeg\" alt=\"\" class=\"wp-image-7987\" srcset=\"https:\/\/www.jimmy2.ch\/worldpress\/wp-content\/uploads\/2020\/10\/C4CF849F-0413-4451-A869-9B17A9964BA9-1024x768.jpeg 1024w, https:\/\/www.jimmy2.ch\/worldpress\/wp-content\/uploads\/2020\/10\/C4CF849F-0413-4451-A869-9B17A9964BA9-300x225.jpeg 300w, https:\/\/www.jimmy2.ch\/worldpress\/wp-content\/uploads\/2020\/10\/C4CF849F-0413-4451-A869-9B17A9964BA9-768x576.jpeg 768w, https:\/\/www.jimmy2.ch\/worldpress\/wp-content\/uploads\/2020\/10\/C4CF849F-0413-4451-A869-9B17A9964BA9-1536x1152.jpeg 1536w, https:\/\/www.jimmy2.ch\/worldpress\/wp-content\/uploads\/2020\/10\/C4CF849F-0413-4451-A869-9B17A9964BA9-2048x1536.jpeg 2048w\" sizes=\"auto, (max-width: 1024px) 100vw, 1024px\" \/><\/figure>\n\n\n\n<p>Wir entsorgen <\/p>\n\n\n\n<figure class=\"wp-block-image size-large\"><img loading=\"lazy\" decoding=\"async\" width=\"1024\" height=\"768\" src=\"https:\/\/www.jimmy2.ch\/worldpress\/wp-content\/uploads\/2020\/10\/8BF21FE6-9ED7-4DCF-9776-F93DF3E65EC9-1024x768.jpeg\" alt=\"\" class=\"wp-image-7988\" srcset=\"https:\/\/www.jimmy2.ch\/worldpress\/wp-content\/uploads\/2020\/10\/8BF21FE6-9ED7-4DCF-9776-F93DF3E65EC9-1024x768.jpeg 1024w, https:\/\/www.jimmy2.ch\/worldpress\/wp-content\/uploads\/2020\/10\/8BF21FE6-9ED7-4DCF-9776-F93DF3E65EC9-300x225.jpeg 300w, https:\/\/www.jimmy2.ch\/worldpress\/wp-content\/uploads\/2020\/10\/8BF21FE6-9ED7-4DCF-9776-F93DF3E65EC9-768x576.jpeg 768w, https:\/\/www.jimmy2.ch\/worldpress\/wp-content\/uploads\/2020\/10\/8BF21FE6-9ED7-4DCF-9776-F93DF3E65EC9-1536x1152.jpeg 1536w, https:\/\/www.jimmy2.ch\/worldpress\/wp-content\/uploads\/2020\/10\/8BF21FE6-9ED7-4DCF-9776-F93DF3E65EC9-2048x1536.jpeg 2048w\" sizes=\"auto, (max-width: 1024px) 100vw, 1024px\" \/><\/figure>\n\n\n\n<figure class=\"wp-block-image size-large\"><img loading=\"lazy\" decoding=\"async\" width=\"1024\" height=\"768\" src=\"https:\/\/www.jimmy2.ch\/worldpress\/wp-content\/uploads\/2020\/10\/CD9BD05B-5573-4300-BCCA-FFFA1E757C14-1024x768.jpeg\" alt=\"\" class=\"wp-image-7989\" srcset=\"https:\/\/www.jimmy2.ch\/worldpress\/wp-content\/uploads\/2020\/10\/CD9BD05B-5573-4300-BCCA-FFFA1E757C14-1024x768.jpeg 1024w, https:\/\/www.jimmy2.ch\/worldpress\/wp-content\/uploads\/2020\/10\/CD9BD05B-5573-4300-BCCA-FFFA1E757C14-300x225.jpeg 300w, https:\/\/www.jimmy2.ch\/worldpress\/wp-content\/uploads\/2020\/10\/CD9BD05B-5573-4300-BCCA-FFFA1E757C14-768x576.jpeg 768w, https:\/\/www.jimmy2.ch\/worldpress\/wp-content\/uploads\/2020\/10\/CD9BD05B-5573-4300-BCCA-FFFA1E757C14-1536x1152.jpeg 1536w, https:\/\/www.jimmy2.ch\/worldpress\/wp-content\/uploads\/2020\/10\/CD9BD05B-5573-4300-BCCA-FFFA1E757C14-2048x1536.jpeg 2048w\" sizes=\"auto, (max-width: 1024px) 100vw, 1024px\" \/><\/figure>\n\n\n\n<p>und verlassen den Platz um halb zehn. <\/p>\n\n\n\n<figure class=\"wp-block-image size-large\"><img loading=\"lazy\" decoding=\"async\" width=\"1024\" height=\"768\" src=\"https:\/\/www.jimmy2.ch\/worldpress\/wp-content\/uploads\/2020\/10\/E74DC879-0E72-46D9-A5FC-14116DE2AD66-1024x768.jpeg\" alt=\"\" class=\"wp-image-7990\" srcset=\"https:\/\/www.jimmy2.ch\/worldpress\/wp-content\/uploads\/2020\/10\/E74DC879-0E72-46D9-A5FC-14116DE2AD66-1024x768.jpeg 1024w, https:\/\/www.jimmy2.ch\/worldpress\/wp-content\/uploads\/2020\/10\/E74DC879-0E72-46D9-A5FC-14116DE2AD66-300x225.jpeg 300w, https:\/\/www.jimmy2.ch\/worldpress\/wp-content\/uploads\/2020\/10\/E74DC879-0E72-46D9-A5FC-14116DE2AD66-768x576.jpeg 768w, https:\/\/www.jimmy2.ch\/worldpress\/wp-content\/uploads\/2020\/10\/E74DC879-0E72-46D9-A5FC-14116DE2AD66-1536x1152.jpeg 1536w, https:\/\/www.jimmy2.ch\/worldpress\/wp-content\/uploads\/2020\/10\/E74DC879-0E72-46D9-A5FC-14116DE2AD66-2048x1536.jpeg 2048w\" sizes=\"auto, (max-width: 1024px) 100vw, 1024px\" \/><\/figure>\n\n\n\n<p>Heute nur eine relativ kurze Etappe. Weener der Stellplatz am Alten Hafen ist unser Ziel. <\/p>\n\n\n\n<figure class=\"wp-block-image size-large\"><img loading=\"lazy\" decoding=\"async\" width=\"1024\" height=\"768\" src=\"https:\/\/www.jimmy2.ch\/worldpress\/wp-content\/uploads\/2020\/10\/C70A5357-FCD8-49F5-AE38-2A9CB193C69E-1024x768.jpeg\" alt=\"\" class=\"wp-image-7991\" srcset=\"https:\/\/www.jimmy2.ch\/worldpress\/wp-content\/uploads\/2020\/10\/C70A5357-FCD8-49F5-AE38-2A9CB193C69E-1024x768.jpeg 1024w, https:\/\/www.jimmy2.ch\/worldpress\/wp-content\/uploads\/2020\/10\/C70A5357-FCD8-49F5-AE38-2A9CB193C69E-300x225.jpeg 300w, https:\/\/www.jimmy2.ch\/worldpress\/wp-content\/uploads\/2020\/10\/C70A5357-FCD8-49F5-AE38-2A9CB193C69E-768x576.jpeg 768w, https:\/\/www.jimmy2.ch\/worldpress\/wp-content\/uploads\/2020\/10\/C70A5357-FCD8-49F5-AE38-2A9CB193C69E-1536x1152.jpeg 1536w, https:\/\/www.jimmy2.ch\/worldpress\/wp-content\/uploads\/2020\/10\/C70A5357-FCD8-49F5-AE38-2A9CB193C69E-2048x1536.jpeg 2048w\" sizes=\"auto, (max-width: 1024px) 100vw, 1024px\" \/><\/figure>\n\n\n\n<p>Auf der A31 ist heute mehr los. Vor allem hat es heute Lastwagen die unterwegs sind. <\/p>\n\n\n\n<figure class=\"wp-block-image size-large\"><img loading=\"lazy\" decoding=\"async\" width=\"1024\" height=\"768\" src=\"https:\/\/www.jimmy2.ch\/worldpress\/wp-content\/uploads\/2020\/10\/05594B81-FB5E-4E93-9883-87084C4DC92D-1024x768.jpeg\" alt=\"\" class=\"wp-image-7993\" srcset=\"https:\/\/www.jimmy2.ch\/worldpress\/wp-content\/uploads\/2020\/10\/05594B81-FB5E-4E93-9883-87084C4DC92D-1024x768.jpeg 1024w, https:\/\/www.jimmy2.ch\/worldpress\/wp-content\/uploads\/2020\/10\/05594B81-FB5E-4E93-9883-87084C4DC92D-300x225.jpeg 300w, https:\/\/www.jimmy2.ch\/worldpress\/wp-content\/uploads\/2020\/10\/05594B81-FB5E-4E93-9883-87084C4DC92D-768x576.jpeg 768w, https:\/\/www.jimmy2.ch\/worldpress\/wp-content\/uploads\/2020\/10\/05594B81-FB5E-4E93-9883-87084C4DC92D-1536x1152.jpeg 1536w, https:\/\/www.jimmy2.ch\/worldpress\/wp-content\/uploads\/2020\/10\/05594B81-FB5E-4E93-9883-87084C4DC92D-2048x1536.jpeg 2048w\" sizes=\"auto, (max-width: 1024px) 100vw, 1024px\" \/><\/figure>\n\n\n\n<p>Die f\u00fcllten gestern Sonntag die Rastpl\u00e4tze. Baustellen hat es nat\u00fcrlich auch. Aber wir kommen gut voran. Bereits um 12 Uhr stellen wir Jimmy2 auf dem Stellplatz am Alten Hafen ab. <\/p>\n\n\n\n<figure class=\"wp-block-image size-large\"><img loading=\"lazy\" decoding=\"async\" width=\"1024\" height=\"768\" src=\"https:\/\/www.jimmy2.ch\/worldpress\/wp-content\/uploads\/2020\/10\/CE133383-D9C9-403B-84AD-129F36870566-1024x768.jpeg\" alt=\"\" class=\"wp-image-7992\" srcset=\"https:\/\/www.jimmy2.ch\/worldpress\/wp-content\/uploads\/2020\/10\/CE133383-D9C9-403B-84AD-129F36870566-1024x768.jpeg 1024w, https:\/\/www.jimmy2.ch\/worldpress\/wp-content\/uploads\/2020\/10\/CE133383-D9C9-403B-84AD-129F36870566-300x225.jpeg 300w, https:\/\/www.jimmy2.ch\/worldpress\/wp-content\/uploads\/2020\/10\/CE133383-D9C9-403B-84AD-129F36870566-768x576.jpeg 768w, https:\/\/www.jimmy2.ch\/worldpress\/wp-content\/uploads\/2020\/10\/CE133383-D9C9-403B-84AD-129F36870566-1536x1152.jpeg 1536w, https:\/\/www.jimmy2.ch\/worldpress\/wp-content\/uploads\/2020\/10\/CE133383-D9C9-403B-84AD-129F36870566-2048x1536.jpeg 2048w\" sizes=\"auto, (max-width: 1024px) 100vw, 1024px\" \/><\/figure>\n\n\n\n<figure class=\"wp-block-image size-large\"><img loading=\"lazy\" decoding=\"async\" width=\"1024\" height=\"768\" src=\"https:\/\/www.jimmy2.ch\/worldpress\/wp-content\/uploads\/2020\/10\/6FEF5488-81F3-4617-A368-574CBF0EFE1E-1024x768.jpeg\" alt=\"\" class=\"wp-image-7994\" srcset=\"https:\/\/www.jimmy2.ch\/worldpress\/wp-content\/uploads\/2020\/10\/6FEF5488-81F3-4617-A368-574CBF0EFE1E-1024x768.jpeg 1024w, https:\/\/www.jimmy2.ch\/worldpress\/wp-content\/uploads\/2020\/10\/6FEF5488-81F3-4617-A368-574CBF0EFE1E-300x225.jpeg 300w, https:\/\/www.jimmy2.ch\/worldpress\/wp-content\/uploads\/2020\/10\/6FEF5488-81F3-4617-A368-574CBF0EFE1E-768x576.jpeg 768w, https:\/\/www.jimmy2.ch\/worldpress\/wp-content\/uploads\/2020\/10\/6FEF5488-81F3-4617-A368-574CBF0EFE1E-1536x1152.jpeg 1536w, https:\/\/www.jimmy2.ch\/worldpress\/wp-content\/uploads\/2020\/10\/6FEF5488-81F3-4617-A368-574CBF0EFE1E-2048x1536.jpeg 2048w\" sizes=\"auto, (max-width: 1024px) 100vw, 1024px\" \/><\/figure>\n\n\n\n<p>Nach dem Mittagessen machen wir uns auf Weener zu entdecken. <\/p>\n\n\n\n<figure class=\"wp-block-image size-large\"><img loading=\"lazy\" decoding=\"async\" width=\"1024\" height=\"768\" src=\"https:\/\/www.jimmy2.ch\/worldpress\/wp-content\/uploads\/2020\/10\/E7B0F4E1-6BFA-44AD-A499-61C0732FB4A1-1024x768.jpeg\" alt=\"\" class=\"wp-image-7996\" srcset=\"https:\/\/www.jimmy2.ch\/worldpress\/wp-content\/uploads\/2020\/10\/E7B0F4E1-6BFA-44AD-A499-61C0732FB4A1-1024x768.jpeg 1024w, https:\/\/www.jimmy2.ch\/worldpress\/wp-content\/uploads\/2020\/10\/E7B0F4E1-6BFA-44AD-A499-61C0732FB4A1-300x225.jpeg 300w, https:\/\/www.jimmy2.ch\/worldpress\/wp-content\/uploads\/2020\/10\/E7B0F4E1-6BFA-44AD-A499-61C0732FB4A1-768x576.jpeg 768w, https:\/\/www.jimmy2.ch\/worldpress\/wp-content\/uploads\/2020\/10\/E7B0F4E1-6BFA-44AD-A499-61C0732FB4A1-1536x1152.jpeg 1536w, https:\/\/www.jimmy2.ch\/worldpress\/wp-content\/uploads\/2020\/10\/E7B0F4E1-6BFA-44AD-A499-61C0732FB4A1-2048x1536.jpeg 2048w\" sizes=\"auto, (max-width: 1024px) 100vw, 1024px\" \/><\/figure>\n\n\n\n<figure class=\"wp-block-image size-large\"><img loading=\"lazy\" decoding=\"async\" width=\"1024\" height=\"768\" src=\"https:\/\/www.jimmy2.ch\/worldpress\/wp-content\/uploads\/2020\/10\/8301C974-D662-48EF-A84F-79848BD2C691-1024x768.jpeg\" alt=\"\" class=\"wp-image-7998\" srcset=\"https:\/\/www.jimmy2.ch\/worldpress\/wp-content\/uploads\/2020\/10\/8301C974-D662-48EF-A84F-79848BD2C691-1024x768.jpeg 1024w, https:\/\/www.jimmy2.ch\/worldpress\/wp-content\/uploads\/2020\/10\/8301C974-D662-48EF-A84F-79848BD2C691-300x225.jpeg 300w, https:\/\/www.jimmy2.ch\/worldpress\/wp-content\/uploads\/2020\/10\/8301C974-D662-48EF-A84F-79848BD2C691-768x576.jpeg 768w, https:\/\/www.jimmy2.ch\/worldpress\/wp-content\/uploads\/2020\/10\/8301C974-D662-48EF-A84F-79848BD2C691-1536x1152.jpeg 1536w, https:\/\/www.jimmy2.ch\/worldpress\/wp-content\/uploads\/2020\/10\/8301C974-D662-48EF-A84F-79848BD2C691-2048x1536.jpeg 2048w\" sizes=\"auto, (max-width: 1024px) 100vw, 1024px\" \/><\/figure>\n\n\n\n<figure class=\"wp-block-image size-large\"><img loading=\"lazy\" decoding=\"async\" width=\"1024\" height=\"768\" src=\"https:\/\/www.jimmy2.ch\/worldpress\/wp-content\/uploads\/2020\/10\/95828840-20C4-4DDF-A78F-D244F196DDBB-1024x768.jpeg\" alt=\"\" class=\"wp-image-7999\" srcset=\"https:\/\/www.jimmy2.ch\/worldpress\/wp-content\/uploads\/2020\/10\/95828840-20C4-4DDF-A78F-D244F196DDBB-1024x768.jpeg 1024w, https:\/\/www.jimmy2.ch\/worldpress\/wp-content\/uploads\/2020\/10\/95828840-20C4-4DDF-A78F-D244F196DDBB-300x225.jpeg 300w, https:\/\/www.jimmy2.ch\/worldpress\/wp-content\/uploads\/2020\/10\/95828840-20C4-4DDF-A78F-D244F196DDBB-768x576.jpeg 768w, https:\/\/www.jimmy2.ch\/worldpress\/wp-content\/uploads\/2020\/10\/95828840-20C4-4DDF-A78F-D244F196DDBB-1536x1152.jpeg 1536w, https:\/\/www.jimmy2.ch\/worldpress\/wp-content\/uploads\/2020\/10\/95828840-20C4-4DDF-A78F-D244F196DDBB-2048x1536.jpeg 2048w\" sizes=\"auto, (max-width: 1024px) 100vw, 1024px\" \/><\/figure>\n\n\n\n<p>Das \u00e4lteste Haus in Weener.<\/p>\n\n\n\n<figure class=\"wp-block-image size-large\"><img loading=\"lazy\" decoding=\"async\" width=\"1024\" height=\"803\" src=\"https:\/\/www.jimmy2.ch\/worldpress\/wp-content\/uploads\/2020\/10\/60B0A48C-6F72-4CCE-B104-BFC3F786C583-1024x803.jpeg\" alt=\"\" class=\"wp-image-8000\" srcset=\"https:\/\/www.jimmy2.ch\/worldpress\/wp-content\/uploads\/2020\/10\/60B0A48C-6F72-4CCE-B104-BFC3F786C583-1024x803.jpeg 1024w, https:\/\/www.jimmy2.ch\/worldpress\/wp-content\/uploads\/2020\/10\/60B0A48C-6F72-4CCE-B104-BFC3F786C583-300x235.jpeg 300w, https:\/\/www.jimmy2.ch\/worldpress\/wp-content\/uploads\/2020\/10\/60B0A48C-6F72-4CCE-B104-BFC3F786C583-768x602.jpeg 768w, https:\/\/www.jimmy2.ch\/worldpress\/wp-content\/uploads\/2020\/10\/60B0A48C-6F72-4CCE-B104-BFC3F786C583-1536x1205.jpeg 1536w, https:\/\/www.jimmy2.ch\/worldpress\/wp-content\/uploads\/2020\/10\/60B0A48C-6F72-4CCE-B104-BFC3F786C583-2048x1607.jpeg 2048w\" sizes=\"auto, (max-width: 1024px) 100vw, 1024px\" \/><\/figure>\n\n\n\n<p>Viel ist nicht los in Weener. Die H\u00e4user sind alle aus \u201eKlinker\u201c Steinen gebaut. <\/p>\n\n\n\n<figure class=\"wp-block-image size-large\"><img loading=\"lazy\" decoding=\"async\" width=\"1024\" height=\"768\" src=\"https:\/\/www.jimmy2.ch\/worldpress\/wp-content\/uploads\/2020\/10\/14DD770C-B7C9-4439-9391-447DAB700E54-1024x768.jpeg\" alt=\"\" class=\"wp-image-8001\" srcset=\"https:\/\/www.jimmy2.ch\/worldpress\/wp-content\/uploads\/2020\/10\/14DD770C-B7C9-4439-9391-447DAB700E54-1024x768.jpeg 1024w, https:\/\/www.jimmy2.ch\/worldpress\/wp-content\/uploads\/2020\/10\/14DD770C-B7C9-4439-9391-447DAB700E54-300x225.jpeg 300w, https:\/\/www.jimmy2.ch\/worldpress\/wp-content\/uploads\/2020\/10\/14DD770C-B7C9-4439-9391-447DAB700E54-768x576.jpeg 768w, https:\/\/www.jimmy2.ch\/worldpress\/wp-content\/uploads\/2020\/10\/14DD770C-B7C9-4439-9391-447DAB700E54-1536x1152.jpeg 1536w, https:\/\/www.jimmy2.ch\/worldpress\/wp-content\/uploads\/2020\/10\/14DD770C-B7C9-4439-9391-447DAB700E54-2048x1536.jpeg 2048w\" sizes=\"auto, (max-width: 1024px) 100vw, 1024px\" \/><\/figure>\n\n\n\n<figure class=\"wp-block-image size-large\"><img loading=\"lazy\" decoding=\"async\" width=\"1024\" height=\"768\" src=\"https:\/\/www.jimmy2.ch\/worldpress\/wp-content\/uploads\/2020\/10\/90068D85-EEA9-432C-B09F-AF2D86F884EA-1024x768.jpeg\" alt=\"\" class=\"wp-image-8003\" srcset=\"https:\/\/www.jimmy2.ch\/worldpress\/wp-content\/uploads\/2020\/10\/90068D85-EEA9-432C-B09F-AF2D86F884EA-1024x768.jpeg 1024w, https:\/\/www.jimmy2.ch\/worldpress\/wp-content\/uploads\/2020\/10\/90068D85-EEA9-432C-B09F-AF2D86F884EA-300x225.jpeg 300w, https:\/\/www.jimmy2.ch\/worldpress\/wp-content\/uploads\/2020\/10\/90068D85-EEA9-432C-B09F-AF2D86F884EA-768x576.jpeg 768w, https:\/\/www.jimmy2.ch\/worldpress\/wp-content\/uploads\/2020\/10\/90068D85-EEA9-432C-B09F-AF2D86F884EA-1536x1152.jpeg 1536w, https:\/\/www.jimmy2.ch\/worldpress\/wp-content\/uploads\/2020\/10\/90068D85-EEA9-432C-B09F-AF2D86F884EA-2048x1536.jpeg 2048w\" sizes=\"auto, (max-width: 1024px) 100vw, 1024px\" \/><\/figure>\n\n\n\n<p>Christa gef\u00e4llt es. <\/p>\n\n\n\n<p>Im Combi Verbrauchermark macht Christa einen kleinen Einkauf. Dann gibt es Kaffee, Kuchen und Eis in der B\u00e4ckerei Musswessels. Schmeckt sehr lecker. Dann spazieren wir weiter zum Yachthafen. <\/p>\n\n\n\n<figure class=\"wp-block-image size-large\"><img loading=\"lazy\" decoding=\"async\" width=\"1024\" height=\"768\" src=\"https:\/\/www.jimmy2.ch\/worldpress\/wp-content\/uploads\/2020\/10\/8CDA852B-778F-4460-ABD1-1C61C24AA508-1024x768.jpeg\" alt=\"\" class=\"wp-image-8002\" srcset=\"https:\/\/www.jimmy2.ch\/worldpress\/wp-content\/uploads\/2020\/10\/8CDA852B-778F-4460-ABD1-1C61C24AA508-1024x768.jpeg 1024w, https:\/\/www.jimmy2.ch\/worldpress\/wp-content\/uploads\/2020\/10\/8CDA852B-778F-4460-ABD1-1C61C24AA508-300x225.jpeg 300w, https:\/\/www.jimmy2.ch\/worldpress\/wp-content\/uploads\/2020\/10\/8CDA852B-778F-4460-ABD1-1C61C24AA508-768x576.jpeg 768w, https:\/\/www.jimmy2.ch\/worldpress\/wp-content\/uploads\/2020\/10\/8CDA852B-778F-4460-ABD1-1C61C24AA508-1536x1152.jpeg 1536w, https:\/\/www.jimmy2.ch\/worldpress\/wp-content\/uploads\/2020\/10\/8CDA852B-778F-4460-ABD1-1C61C24AA508-2048x1536.jpeg 2048w\" sizes=\"auto, (max-width: 1024px) 100vw, 1024px\" \/><\/figure>\n\n\n\n<figure class=\"wp-block-image size-large\"><img loading=\"lazy\" decoding=\"async\" width=\"1024\" height=\"768\" src=\"https:\/\/www.jimmy2.ch\/worldpress\/wp-content\/uploads\/2020\/10\/86DA33AB-FBAF-43C9-9084-09993E94B3AE-1024x768.jpeg\" alt=\"\" class=\"wp-image-8004\" srcset=\"https:\/\/www.jimmy2.ch\/worldpress\/wp-content\/uploads\/2020\/10\/86DA33AB-FBAF-43C9-9084-09993E94B3AE-1024x768.jpeg 1024w, https:\/\/www.jimmy2.ch\/worldpress\/wp-content\/uploads\/2020\/10\/86DA33AB-FBAF-43C9-9084-09993E94B3AE-300x225.jpeg 300w, https:\/\/www.jimmy2.ch\/worldpress\/wp-content\/uploads\/2020\/10\/86DA33AB-FBAF-43C9-9084-09993E94B3AE-768x576.jpeg 768w, https:\/\/www.jimmy2.ch\/worldpress\/wp-content\/uploads\/2020\/10\/86DA33AB-FBAF-43C9-9084-09993E94B3AE-1536x1152.jpeg 1536w, https:\/\/www.jimmy2.ch\/worldpress\/wp-content\/uploads\/2020\/10\/86DA33AB-FBAF-43C9-9084-09993E94B3AE-2048x1536.jpeg 2048w\" sizes=\"auto, (max-width: 1024px) 100vw, 1024px\" \/><\/figure>\n\n\n\n<p>Hier hat es auch einen Stellplatz. Der ist aber laut Angaben im ab Oktober geschlossen. Hier ist nichts los. Weiter geht es zum Damm der Ems. <\/p>\n\n\n\n<figure class=\"wp-block-image size-large\"><img loading=\"lazy\" decoding=\"async\" width=\"1024\" height=\"768\" src=\"https:\/\/www.jimmy2.ch\/worldpress\/wp-content\/uploads\/2020\/10\/0C5ED356-4D89-4754-8DAF-2FBFE2EF91F7-1024x768.jpeg\" alt=\"\" class=\"wp-image-8005\" srcset=\"https:\/\/www.jimmy2.ch\/worldpress\/wp-content\/uploads\/2020\/10\/0C5ED356-4D89-4754-8DAF-2FBFE2EF91F7-1024x768.jpeg 1024w, https:\/\/www.jimmy2.ch\/worldpress\/wp-content\/uploads\/2020\/10\/0C5ED356-4D89-4754-8DAF-2FBFE2EF91F7-300x225.jpeg 300w, https:\/\/www.jimmy2.ch\/worldpress\/wp-content\/uploads\/2020\/10\/0C5ED356-4D89-4754-8DAF-2FBFE2EF91F7-768x576.jpeg 768w, https:\/\/www.jimmy2.ch\/worldpress\/wp-content\/uploads\/2020\/10\/0C5ED356-4D89-4754-8DAF-2FBFE2EF91F7-1536x1152.jpeg 1536w, https:\/\/www.jimmy2.ch\/worldpress\/wp-content\/uploads\/2020\/10\/0C5ED356-4D89-4754-8DAF-2FBFE2EF91F7-2048x1536.jpeg 2048w\" sizes=\"auto, (max-width: 1024px) 100vw, 1024px\" \/><\/figure>\n\n\n\n<p>Ich habe mir die Ems als grossen breiten Fluss vorgestellt. Mit staunen blicke ich zum ersten Mal auf den \u201eFluss\u201c. Ich nehme an es ist Ebbe und somit wenig Wasser. <\/p>\n\n\n\n<figure class=\"wp-block-image size-large\"><img loading=\"lazy\" decoding=\"async\" width=\"1024\" height=\"768\" src=\"https:\/\/www.jimmy2.ch\/worldpress\/wp-content\/uploads\/2020\/10\/5E4926E8-D75A-4612-9CFC-14318F15DBA6-1024x768.jpeg\" alt=\"\" class=\"wp-image-8006\" srcset=\"https:\/\/www.jimmy2.ch\/worldpress\/wp-content\/uploads\/2020\/10\/5E4926E8-D75A-4612-9CFC-14318F15DBA6-1024x768.jpeg 1024w, https:\/\/www.jimmy2.ch\/worldpress\/wp-content\/uploads\/2020\/10\/5E4926E8-D75A-4612-9CFC-14318F15DBA6-300x225.jpeg 300w, https:\/\/www.jimmy2.ch\/worldpress\/wp-content\/uploads\/2020\/10\/5E4926E8-D75A-4612-9CFC-14318F15DBA6-768x576.jpeg 768w, https:\/\/www.jimmy2.ch\/worldpress\/wp-content\/uploads\/2020\/10\/5E4926E8-D75A-4612-9CFC-14318F15DBA6-1536x1152.jpeg 1536w, https:\/\/www.jimmy2.ch\/worldpress\/wp-content\/uploads\/2020\/10\/5E4926E8-D75A-4612-9CFC-14318F15DBA6-2048x1536.jpeg 2048w\" sizes=\"auto, (max-width: 1024px) 100vw, 1024px\" \/><\/figure>\n\n\n\n<figure class=\"wp-block-image size-large\"><img loading=\"lazy\" decoding=\"async\" width=\"1024\" height=\"768\" src=\"https:\/\/www.jimmy2.ch\/worldpress\/wp-content\/uploads\/2020\/10\/A581D9F6-2D83-4BDA-9384-BD5931F65599-1024x768.jpeg\" alt=\"\" class=\"wp-image-8009\" srcset=\"https:\/\/www.jimmy2.ch\/worldpress\/wp-content\/uploads\/2020\/10\/A581D9F6-2D83-4BDA-9384-BD5931F65599-1024x768.jpeg 1024w, https:\/\/www.jimmy2.ch\/worldpress\/wp-content\/uploads\/2020\/10\/A581D9F6-2D83-4BDA-9384-BD5931F65599-300x225.jpeg 300w, https:\/\/www.jimmy2.ch\/worldpress\/wp-content\/uploads\/2020\/10\/A581D9F6-2D83-4BDA-9384-BD5931F65599-768x576.jpeg 768w, https:\/\/www.jimmy2.ch\/worldpress\/wp-content\/uploads\/2020\/10\/A581D9F6-2D83-4BDA-9384-BD5931F65599-1536x1152.jpeg 1536w, https:\/\/www.jimmy2.ch\/worldpress\/wp-content\/uploads\/2020\/10\/A581D9F6-2D83-4BDA-9384-BD5931F65599-2048x1536.jpeg 2048w\" sizes=\"auto, (max-width: 1024px) 100vw, 1024px\" \/><\/figure>\n\n\n\n<p>Morgen Vormittag soll mehr Wasser in der Ems sein. Ich werde dann nochmals vorbeischauen.<\/p>\n\n\n\n<figure class=\"wp-block-image size-large\"><img loading=\"lazy\" decoding=\"async\" width=\"1024\" height=\"768\" src=\"https:\/\/www.jimmy2.ch\/worldpress\/wp-content\/uploads\/2020\/10\/A4D02C0A-8CDD-4A0D-980F-B56094C55E9C-1024x768.jpeg\" alt=\"\" class=\"wp-image-8007\" srcset=\"https:\/\/www.jimmy2.ch\/worldpress\/wp-content\/uploads\/2020\/10\/A4D02C0A-8CDD-4A0D-980F-B56094C55E9C-1024x768.jpeg 1024w, https:\/\/www.jimmy2.ch\/worldpress\/wp-content\/uploads\/2020\/10\/A4D02C0A-8CDD-4A0D-980F-B56094C55E9C-300x225.jpeg 300w, https:\/\/www.jimmy2.ch\/worldpress\/wp-content\/uploads\/2020\/10\/A4D02C0A-8CDD-4A0D-980F-B56094C55E9C-768x576.jpeg 768w, https:\/\/www.jimmy2.ch\/worldpress\/wp-content\/uploads\/2020\/10\/A4D02C0A-8CDD-4A0D-980F-B56094C55E9C-1536x1152.jpeg 1536w, https:\/\/www.jimmy2.ch\/worldpress\/wp-content\/uploads\/2020\/10\/A4D02C0A-8CDD-4A0D-980F-B56094C55E9C-2048x1536.jpeg 2048w\" sizes=\"auto, (max-width: 1024px) 100vw, 1024px\" \/><\/figure>\n\n\n\n<figure class=\"wp-block-image size-large\"><img loading=\"lazy\" decoding=\"async\" width=\"1024\" height=\"768\" src=\"https:\/\/www.jimmy2.ch\/worldpress\/wp-content\/uploads\/2020\/10\/C281A1E3-B7CC-4CE2-BB35-327DC1F5C770-1024x768.jpeg\" alt=\"\" class=\"wp-image-8008\" srcset=\"https:\/\/www.jimmy2.ch\/worldpress\/wp-content\/uploads\/2020\/10\/C281A1E3-B7CC-4CE2-BB35-327DC1F5C770-1024x768.jpeg 1024w, https:\/\/www.jimmy2.ch\/worldpress\/wp-content\/uploads\/2020\/10\/C281A1E3-B7CC-4CE2-BB35-327DC1F5C770-300x225.jpeg 300w, https:\/\/www.jimmy2.ch\/worldpress\/wp-content\/uploads\/2020\/10\/C281A1E3-B7CC-4CE2-BB35-327DC1F5C770-768x576.jpeg 768w, https:\/\/www.jimmy2.ch\/worldpress\/wp-content\/uploads\/2020\/10\/C281A1E3-B7CC-4CE2-BB35-327DC1F5C770-1536x1152.jpeg 1536w, https:\/\/www.jimmy2.ch\/worldpress\/wp-content\/uploads\/2020\/10\/C281A1E3-B7CC-4CE2-BB35-327DC1F5C770-2048x1536.jpeg 2048w\" sizes=\"auto, (max-width: 1024px) 100vw, 1024px\" \/><\/figure>\n\n\n\n<figure class=\"wp-block-image size-large\"><img loading=\"lazy\" decoding=\"async\" width=\"1024\" height=\"768\" src=\"https:\/\/www.jimmy2.ch\/worldpress\/wp-content\/uploads\/2020\/10\/AE1CB863-BDEA-4030-AB0D-8ABFD8E8194B-1024x768.jpeg\" alt=\"\" class=\"wp-image-8010\" srcset=\"https:\/\/www.jimmy2.ch\/worldpress\/wp-content\/uploads\/2020\/10\/AE1CB863-BDEA-4030-AB0D-8ABFD8E8194B-1024x768.jpeg 1024w, https:\/\/www.jimmy2.ch\/worldpress\/wp-content\/uploads\/2020\/10\/AE1CB863-BDEA-4030-AB0D-8ABFD8E8194B-300x225.jpeg 300w, https:\/\/www.jimmy2.ch\/worldpress\/wp-content\/uploads\/2020\/10\/AE1CB863-BDEA-4030-AB0D-8ABFD8E8194B-768x576.jpeg 768w, https:\/\/www.jimmy2.ch\/worldpress\/wp-content\/uploads\/2020\/10\/AE1CB863-BDEA-4030-AB0D-8ABFD8E8194B-1536x1152.jpeg 1536w, https:\/\/www.jimmy2.ch\/worldpress\/wp-content\/uploads\/2020\/10\/AE1CB863-BDEA-4030-AB0D-8ABFD8E8194B-2048x1536.jpeg 2048w\" sizes=\"auto, (max-width: 1024px) 100vw, 1024px\" \/><\/figure>\n\n\n\n<p>Es ist schon fast 17 Uhr als wir wieder zum Wohnmobil zur\u00fcckgekommen. Es stehen nun mehr Wohnmobile hier. Ich f\u00fclle noch etwas Wasser nach. Den Rest des Abends verbringen wir im Wohnmobil. <\/p>\n\n\n\n<figure class=\"wp-block-image size-large\"><img loading=\"lazy\" decoding=\"async\" width=\"1024\" height=\"768\" src=\"https:\/\/www.jimmy2.ch\/worldpress\/wp-content\/uploads\/2020\/10\/1263B86E-7A6B-437D-8302-0E9587184E0A-1024x768.jpeg\" alt=\"\" class=\"wp-image-8011\" srcset=\"https:\/\/www.jimmy2.ch\/worldpress\/wp-content\/uploads\/2020\/10\/1263B86E-7A6B-437D-8302-0E9587184E0A-1024x768.jpeg 1024w, https:\/\/www.jimmy2.ch\/worldpress\/wp-content\/uploads\/2020\/10\/1263B86E-7A6B-437D-8302-0E9587184E0A-300x225.jpeg 300w, https:\/\/www.jimmy2.ch\/worldpress\/wp-content\/uploads\/2020\/10\/1263B86E-7A6B-437D-8302-0E9587184E0A-768x576.jpeg 768w, https:\/\/www.jimmy2.ch\/worldpress\/wp-content\/uploads\/2020\/10\/1263B86E-7A6B-437D-8302-0E9587184E0A-1536x1152.jpeg 1536w, https:\/\/www.jimmy2.ch\/worldpress\/wp-content\/uploads\/2020\/10\/1263B86E-7A6B-437D-8302-0E9587184E0A-2048x1536.jpeg 2048w\" sizes=\"auto, (max-width: 1024px) 100vw, 1024px\" \/><\/figure>\n\n\n\n<p>Zwischendurch kommt noch der Platzwart. Er will kein Geld sondern  verteilt Couverts in das man den \u00dcbernachtungspreis von 8 Euro geben muss. Das Couvert muss dann im Sanit\u00e4rgeb\u00e4ude in den Briefkasten geworfen werden. <br><br>Das sind Vorsichtsmassnahmen im Zusammenhang mit Covid19. Damit nicht immer Geld in die H\u00e4nde genommen werden muss. <br><br><\/p>\n\n\n\n<figure class=\"wp-block-image size-large\"><img loading=\"lazy\" decoding=\"async\" width=\"892\" height=\"1024\" src=\"https:\/\/www.jimmy2.ch\/worldpress\/wp-content\/uploads\/2020\/10\/CECDD4BC-DB6D-4893-BC71-D742DDB03871-892x1024.jpeg\" alt=\"\" class=\"wp-image-7997\" srcset=\"https:\/\/www.jimmy2.ch\/worldpress\/wp-content\/uploads\/2020\/10\/CECDD4BC-DB6D-4893-BC71-D742DDB03871-892x1024.jpeg 892w, https:\/\/www.jimmy2.ch\/worldpress\/wp-content\/uploads\/2020\/10\/CECDD4BC-DB6D-4893-BC71-D742DDB03871-261x300.jpeg 261w, https:\/\/www.jimmy2.ch\/worldpress\/wp-content\/uploads\/2020\/10\/CECDD4BC-DB6D-4893-BC71-D742DDB03871-768x881.jpeg 768w, https:\/\/www.jimmy2.ch\/worldpress\/wp-content\/uploads\/2020\/10\/CECDD4BC-DB6D-4893-BC71-D742DDB03871.jpeg 1242w\" sizes=\"auto, (max-width: 892px) 100vw, 892px\" \/><\/figure>\n\n\n\n<figure class=\"wp-block-image size-large\"><img loading=\"lazy\" decoding=\"async\" width=\"1024\" height=\"325\" src=\"https:\/\/www.jimmy2.ch\/worldpress\/wp-content\/uploads\/2020\/10\/BBAFC804-55F4-48E1-9DA0-8A65587C8708-1024x325.jpeg\" alt=\"\" class=\"wp-image-7995\" srcset=\"https:\/\/www.jimmy2.ch\/worldpress\/wp-content\/uploads\/2020\/10\/BBAFC804-55F4-48E1-9DA0-8A65587C8708-1024x325.jpeg 1024w, https:\/\/www.jimmy2.ch\/worldpress\/wp-content\/uploads\/2020\/10\/BBAFC804-55F4-48E1-9DA0-8A65587C8708-300x95.jpeg 300w, https:\/\/www.jimmy2.ch\/worldpress\/wp-content\/uploads\/2020\/10\/BBAFC804-55F4-48E1-9DA0-8A65587C8708-768x244.jpeg 768w, https:\/\/www.jimmy2.ch\/worldpress\/wp-content\/uploads\/2020\/10\/BBAFC804-55F4-48E1-9DA0-8A65587C8708.jpeg 1193w\" sizes=\"auto, (max-width: 1024px) 100vw, 1024px\" \/><\/figure>\n\n\n\n<figure class=\"wp-block-image size-large\"><img loading=\"lazy\" decoding=\"async\" width=\"1024\" height=\"804\" src=\"https:\/\/www.jimmy2.ch\/worldpress\/wp-content\/uploads\/2020\/10\/1908FCB0-10C4-42FA-993A-6CC73E5F3202-1024x804.jpeg\" alt=\"\" class=\"wp-image-8012\" srcset=\"https:\/\/www.jimmy2.ch\/worldpress\/wp-content\/uploads\/2020\/10\/1908FCB0-10C4-42FA-993A-6CC73E5F3202-1024x804.jpeg 1024w, https:\/\/www.jimmy2.ch\/worldpress\/wp-content\/uploads\/2020\/10\/1908FCB0-10C4-42FA-993A-6CC73E5F3202-300x236.jpeg 300w, https:\/\/www.jimmy2.ch\/worldpress\/wp-content\/uploads\/2020\/10\/1908FCB0-10C4-42FA-993A-6CC73E5F3202-768x603.jpeg 768w, https:\/\/www.jimmy2.ch\/worldpress\/wp-content\/uploads\/2020\/10\/1908FCB0-10C4-42FA-993A-6CC73E5F3202.jpeg 1242w\" sizes=\"auto, (max-width: 1024px) 100vw, 1024px\" \/><\/figure>\n\n\n\n<p><\/p>\n\n\n\n<p><br><br><br><br><\/p>\n","protected":false},"excerpt":{"rendered":"<p>Montag 12. Oktober 2020Reken &#8211; Weener 169 km 2 1\/2 Std. unterwegsStellplatz am alten Hafen in Weener 8 Euro\/Nacht inkl. Entsorgung \/ Wasser und Strom extra Wetter: wieder ein Gemisch aus Regen, Wolken und etwas Sonne 8 &#8211; 16 Grad &hellip; <a href=\"https:\/\/www.jimmy2.ch\/worldpress\/2020\/10\/12\/reken-weeder\/\">Continue reading <span class=\"meta-nav\">&rarr;<\/span><\/a><\/p>\n","protected":false},"author":1,"featured_media":0,"comment_status":"open","ping_status":"open","sticky":false,"template":"","format":"standard","meta":{"footnotes":""},"categories":[63],"tags":[66,508,507,505,506],"class_list":["post-7975","post","type-post","status-publish","format-standard","hentry","category-deutschland","tag-deutschland","tag-niedsersachsen","tag-nordsee","tag-reken","tag-weener"],"_links":{"self":[{"href":"https:\/\/www.jimmy2.ch\/worldpress\/wp-json\/wp\/v2\/posts\/7975","targetHints":{"allow":["GET"]}}],"collection":[{"href":"https:\/\/www.jimmy2.ch\/worldpress\/wp-json\/wp\/v2\/posts"}],"about":[{"href":"https:\/\/www.jimmy2.ch\/worldpress\/wp-json\/wp\/v2\/types\/post"}],"author":[{"embeddable":true,"href":"https:\/\/www.jimmy2.ch\/worldpress\/wp-json\/wp\/v2\/users\/1"}],"replies":[{"embeddable":true,"href":"https:\/\/www.jimmy2.ch\/worldpress\/wp-json\/wp\/v2\/comments?post=7975"}],"version-history":[{"count":5,"href":"https:\/\/www.jimmy2.ch\/worldpress\/wp-json\/wp\/v2\/posts\/7975\/revisions"}],"predecessor-version":[{"id":8018,"href":"https:\/\/www.jimmy2.ch\/worldpress\/wp-json\/wp\/v2\/posts\/7975\/revisions\/8018"}],"wp:attachment":[{"href":"https:\/\/www.jimmy2.ch\/worldpress\/wp-json\/wp\/v2\/media?parent=7975"}],"wp:term":[{"taxonomy":"category","embeddable":true,"href":"https:\/\/www.jimmy2.ch\/worldpress\/wp-json\/wp\/v2\/categories?post=7975"},{"taxonomy":"post_tag","embeddable":true,"href":"https:\/\/www.jimmy2.ch\/worldpress\/wp-json\/wp\/v2\/tags?post=7975"}],"curies":[{"name":"wp","href":"https:\/\/api.w.org\/{rel}","templated":true}]}}