{"id":7631,"date":"2020-09-13T22:14:21","date_gmt":"2020-09-13T21:14:21","guid":{"rendered":"http:\/\/www.jimmy2.ch\/worldpress\/?p=7631"},"modified":"2020-09-14T19:19:02","modified_gmt":"2020-09-14T18:19:02","slug":"grado-4-tag","status":"publish","type":"post","link":"https:\/\/www.jimmy2.ch\/worldpress\/2020\/09\/13\/grado-4-tag\/","title":{"rendered":"Grado 4. Tag"},"content":{"rendered":"\n<p>Sonntag 13. September 2020<br>Grado <br>Parkplatz in Grado 4 Euro\/Nacht hat Frischwasser<br><br>Wetter: Sonne und heiss 23 &#8211; 32 Grad<br><br>In der Nacht fallen die Temperaturen nicht unter 23 Grad. Entsprechend warm ist es im Wohnmobil. <br><br>Auf dem Parkplatz ist schon ein reges treiben. Der Ansturm an Italienern die an den Strand wollen ist wieder enorm. <\/p>\n\n\n\n<figure class=\"wp-block-image size-large\"><img loading=\"lazy\" decoding=\"async\" width=\"1024\" height=\"768\" src=\"https:\/\/www.jimmy2.ch\/worldpress\/wp-content\/uploads\/2020\/09\/469231BD-0005-4222-80EE-B093BE3E1972-1024x768.jpeg\" alt=\"\" class=\"wp-image-7634\" srcset=\"https:\/\/www.jimmy2.ch\/worldpress\/wp-content\/uploads\/2020\/09\/469231BD-0005-4222-80EE-B093BE3E1972-1024x768.jpeg 1024w, https:\/\/www.jimmy2.ch\/worldpress\/wp-content\/uploads\/2020\/09\/469231BD-0005-4222-80EE-B093BE3E1972-300x225.jpeg 300w, https:\/\/www.jimmy2.ch\/worldpress\/wp-content\/uploads\/2020\/09\/469231BD-0005-4222-80EE-B093BE3E1972-768x576.jpeg 768w, https:\/\/www.jimmy2.ch\/worldpress\/wp-content\/uploads\/2020\/09\/469231BD-0005-4222-80EE-B093BE3E1972-1536x1152.jpeg 1536w, https:\/\/www.jimmy2.ch\/worldpress\/wp-content\/uploads\/2020\/09\/469231BD-0005-4222-80EE-B093BE3E1972-2048x1536.jpeg 2048w\" sizes=\"auto, (max-width: 1024px) 100vw, 1024px\" \/><\/figure>\n\n\n\n<figure class=\"wp-block-image size-large\"><img loading=\"lazy\" decoding=\"async\" width=\"1024\" height=\"768\" src=\"https:\/\/www.jimmy2.ch\/worldpress\/wp-content\/uploads\/2020\/09\/8253A6F6-A7A2-4A6D-B429-867203B32526-1024x768.jpeg\" alt=\"\" class=\"wp-image-7635\" srcset=\"https:\/\/www.jimmy2.ch\/worldpress\/wp-content\/uploads\/2020\/09\/8253A6F6-A7A2-4A6D-B429-867203B32526-1024x768.jpeg 1024w, https:\/\/www.jimmy2.ch\/worldpress\/wp-content\/uploads\/2020\/09\/8253A6F6-A7A2-4A6D-B429-867203B32526-300x225.jpeg 300w, https:\/\/www.jimmy2.ch\/worldpress\/wp-content\/uploads\/2020\/09\/8253A6F6-A7A2-4A6D-B429-867203B32526-768x576.jpeg 768w, https:\/\/www.jimmy2.ch\/worldpress\/wp-content\/uploads\/2020\/09\/8253A6F6-A7A2-4A6D-B429-867203B32526-1536x1152.jpeg 1536w, https:\/\/www.jimmy2.ch\/worldpress\/wp-content\/uploads\/2020\/09\/8253A6F6-A7A2-4A6D-B429-867203B32526-2048x1536.jpeg 2048w\" sizes=\"auto, (max-width: 1024px) 100vw, 1024px\" \/><\/figure>\n\n\n\n<figure class=\"wp-block-image size-large\"><img loading=\"lazy\" decoding=\"async\" width=\"1024\" height=\"768\" src=\"https:\/\/www.jimmy2.ch\/worldpress\/wp-content\/uploads\/2020\/09\/B45ADA37-3C15-46FA-AD15-1EAFC7F4F32D-1024x768.jpeg\" alt=\"\" class=\"wp-image-7636\" srcset=\"https:\/\/www.jimmy2.ch\/worldpress\/wp-content\/uploads\/2020\/09\/B45ADA37-3C15-46FA-AD15-1EAFC7F4F32D-1024x768.jpeg 1024w, https:\/\/www.jimmy2.ch\/worldpress\/wp-content\/uploads\/2020\/09\/B45ADA37-3C15-46FA-AD15-1EAFC7F4F32D-300x225.jpeg 300w, https:\/\/www.jimmy2.ch\/worldpress\/wp-content\/uploads\/2020\/09\/B45ADA37-3C15-46FA-AD15-1EAFC7F4F32D-768x576.jpeg 768w, https:\/\/www.jimmy2.ch\/worldpress\/wp-content\/uploads\/2020\/09\/B45ADA37-3C15-46FA-AD15-1EAFC7F4F32D-1536x1152.jpeg 1536w, https:\/\/www.jimmy2.ch\/worldpress\/wp-content\/uploads\/2020\/09\/B45ADA37-3C15-46FA-AD15-1EAFC7F4F32D-2048x1536.jpeg 2048w\" sizes=\"auto, (max-width: 1024px) 100vw, 1024px\" \/><\/figure>\n\n\n\n<p>Auch wir machen uns auf den Weg zum Meer. Fr\u00fchschwimmen &#8211; eher warten im Kn\u00f6chel bzw. Wadentiefen-Meer. Aber dann haben wir es doch geschafft und k\u00f6nnen etwas schwimmen.<br><br>Nach dem Fr\u00fchst\u00fcck fahren wir mit dem Roller Richtung Grado-Pieta und weiter Richtung Monfalcone. Es hat ein paar Campingpl\u00e4tze und den Ort. Aber sonst nichts. Wir drehen um und fahren nach Grado. <br><br>Der Roller bekommt Benzin und wir einen Ap\u00e9rol und einen Eisbecher.<br><br>Zur\u00fcck beim Wohnmobil packen auch wir unsere Sachen und gehen ans Meer. Heute ist es nicht einfach einen Platz zu bekommen der \u201eunseren\u201c Anforderungen entspricht. Schatten und gen\u00fcgend Abstand zu den Nachbarn. Aber Christa wird dann doch noch f\u00fcndig.<br><br>Ich spaziere zum Meer. Das hat sich noch weiter zur\u00fcckgezogen. Da wo wir heute Vormittag noch schwimmen konnten ist das Wasser jetzt nur noch knietief.<\/p>\n\n\n\n<figure class=\"wp-block-image size-large\"><img loading=\"lazy\" decoding=\"async\" width=\"1024\" height=\"768\" src=\"https:\/\/www.jimmy2.ch\/worldpress\/wp-content\/uploads\/2020\/09\/0CB0F481-FC2C-4E41-BC2C-D10F8D9E95AD-1024x768.jpeg\" alt=\"\" class=\"wp-image-7661\" srcset=\"https:\/\/www.jimmy2.ch\/worldpress\/wp-content\/uploads\/2020\/09\/0CB0F481-FC2C-4E41-BC2C-D10F8D9E95AD-1024x768.jpeg 1024w, https:\/\/www.jimmy2.ch\/worldpress\/wp-content\/uploads\/2020\/09\/0CB0F481-FC2C-4E41-BC2C-D10F8D9E95AD-300x225.jpeg 300w, https:\/\/www.jimmy2.ch\/worldpress\/wp-content\/uploads\/2020\/09\/0CB0F481-FC2C-4E41-BC2C-D10F8D9E95AD-768x576.jpeg 768w, https:\/\/www.jimmy2.ch\/worldpress\/wp-content\/uploads\/2020\/09\/0CB0F481-FC2C-4E41-BC2C-D10F8D9E95AD-1536x1152.jpeg 1536w, https:\/\/www.jimmy2.ch\/worldpress\/wp-content\/uploads\/2020\/09\/0CB0F481-FC2C-4E41-BC2C-D10F8D9E95AD-2048x1536.jpeg 2048w\" sizes=\"auto, (max-width: 1024px) 100vw, 1024px\" \/><\/figure>\n\n\n\n<figure class=\"wp-block-image size-large\"><img loading=\"lazy\" decoding=\"async\" width=\"1024\" height=\"768\" src=\"https:\/\/www.jimmy2.ch\/worldpress\/wp-content\/uploads\/2020\/09\/963E5F6D-1908-49DD-8A6B-C83879C404E1_1_201_a-1024x768.jpeg\" alt=\"\" class=\"wp-image-7657\" srcset=\"https:\/\/www.jimmy2.ch\/worldpress\/wp-content\/uploads\/2020\/09\/963E5F6D-1908-49DD-8A6B-C83879C404E1_1_201_a-1024x768.jpeg 1024w, https:\/\/www.jimmy2.ch\/worldpress\/wp-content\/uploads\/2020\/09\/963E5F6D-1908-49DD-8A6B-C83879C404E1_1_201_a-300x225.jpeg 300w, https:\/\/www.jimmy2.ch\/worldpress\/wp-content\/uploads\/2020\/09\/963E5F6D-1908-49DD-8A6B-C83879C404E1_1_201_a-768x576.jpeg 768w, https:\/\/www.jimmy2.ch\/worldpress\/wp-content\/uploads\/2020\/09\/963E5F6D-1908-49DD-8A6B-C83879C404E1_1_201_a-1536x1152.jpeg 1536w, https:\/\/www.jimmy2.ch\/worldpress\/wp-content\/uploads\/2020\/09\/963E5F6D-1908-49DD-8A6B-C83879C404E1_1_201_a-2048x1536.jpeg 2048w\" sizes=\"auto, (max-width: 1024px) 100vw, 1024px\" \/><\/figure>\n\n\n\n<figure class=\"wp-block-image size-large\"><img loading=\"lazy\" decoding=\"async\" width=\"1024\" height=\"768\" src=\"https:\/\/www.jimmy2.ch\/worldpress\/wp-content\/uploads\/2020\/09\/F109F0D8-94F5-419D-BD2A-17D54DA60212_1_201_a-1024x768.jpeg\" alt=\"\" class=\"wp-image-7658\" srcset=\"https:\/\/www.jimmy2.ch\/worldpress\/wp-content\/uploads\/2020\/09\/F109F0D8-94F5-419D-BD2A-17D54DA60212_1_201_a-1024x768.jpeg 1024w, https:\/\/www.jimmy2.ch\/worldpress\/wp-content\/uploads\/2020\/09\/F109F0D8-94F5-419D-BD2A-17D54DA60212_1_201_a-300x225.jpeg 300w, https:\/\/www.jimmy2.ch\/worldpress\/wp-content\/uploads\/2020\/09\/F109F0D8-94F5-419D-BD2A-17D54DA60212_1_201_a-768x576.jpeg 768w, https:\/\/www.jimmy2.ch\/worldpress\/wp-content\/uploads\/2020\/09\/F109F0D8-94F5-419D-BD2A-17D54DA60212_1_201_a-1536x1152.jpeg 1536w, https:\/\/www.jimmy2.ch\/worldpress\/wp-content\/uploads\/2020\/09\/F109F0D8-94F5-419D-BD2A-17D54DA60212_1_201_a-2048x1536.jpeg 2048w\" sizes=\"auto, (max-width: 1024px) 100vw, 1024px\" \/><\/figure>\n\n\n\n<figure class=\"wp-block-image size-large\"><img loading=\"lazy\" decoding=\"async\" width=\"1024\" height=\"768\" src=\"https:\/\/www.jimmy2.ch\/worldpress\/wp-content\/uploads\/2020\/09\/DD0AF2EB-D719-4674-9E6B-C7674085ADC6_1_201_a-1024x768.jpeg\" alt=\"\" class=\"wp-image-7659\" srcset=\"https:\/\/www.jimmy2.ch\/worldpress\/wp-content\/uploads\/2020\/09\/DD0AF2EB-D719-4674-9E6B-C7674085ADC6_1_201_a-1024x768.jpeg 1024w, https:\/\/www.jimmy2.ch\/worldpress\/wp-content\/uploads\/2020\/09\/DD0AF2EB-D719-4674-9E6B-C7674085ADC6_1_201_a-300x225.jpeg 300w, https:\/\/www.jimmy2.ch\/worldpress\/wp-content\/uploads\/2020\/09\/DD0AF2EB-D719-4674-9E6B-C7674085ADC6_1_201_a-768x576.jpeg 768w, https:\/\/www.jimmy2.ch\/worldpress\/wp-content\/uploads\/2020\/09\/DD0AF2EB-D719-4674-9E6B-C7674085ADC6_1_201_a-1536x1152.jpeg 1536w, https:\/\/www.jimmy2.ch\/worldpress\/wp-content\/uploads\/2020\/09\/DD0AF2EB-D719-4674-9E6B-C7674085ADC6_1_201_a-2048x1536.jpeg 2048w\" sizes=\"auto, (max-width: 1024px) 100vw, 1024px\" \/><\/figure>\n\n\n\n<figure class=\"wp-block-image size-large\"><img loading=\"lazy\" decoding=\"async\" width=\"1024\" height=\"768\" src=\"https:\/\/www.jimmy2.ch\/worldpress\/wp-content\/uploads\/2020\/09\/A53831E0-A426-4F9D-9FBE-728EF4970594_1_201_a-1024x768.jpeg\" alt=\"\" class=\"wp-image-7660\" srcset=\"https:\/\/www.jimmy2.ch\/worldpress\/wp-content\/uploads\/2020\/09\/A53831E0-A426-4F9D-9FBE-728EF4970594_1_201_a-1024x768.jpeg 1024w, https:\/\/www.jimmy2.ch\/worldpress\/wp-content\/uploads\/2020\/09\/A53831E0-A426-4F9D-9FBE-728EF4970594_1_201_a-300x225.jpeg 300w, https:\/\/www.jimmy2.ch\/worldpress\/wp-content\/uploads\/2020\/09\/A53831E0-A426-4F9D-9FBE-728EF4970594_1_201_a-768x576.jpeg 768w, https:\/\/www.jimmy2.ch\/worldpress\/wp-content\/uploads\/2020\/09\/A53831E0-A426-4F9D-9FBE-728EF4970594_1_201_a-1536x1152.jpeg 1536w, https:\/\/www.jimmy2.ch\/worldpress\/wp-content\/uploads\/2020\/09\/A53831E0-A426-4F9D-9FBE-728EF4970594_1_201_a-2048x1536.jpeg 2048w\" sizes=\"auto, (max-width: 1024px) 100vw, 1024px\" \/><\/figure>\n\n\n\n<p>Ich denke die Leute kommen sowieso nicht hierhin um zu schwimmen &#8211; sondern im im Wasser zu spazieren.<br><br>Gegen halb sechs machen wir uns auf den Weg nach Hause. Wie viele andere auch. Der Parkplatz beginnt sich zu leeren. <br><br>Wir schauen dem Treiben zu. Dann wird aber die M\u00fcckenplage zu unertr\u00e4glich und wir m\u00fcssen uns ins Wohnmobil retten.<br><br>Die Temperaturen sind immer noch sehr warm.<\/p>\n\n\n\n<figure class=\"wp-block-image size-large\"><img loading=\"lazy\" decoding=\"async\" width=\"1024\" height=\"768\" src=\"https:\/\/www.jimmy2.ch\/worldpress\/wp-content\/uploads\/2020\/09\/190846C5-73EB-4683-BFDF-4F9227C59AC1-1024x768.jpeg\" alt=\"\" class=\"wp-image-7638\" srcset=\"https:\/\/www.jimmy2.ch\/worldpress\/wp-content\/uploads\/2020\/09\/190846C5-73EB-4683-BFDF-4F9227C59AC1-1024x768.jpeg 1024w, https:\/\/www.jimmy2.ch\/worldpress\/wp-content\/uploads\/2020\/09\/190846C5-73EB-4683-BFDF-4F9227C59AC1-300x225.jpeg 300w, https:\/\/www.jimmy2.ch\/worldpress\/wp-content\/uploads\/2020\/09\/190846C5-73EB-4683-BFDF-4F9227C59AC1-768x576.jpeg 768w, https:\/\/www.jimmy2.ch\/worldpress\/wp-content\/uploads\/2020\/09\/190846C5-73EB-4683-BFDF-4F9227C59AC1-1536x1152.jpeg 1536w, https:\/\/www.jimmy2.ch\/worldpress\/wp-content\/uploads\/2020\/09\/190846C5-73EB-4683-BFDF-4F9227C59AC1-2048x1536.jpeg 2048w\" sizes=\"auto, (max-width: 1024px) 100vw, 1024px\" \/><\/figure>\n\n\n\n<figure class=\"wp-block-image size-large\"><img loading=\"lazy\" decoding=\"async\" width=\"1024\" height=\"768\" src=\"https:\/\/www.jimmy2.ch\/worldpress\/wp-content\/uploads\/2020\/09\/285906A8-FB06-4696-BC6E-92195310FDEC-1024x768.jpeg\" alt=\"\" class=\"wp-image-7639\" srcset=\"https:\/\/www.jimmy2.ch\/worldpress\/wp-content\/uploads\/2020\/09\/285906A8-FB06-4696-BC6E-92195310FDEC-1024x768.jpeg 1024w, https:\/\/www.jimmy2.ch\/worldpress\/wp-content\/uploads\/2020\/09\/285906A8-FB06-4696-BC6E-92195310FDEC-300x225.jpeg 300w, https:\/\/www.jimmy2.ch\/worldpress\/wp-content\/uploads\/2020\/09\/285906A8-FB06-4696-BC6E-92195310FDEC-768x576.jpeg 768w, https:\/\/www.jimmy2.ch\/worldpress\/wp-content\/uploads\/2020\/09\/285906A8-FB06-4696-BC6E-92195310FDEC-1536x1152.jpeg 1536w, https:\/\/www.jimmy2.ch\/worldpress\/wp-content\/uploads\/2020\/09\/285906A8-FB06-4696-BC6E-92195310FDEC-2048x1536.jpeg 2048w\" sizes=\"auto, (max-width: 1024px) 100vw, 1024px\" \/><\/figure>\n\n\n\n<figure class=\"wp-block-image size-large\"><img loading=\"lazy\" decoding=\"async\" width=\"1024\" height=\"768\" src=\"https:\/\/www.jimmy2.ch\/worldpress\/wp-content\/uploads\/2020\/09\/ABA500C1-7DAB-4BE6-B648-E7F016BCC8EA-1024x768.jpeg\" alt=\"\" class=\"wp-image-7640\" srcset=\"https:\/\/www.jimmy2.ch\/worldpress\/wp-content\/uploads\/2020\/09\/ABA500C1-7DAB-4BE6-B648-E7F016BCC8EA-1024x768.jpeg 1024w, https:\/\/www.jimmy2.ch\/worldpress\/wp-content\/uploads\/2020\/09\/ABA500C1-7DAB-4BE6-B648-E7F016BCC8EA-300x225.jpeg 300w, https:\/\/www.jimmy2.ch\/worldpress\/wp-content\/uploads\/2020\/09\/ABA500C1-7DAB-4BE6-B648-E7F016BCC8EA-768x576.jpeg 768w, https:\/\/www.jimmy2.ch\/worldpress\/wp-content\/uploads\/2020\/09\/ABA500C1-7DAB-4BE6-B648-E7F016BCC8EA-1536x1152.jpeg 1536w, https:\/\/www.jimmy2.ch\/worldpress\/wp-content\/uploads\/2020\/09\/ABA500C1-7DAB-4BE6-B648-E7F016BCC8EA-2048x1536.jpeg 2048w\" sizes=\"auto, (max-width: 1024px) 100vw, 1024px\" \/><\/figure>\n\n\n\n<p><\/p>\n\n\n\n<p><\/p>\n\n\n\n<figure class=\"wp-block-image size-large\"><img loading=\"lazy\" decoding=\"async\" width=\"1024\" height=\"837\" src=\"https:\/\/www.jimmy2.ch\/worldpress\/wp-content\/uploads\/2020\/09\/5875E733-EB03-426A-B65B-F4D4B51B389A-1024x837.jpeg\" alt=\"\" class=\"wp-image-7637\" srcset=\"https:\/\/www.jimmy2.ch\/worldpress\/wp-content\/uploads\/2020\/09\/5875E733-EB03-426A-B65B-F4D4B51B389A-1024x837.jpeg 1024w, https:\/\/www.jimmy2.ch\/worldpress\/wp-content\/uploads\/2020\/09\/5875E733-EB03-426A-B65B-F4D4B51B389A-300x245.jpeg 300w, https:\/\/www.jimmy2.ch\/worldpress\/wp-content\/uploads\/2020\/09\/5875E733-EB03-426A-B65B-F4D4B51B389A-768x628.jpeg 768w, https:\/\/www.jimmy2.ch\/worldpress\/wp-content\/uploads\/2020\/09\/5875E733-EB03-426A-B65B-F4D4B51B389A.jpeg 1242w\" sizes=\"auto, (max-width: 1024px) 100vw, 1024px\" \/><\/figure>\n\n\n\n<p><\/p>\n\n\n\n<p><br><\/p>\n","protected":false},"excerpt":{"rendered":"<p>Sonntag 13. September 2020Grado Parkplatz in Grado 4 Euro\/Nacht hat Frischwasser Wetter: Sonne und heiss 23 &#8211; 32 Grad In der Nacht fallen die Temperaturen nicht unter 23 Grad. Entsprechend warm ist es im Wohnmobil. Auf dem Parkplatz ist schon &hellip; <a href=\"https:\/\/www.jimmy2.ch\/worldpress\/2020\/09\/13\/grado-4-tag\/\">Continue reading <span class=\"meta-nav\">&rarr;<\/span><\/a><\/p>\n","protected":false},"author":1,"featured_media":0,"comment_status":"open","ping_status":"open","sticky":false,"template":"","format":"standard","meta":{"footnotes":""},"categories":[64],"tags":[480,481,96],"class_list":["post-7631","post","type-post","status-publish","format-standard","hentry","category-italien","tag-adria","tag-grado","tag-italien"],"_links":{"self":[{"href":"https:\/\/www.jimmy2.ch\/worldpress\/wp-json\/wp\/v2\/posts\/7631","targetHints":{"allow":["GET"]}}],"collection":[{"href":"https:\/\/www.jimmy2.ch\/worldpress\/wp-json\/wp\/v2\/posts"}],"about":[{"href":"https:\/\/www.jimmy2.ch\/worldpress\/wp-json\/wp\/v2\/types\/post"}],"author":[{"embeddable":true,"href":"https:\/\/www.jimmy2.ch\/worldpress\/wp-json\/wp\/v2\/users\/1"}],"replies":[{"embeddable":true,"href":"https:\/\/www.jimmy2.ch\/worldpress\/wp-json\/wp\/v2\/comments?post=7631"}],"version-history":[{"count":3,"href":"https:\/\/www.jimmy2.ch\/worldpress\/wp-json\/wp\/v2\/posts\/7631\/revisions"}],"predecessor-version":[{"id":7663,"href":"https:\/\/www.jimmy2.ch\/worldpress\/wp-json\/wp\/v2\/posts\/7631\/revisions\/7663"}],"wp:attachment":[{"href":"https:\/\/www.jimmy2.ch\/worldpress\/wp-json\/wp\/v2\/media?parent=7631"}],"wp:term":[{"taxonomy":"category","embeddable":true,"href":"https:\/\/www.jimmy2.ch\/worldpress\/wp-json\/wp\/v2\/categories?post=7631"},{"taxonomy":"post_tag","embeddable":true,"href":"https:\/\/www.jimmy2.ch\/worldpress\/wp-json\/wp\/v2\/tags?post=7631"}],"curies":[{"name":"wp","href":"https:\/\/api.w.org\/{rel}","templated":true}]}}