{"id":7496,"date":"2020-09-07T21:15:32","date_gmt":"2020-09-07T20:15:32","guid":{"rendered":"http:\/\/www.jimmy2.ch\/worldpress\/?p=7496"},"modified":"2020-09-07T21:15:32","modified_gmt":"2020-09-07T20:15:32","slug":"caorle-4-tag","status":"publish","type":"post","link":"https:\/\/www.jimmy2.ch\/worldpress\/2020\/09\/07\/caorle-4-tag\/","title":{"rendered":"Caorle 4. Tag"},"content":{"rendered":"\n<p>Montag 7. September 2020 <br>Caorle \/ Duna Verde <br>Camping Village San Francesco   20 Euro all inkl. mit ASCI Karte<br><br>Wetter: bedeckter Himmel \/ Regen \/ Sonne 20 &#8211; 26 Grad <br><br>Es ist eine warme Nacht und das Wohnmobil k\u00fchlt erst gegen den Morgen ab. <br><br>Wir machen uns auf den Weg zum Strand. Fr\u00fchschwimmen. Da h\u00f6ren wir hinter uns Donner. Ich gehe wieder zur\u00fcck zum Wohnmobil um die Dachluken zu schliessen. <\/p>\n\n\n\n<figure class=\"wp-block-image size-large\"><img loading=\"lazy\" decoding=\"async\" width=\"1024\" height=\"768\" src=\"https:\/\/www.jimmy2.ch\/worldpress\/wp-content\/uploads\/2020\/09\/7D941C9D-1247-406B-AA2D-576F48DD3086_1_201_a-1024x768.jpeg\" alt=\"\" class=\"wp-image-7530\" srcset=\"https:\/\/www.jimmy2.ch\/worldpress\/wp-content\/uploads\/2020\/09\/7D941C9D-1247-406B-AA2D-576F48DD3086_1_201_a-1024x768.jpeg 1024w, https:\/\/www.jimmy2.ch\/worldpress\/wp-content\/uploads\/2020\/09\/7D941C9D-1247-406B-AA2D-576F48DD3086_1_201_a-300x225.jpeg 300w, https:\/\/www.jimmy2.ch\/worldpress\/wp-content\/uploads\/2020\/09\/7D941C9D-1247-406B-AA2D-576F48DD3086_1_201_a-768x576.jpeg 768w, https:\/\/www.jimmy2.ch\/worldpress\/wp-content\/uploads\/2020\/09\/7D941C9D-1247-406B-AA2D-576F48DD3086_1_201_a-1536x1152.jpeg 1536w, https:\/\/www.jimmy2.ch\/worldpress\/wp-content\/uploads\/2020\/09\/7D941C9D-1247-406B-AA2D-576F48DD3086_1_201_a-2048x1536.jpeg 2048w\" sizes=\"auto, (max-width: 1024px) 100vw, 1024px\" \/><\/figure>\n\n\n\n<figure class=\"wp-block-image size-large\"><img loading=\"lazy\" decoding=\"async\" width=\"1024\" height=\"768\" src=\"https:\/\/www.jimmy2.ch\/worldpress\/wp-content\/uploads\/2020\/09\/35B811AD-76C1-4DC0-9CE3-106018FE7822_1_201_a-1024x768.jpeg\" alt=\"\" class=\"wp-image-7531\" srcset=\"https:\/\/www.jimmy2.ch\/worldpress\/wp-content\/uploads\/2020\/09\/35B811AD-76C1-4DC0-9CE3-106018FE7822_1_201_a-1024x768.jpeg 1024w, https:\/\/www.jimmy2.ch\/worldpress\/wp-content\/uploads\/2020\/09\/35B811AD-76C1-4DC0-9CE3-106018FE7822_1_201_a-300x225.jpeg 300w, https:\/\/www.jimmy2.ch\/worldpress\/wp-content\/uploads\/2020\/09\/35B811AD-76C1-4DC0-9CE3-106018FE7822_1_201_a-768x576.jpeg 768w, https:\/\/www.jimmy2.ch\/worldpress\/wp-content\/uploads\/2020\/09\/35B811AD-76C1-4DC0-9CE3-106018FE7822_1_201_a-1536x1152.jpeg 1536w, https:\/\/www.jimmy2.ch\/worldpress\/wp-content\/uploads\/2020\/09\/35B811AD-76C1-4DC0-9CE3-106018FE7822_1_201_a-2048x1536.jpeg 2048w\" sizes=\"auto, (max-width: 1024px) 100vw, 1024px\" \/><\/figure>\n\n\n\n<figure class=\"wp-block-image size-large\"><img loading=\"lazy\" decoding=\"async\" width=\"1024\" height=\"768\" src=\"https:\/\/www.jimmy2.ch\/worldpress\/wp-content\/uploads\/2020\/09\/A83E3214-5A11-4411-A65C-3A0BE8366D64_1_201_a-1024x768.jpeg\" alt=\"\" class=\"wp-image-7532\" srcset=\"https:\/\/www.jimmy2.ch\/worldpress\/wp-content\/uploads\/2020\/09\/A83E3214-5A11-4411-A65C-3A0BE8366D64_1_201_a-1024x768.jpeg 1024w, https:\/\/www.jimmy2.ch\/worldpress\/wp-content\/uploads\/2020\/09\/A83E3214-5A11-4411-A65C-3A0BE8366D64_1_201_a-300x225.jpeg 300w, https:\/\/www.jimmy2.ch\/worldpress\/wp-content\/uploads\/2020\/09\/A83E3214-5A11-4411-A65C-3A0BE8366D64_1_201_a-768x576.jpeg 768w, https:\/\/www.jimmy2.ch\/worldpress\/wp-content\/uploads\/2020\/09\/A83E3214-5A11-4411-A65C-3A0BE8366D64_1_201_a-1536x1152.jpeg 1536w, https:\/\/www.jimmy2.ch\/worldpress\/wp-content\/uploads\/2020\/09\/A83E3214-5A11-4411-A65C-3A0BE8366D64_1_201_a-2048x1536.jpeg 2048w\" sizes=\"auto, (max-width: 1024px) 100vw, 1024px\" \/><\/figure>\n\n\n\n<p>Das Meer ist heute aufgew\u00fchlt. Schwimmen ist so nicht m\u00f6glich bzw. macht f\u00fcr uns keinen Spass. So verzichten wir ins Wasser zu gehen. Im Landesinnern hat es dunkle Wolken. Schon fallen die ersten Tropfen. Wir gehen zur\u00fcck zu Jimmy2. Mit uns auch viele die heute einen Strandtag verbringen wollten. <br><br>Es regnet ganz fein. Mal mehr &#8211; mal weniger.<br><br>Am fr\u00fchen Nachmittag machen wir einen Spaziergang dem Meer entlang. <\/p>\n\n\n\n<figure class=\"wp-block-image size-large\"><img loading=\"lazy\" decoding=\"async\" width=\"1024\" height=\"768\" src=\"https:\/\/www.jimmy2.ch\/worldpress\/wp-content\/uploads\/2020\/09\/CBA5577E-3D70-4A0F-B533-8F56FB13D6BE_1_201_a-1024x768.jpeg\" alt=\"\" class=\"wp-image-7534\" srcset=\"https:\/\/www.jimmy2.ch\/worldpress\/wp-content\/uploads\/2020\/09\/CBA5577E-3D70-4A0F-B533-8F56FB13D6BE_1_201_a-1024x768.jpeg 1024w, https:\/\/www.jimmy2.ch\/worldpress\/wp-content\/uploads\/2020\/09\/CBA5577E-3D70-4A0F-B533-8F56FB13D6BE_1_201_a-300x225.jpeg 300w, https:\/\/www.jimmy2.ch\/worldpress\/wp-content\/uploads\/2020\/09\/CBA5577E-3D70-4A0F-B533-8F56FB13D6BE_1_201_a-768x576.jpeg 768w, https:\/\/www.jimmy2.ch\/worldpress\/wp-content\/uploads\/2020\/09\/CBA5577E-3D70-4A0F-B533-8F56FB13D6BE_1_201_a-1536x1152.jpeg 1536w, https:\/\/www.jimmy2.ch\/worldpress\/wp-content\/uploads\/2020\/09\/CBA5577E-3D70-4A0F-B533-8F56FB13D6BE_1_201_a-2048x1536.jpeg 2048w\" sizes=\"auto, (max-width: 1024px) 100vw, 1024px\" \/><\/figure>\n\n\n\n<figure class=\"wp-block-image size-large\"><img loading=\"lazy\" decoding=\"async\" width=\"1024\" height=\"768\" src=\"https:\/\/www.jimmy2.ch\/worldpress\/wp-content\/uploads\/2020\/09\/0D65B11D-891C-4C7C-9699-494C7638E901_1_201_a-1024x768.jpeg\" alt=\"\" class=\"wp-image-7535\" srcset=\"https:\/\/www.jimmy2.ch\/worldpress\/wp-content\/uploads\/2020\/09\/0D65B11D-891C-4C7C-9699-494C7638E901_1_201_a-1024x768.jpeg 1024w, https:\/\/www.jimmy2.ch\/worldpress\/wp-content\/uploads\/2020\/09\/0D65B11D-891C-4C7C-9699-494C7638E901_1_201_a-300x225.jpeg 300w, https:\/\/www.jimmy2.ch\/worldpress\/wp-content\/uploads\/2020\/09\/0D65B11D-891C-4C7C-9699-494C7638E901_1_201_a-768x576.jpeg 768w, https:\/\/www.jimmy2.ch\/worldpress\/wp-content\/uploads\/2020\/09\/0D65B11D-891C-4C7C-9699-494C7638E901_1_201_a-1536x1152.jpeg 1536w, https:\/\/www.jimmy2.ch\/worldpress\/wp-content\/uploads\/2020\/09\/0D65B11D-891C-4C7C-9699-494C7638E901_1_201_a-2048x1536.jpeg 2048w\" sizes=\"auto, (max-width: 1024px) 100vw, 1024px\" \/><\/figure>\n\n\n\n<figure class=\"wp-block-image size-large\"><img loading=\"lazy\" decoding=\"async\" width=\"1024\" height=\"768\" src=\"https:\/\/www.jimmy2.ch\/worldpress\/wp-content\/uploads\/2020\/09\/27503F55-9B82-4433-9E7F-DE14975C7065_1_201_a-1024x768.jpeg\" alt=\"\" class=\"wp-image-7536\" srcset=\"https:\/\/www.jimmy2.ch\/worldpress\/wp-content\/uploads\/2020\/09\/27503F55-9B82-4433-9E7F-DE14975C7065_1_201_a-1024x768.jpeg 1024w, https:\/\/www.jimmy2.ch\/worldpress\/wp-content\/uploads\/2020\/09\/27503F55-9B82-4433-9E7F-DE14975C7065_1_201_a-300x225.jpeg 300w, https:\/\/www.jimmy2.ch\/worldpress\/wp-content\/uploads\/2020\/09\/27503F55-9B82-4433-9E7F-DE14975C7065_1_201_a-768x576.jpeg 768w, https:\/\/www.jimmy2.ch\/worldpress\/wp-content\/uploads\/2020\/09\/27503F55-9B82-4433-9E7F-DE14975C7065_1_201_a-1536x1152.jpeg 1536w, https:\/\/www.jimmy2.ch\/worldpress\/wp-content\/uploads\/2020\/09\/27503F55-9B82-4433-9E7F-DE14975C7065_1_201_a-2048x1536.jpeg 2048w\" sizes=\"auto, (max-width: 1024px) 100vw, 1024px\" \/><\/figure>\n\n\n\n<p>Dann beginnt es mehr zu regnen und wir kehren um.<br><br>Gegen 15 Uhr h\u00f6rt der Regen auf und die Sonne kommt wieder. Nun setzt auch wieder der Strom der Menschen ein die mit Sack und Pack \/ Kind und Kegel ans Meer wollen.<\/p>\n\n\n\n<p>Wir haben keine Lust mehr und geniessen den Rest des Tages zu Hause.<\/p>\n\n\n\n<p><\/p>\n\n\n\n<figure class=\"wp-block-image size-large\"><img loading=\"lazy\" decoding=\"async\" width=\"1024\" height=\"854\" src=\"https:\/\/www.jimmy2.ch\/worldpress\/wp-content\/uploads\/2020\/09\/A49A6497-390E-4E49-973C-67EAFD6BBDC5_1_201_a-1024x854.jpeg\" alt=\"\" class=\"wp-image-7537\" srcset=\"https:\/\/www.jimmy2.ch\/worldpress\/wp-content\/uploads\/2020\/09\/A49A6497-390E-4E49-973C-67EAFD6BBDC5_1_201_a-1024x854.jpeg 1024w, https:\/\/www.jimmy2.ch\/worldpress\/wp-content\/uploads\/2020\/09\/A49A6497-390E-4E49-973C-67EAFD6BBDC5_1_201_a-300x250.jpeg 300w, https:\/\/www.jimmy2.ch\/worldpress\/wp-content\/uploads\/2020\/09\/A49A6497-390E-4E49-973C-67EAFD6BBDC5_1_201_a-768x641.jpeg 768w, https:\/\/www.jimmy2.ch\/worldpress\/wp-content\/uploads\/2020\/09\/A49A6497-390E-4E49-973C-67EAFD6BBDC5_1_201_a.jpeg 1242w\" sizes=\"auto, (max-width: 1024px) 100vw, 1024px\" \/><\/figure>\n\n\n\n<p><\/p>\n\n\n\n<p><br><br><br><\/p>\n","protected":false},"excerpt":{"rendered":"<p>Montag 7. September 2020 Caorle \/ Duna Verde Camping Village San Francesco 20 Euro all inkl. mit ASCI Karte Wetter: bedeckter Himmel \/ Regen \/ Sonne 20 &#8211; 26 Grad Es ist eine warme Nacht und das Wohnmobil k\u00fchlt erst &hellip; <a href=\"https:\/\/www.jimmy2.ch\/worldpress\/2020\/09\/07\/caorle-4-tag\/\">Continue reading <span class=\"meta-nav\">&rarr;<\/span><\/a><\/p>\n","protected":false},"author":1,"featured_media":0,"comment_status":"open","ping_status":"open","sticky":false,"template":"","format":"standard","meta":{"footnotes":""},"categories":[64],"tags":[476,96,111],"class_list":["post-7496","post","type-post","status-publish","format-standard","hentry","category-italien","tag-caorle","tag-italien","tag-regen"],"_links":{"self":[{"href":"https:\/\/www.jimmy2.ch\/worldpress\/wp-json\/wp\/v2\/posts\/7496","targetHints":{"allow":["GET"]}}],"collection":[{"href":"https:\/\/www.jimmy2.ch\/worldpress\/wp-json\/wp\/v2\/posts"}],"about":[{"href":"https:\/\/www.jimmy2.ch\/worldpress\/wp-json\/wp\/v2\/types\/post"}],"author":[{"embeddable":true,"href":"https:\/\/www.jimmy2.ch\/worldpress\/wp-json\/wp\/v2\/users\/1"}],"replies":[{"embeddable":true,"href":"https:\/\/www.jimmy2.ch\/worldpress\/wp-json\/wp\/v2\/comments?post=7496"}],"version-history":[{"count":5,"href":"https:\/\/www.jimmy2.ch\/worldpress\/wp-json\/wp\/v2\/posts\/7496\/revisions"}],"predecessor-version":[{"id":7540,"href":"https:\/\/www.jimmy2.ch\/worldpress\/wp-json\/wp\/v2\/posts\/7496\/revisions\/7540"}],"wp:attachment":[{"href":"https:\/\/www.jimmy2.ch\/worldpress\/wp-json\/wp\/v2\/media?parent=7496"}],"wp:term":[{"taxonomy":"category","embeddable":true,"href":"https:\/\/www.jimmy2.ch\/worldpress\/wp-json\/wp\/v2\/categories?post=7496"},{"taxonomy":"post_tag","embeddable":true,"href":"https:\/\/www.jimmy2.ch\/worldpress\/wp-json\/wp\/v2\/tags?post=7496"}],"curies":[{"name":"wp","href":"https:\/\/api.w.org\/{rel}","templated":true}]}}