{"id":7318,"date":"2020-08-26T22:03:02","date_gmt":"2020-08-26T21:03:02","guid":{"rendered":"http:\/\/www.jimmy2.ch\/worldpress\/?p=7318"},"modified":"2020-08-27T19:06:22","modified_gmt":"2020-08-27T18:06:22","slug":"bruettisellen-ch-peschiera-del-garda-i","status":"publish","type":"post","link":"https:\/\/www.jimmy2.ch\/worldpress\/2020\/08\/26\/bruettisellen-ch-peschiera-del-garda-i\/","title":{"rendered":"Br\u00fcttisellen CH -Peschiera del Garda I"},"content":{"rendered":"\n<p>Mittwoch 26. August 2020<br>Br\u00fcttisellen CH &#8211; Peschiera del Garda  462 km etwas mehr als 7 Stunden unterwegs<br>Area Camper Peschiera del Garda  18 Euro\/Nacht inkl. Strom und Wasser \/ Duschen 1 Euro<br><br>Wetter: warm dr\u00fcckend windig 22 &#8211; 34 Grad<br><br>Das Sturmtief Kirsten beschert uns eine \u201cTropen-Nacht\u201c. Keine Abk\u00fchlung. Entsprechend unruhig ist der Schlaf. Wir schlafen bei diesem Kurzbesuch zu Hause im Wohnmobil. <br><br>Um halb acht ist aufstehen angesagt. Christa muss zum Arzt &#8211; F\u00e4den ziehen. Darum sind wir ja zu Hause. Und auch sonst gibt es noch ein paar Sachen zu erledigen bevor es weiter geht.<\/p>\n\n\n\n<p>Mit Christa&#8217;s grosser Zehe ist alles in bester Ordnung.<br><br>So k\u00f6nnen wir bereits um 10 Uhr losfahren. Christa \u00fcbernimmt die erste Etappe. Wie immer macht Sie das super!<\/p>\n\n\n\n<p>Es ist dr\u00fcckend heiss. Es klebt alles. Wir w\u00e4hlen diesmal die Route \u00fcber den San Bernardino. In Chur wird Diesel getankt und etwas f\u00fcrs Mittagessen eingekauft. Auf der Tessinerseite des San Bernadinos machen wir eine kurze Pause und nehmen etwas kleines zu uns.<\/p>\n\n\n\n<figure class=\"wp-block-image size-large\"><img loading=\"lazy\" decoding=\"async\" width=\"1024\" height=\"768\" src=\"https:\/\/www.jimmy2.ch\/worldpress\/wp-content\/uploads\/2020\/08\/6BA13DF9-D727-4DA9-88F7-C74E33614795-1024x768.jpeg\" alt=\"\" class=\"wp-image-7330\" srcset=\"https:\/\/www.jimmy2.ch\/worldpress\/wp-content\/uploads\/2020\/08\/6BA13DF9-D727-4DA9-88F7-C74E33614795-1024x768.jpeg 1024w, https:\/\/www.jimmy2.ch\/worldpress\/wp-content\/uploads\/2020\/08\/6BA13DF9-D727-4DA9-88F7-C74E33614795-300x225.jpeg 300w, https:\/\/www.jimmy2.ch\/worldpress\/wp-content\/uploads\/2020\/08\/6BA13DF9-D727-4DA9-88F7-C74E33614795-768x576.jpeg 768w, https:\/\/www.jimmy2.ch\/worldpress\/wp-content\/uploads\/2020\/08\/6BA13DF9-D727-4DA9-88F7-C74E33614795-1536x1152.jpeg 1536w, https:\/\/www.jimmy2.ch\/worldpress\/wp-content\/uploads\/2020\/08\/6BA13DF9-D727-4DA9-88F7-C74E33614795.jpeg 2048w\" sizes=\"auto, (max-width: 1024px) 100vw, 1024px\" \/><\/figure>\n\n\n\n<p>Dann geht es wieder weiter. Kurz nach 15 Uhr fahren wir ohne Stau durch den Zoll und nun sind wir Bella Italia. Es ist noch immer dr\u00fcckend warm. Wir kommen z\u00fcgig voran und kurz nach 17 Uhr erreichen wir unser heutiges Ziel. <br><br>Die Area Camper Peschiera del Garda &#8211; wir sind nicht zum ersten Mal hier \/ uns gef\u00e4llt es hier. <\/p>\n\n\n\n<figure class=\"wp-block-image size-large\"><img loading=\"lazy\" decoding=\"async\" width=\"1024\" height=\"768\" src=\"https:\/\/www.jimmy2.ch\/worldpress\/wp-content\/uploads\/2020\/08\/58D02B9D-23B1-41A2-864C-FF8B90A1F03C-1024x768.jpeg\" alt=\"\" class=\"wp-image-7331\" srcset=\"https:\/\/www.jimmy2.ch\/worldpress\/wp-content\/uploads\/2020\/08\/58D02B9D-23B1-41A2-864C-FF8B90A1F03C-1024x768.jpeg 1024w, https:\/\/www.jimmy2.ch\/worldpress\/wp-content\/uploads\/2020\/08\/58D02B9D-23B1-41A2-864C-FF8B90A1F03C-300x225.jpeg 300w, https:\/\/www.jimmy2.ch\/worldpress\/wp-content\/uploads\/2020\/08\/58D02B9D-23B1-41A2-864C-FF8B90A1F03C-768x576.jpeg 768w, https:\/\/www.jimmy2.ch\/worldpress\/wp-content\/uploads\/2020\/08\/58D02B9D-23B1-41A2-864C-FF8B90A1F03C-1536x1152.jpeg 1536w, https:\/\/www.jimmy2.ch\/worldpress\/wp-content\/uploads\/2020\/08\/58D02B9D-23B1-41A2-864C-FF8B90A1F03C-2048x1536.jpeg 2048w\" sizes=\"auto, (max-width: 1024px) 100vw, 1024px\" \/><\/figure>\n\n\n\n<figure class=\"wp-block-image size-large\"><img loading=\"lazy\" decoding=\"async\" width=\"1024\" height=\"768\" src=\"https:\/\/www.jimmy2.ch\/worldpress\/wp-content\/uploads\/2020\/08\/5A37F30F-E088-4CA0-BEA4-26465693E343-1024x768.jpeg\" alt=\"\" class=\"wp-image-7332\" srcset=\"https:\/\/www.jimmy2.ch\/worldpress\/wp-content\/uploads\/2020\/08\/5A37F30F-E088-4CA0-BEA4-26465693E343-1024x768.jpeg 1024w, https:\/\/www.jimmy2.ch\/worldpress\/wp-content\/uploads\/2020\/08\/5A37F30F-E088-4CA0-BEA4-26465693E343-300x225.jpeg 300w, https:\/\/www.jimmy2.ch\/worldpress\/wp-content\/uploads\/2020\/08\/5A37F30F-E088-4CA0-BEA4-26465693E343-768x576.jpeg 768w, https:\/\/www.jimmy2.ch\/worldpress\/wp-content\/uploads\/2020\/08\/5A37F30F-E088-4CA0-BEA4-26465693E343-1536x1152.jpeg 1536w, https:\/\/www.jimmy2.ch\/worldpress\/wp-content\/uploads\/2020\/08\/5A37F30F-E088-4CA0-BEA4-26465693E343-2048x1536.jpeg 2048w\" sizes=\"auto, (max-width: 1024px) 100vw, 1024px\" \/><\/figure>\n\n\n\n<figure class=\"wp-block-image size-large\"><img loading=\"lazy\" decoding=\"async\" width=\"1024\" height=\"768\" src=\"https:\/\/www.jimmy2.ch\/worldpress\/wp-content\/uploads\/2020\/08\/B48ECD0A-FD94-4736-AB6C-7B62F3879BF4-1024x768.jpeg\" alt=\"\" class=\"wp-image-7329\" srcset=\"https:\/\/www.jimmy2.ch\/worldpress\/wp-content\/uploads\/2020\/08\/B48ECD0A-FD94-4736-AB6C-7B62F3879BF4-1024x768.jpeg 1024w, https:\/\/www.jimmy2.ch\/worldpress\/wp-content\/uploads\/2020\/08\/B48ECD0A-FD94-4736-AB6C-7B62F3879BF4-300x225.jpeg 300w, https:\/\/www.jimmy2.ch\/worldpress\/wp-content\/uploads\/2020\/08\/B48ECD0A-FD94-4736-AB6C-7B62F3879BF4-768x576.jpeg 768w, https:\/\/www.jimmy2.ch\/worldpress\/wp-content\/uploads\/2020\/08\/B48ECD0A-FD94-4736-AB6C-7B62F3879BF4-1536x1152.jpeg 1536w, https:\/\/www.jimmy2.ch\/worldpress\/wp-content\/uploads\/2020\/08\/B48ECD0A-FD94-4736-AB6C-7B62F3879BF4-2048x1536.jpeg 2048w\" sizes=\"auto, (max-width: 1024px) 100vw, 1024px\" \/><\/figure>\n\n\n\n<p>Wir installieren uns und sitzen draussen im Schatten des Wohnmobiles. Auch hier hat es Wespen und andere Insekten die uns stechen wollen.<br><br>So zieht Christa nach dem Nachtessen ins Wohnmobil. Ich bleibe noch etwas draussen bis es auch mit zu viel wird. Mal schauen wie die Nacht wird. Jetzt um 22.15 Uhr ist es draussen noch 25 und drinnen 31 Grad.<\/p>\n\n\n\n<figure class=\"wp-block-image size-large\"><img loading=\"lazy\" decoding=\"async\" width=\"576\" height=\"1024\" src=\"https:\/\/www.jimmy2.ch\/worldpress\/wp-content\/uploads\/2020\/08\/399A9C2A-CADE-464D-B9F4-B2967F07F3A6-576x1024.png\" alt=\"\" class=\"wp-image-7336\" srcset=\"https:\/\/www.jimmy2.ch\/worldpress\/wp-content\/uploads\/2020\/08\/399A9C2A-CADE-464D-B9F4-B2967F07F3A6-576x1024.png 576w, https:\/\/www.jimmy2.ch\/worldpress\/wp-content\/uploads\/2020\/08\/399A9C2A-CADE-464D-B9F4-B2967F07F3A6-169x300.png 169w, https:\/\/www.jimmy2.ch\/worldpress\/wp-content\/uploads\/2020\/08\/399A9C2A-CADE-464D-B9F4-B2967F07F3A6-768x1365.png 768w, https:\/\/www.jimmy2.ch\/worldpress\/wp-content\/uploads\/2020\/08\/399A9C2A-CADE-464D-B9F4-B2967F07F3A6-864x1536.png 864w, https:\/\/www.jimmy2.ch\/worldpress\/wp-content\/uploads\/2020\/08\/399A9C2A-CADE-464D-B9F4-B2967F07F3A6-1152x2048.png 1152w, https:\/\/www.jimmy2.ch\/worldpress\/wp-content\/uploads\/2020\/08\/399A9C2A-CADE-464D-B9F4-B2967F07F3A6.png 1242w\" sizes=\"auto, (max-width: 576px) 100vw, 576px\" \/><\/figure>\n\n\n\n<p>Autobahngeb\u00fchren Euro 12.90 &#8211; da kann man nicht viel sagen.<\/p>\n\n\n\n<figure class=\"wp-block-image size-large\"><img loading=\"lazy\" decoding=\"async\" width=\"1024\" height=\"416\" src=\"https:\/\/www.jimmy2.ch\/worldpress\/wp-content\/uploads\/2020\/08\/0BC70F4C-78A9-49EF-9960-283E8D150BD3-1024x416.jpeg\" alt=\"\" class=\"wp-image-7333\" srcset=\"https:\/\/www.jimmy2.ch\/worldpress\/wp-content\/uploads\/2020\/08\/0BC70F4C-78A9-49EF-9960-283E8D150BD3-1024x416.jpeg 1024w, https:\/\/www.jimmy2.ch\/worldpress\/wp-content\/uploads\/2020\/08\/0BC70F4C-78A9-49EF-9960-283E8D150BD3-300x122.jpeg 300w, https:\/\/www.jimmy2.ch\/worldpress\/wp-content\/uploads\/2020\/08\/0BC70F4C-78A9-49EF-9960-283E8D150BD3-768x312.jpeg 768w, https:\/\/www.jimmy2.ch\/worldpress\/wp-content\/uploads\/2020\/08\/0BC70F4C-78A9-49EF-9960-283E8D150BD3.jpeg 1242w\" sizes=\"auto, (max-width: 1024px) 100vw, 1024px\" \/><\/figure>\n\n\n\n<figure class=\"wp-block-image size-large\"><img loading=\"lazy\" decoding=\"async\" width=\"830\" height=\"1024\" src=\"https:\/\/www.jimmy2.ch\/worldpress\/wp-content\/uploads\/2020\/08\/A43171EC-2E78-475B-BB23-444DA4EFF347-830x1024.jpeg\" alt=\"\" class=\"wp-image-7335\" srcset=\"https:\/\/www.jimmy2.ch\/worldpress\/wp-content\/uploads\/2020\/08\/A43171EC-2E78-475B-BB23-444DA4EFF347-830x1024.jpeg 830w, https:\/\/www.jimmy2.ch\/worldpress\/wp-content\/uploads\/2020\/08\/A43171EC-2E78-475B-BB23-444DA4EFF347-243x300.jpeg 243w, https:\/\/www.jimmy2.ch\/worldpress\/wp-content\/uploads\/2020\/08\/A43171EC-2E78-475B-BB23-444DA4EFF347-768x947.jpeg 768w, https:\/\/www.jimmy2.ch\/worldpress\/wp-content\/uploads\/2020\/08\/A43171EC-2E78-475B-BB23-444DA4EFF347.jpeg 1242w\" sizes=\"auto, (max-width: 830px) 100vw, 830px\" \/><\/figure>\n\n\n\n<p><\/p>\n\n\n\n<p><br><\/p>\n","protected":false},"excerpt":{"rendered":"<p>Mittwoch 26. August 2020Br\u00fcttisellen CH &#8211; Peschiera del Garda 462 km etwas mehr als 7 Stunden unterwegsArea Camper Peschiera del Garda 18 Euro\/Nacht inkl. Strom und Wasser \/ Duschen 1 Euro Wetter: warm dr\u00fcckend windig 22 &#8211; 34 Grad Das &hellip; <a href=\"https:\/\/www.jimmy2.ch\/worldpress\/2020\/08\/26\/bruettisellen-ch-peschiera-del-garda-i\/\">Continue reading <span class=\"meta-nav\">&rarr;<\/span><\/a><\/p>\n","protected":false},"author":1,"featured_media":0,"comment_status":"open","ping_status":"open","sticky":false,"template":"","format":"standard","meta":{"footnotes":""},"categories":[64,72],"tags":[56,96,57],"class_list":["post-7318","post","type-post","status-publish","format-standard","hentry","category-italien","category-schweiz","tag-gardasee","tag-italien","tag-peschiera-del-garda"],"_links":{"self":[{"href":"https:\/\/www.jimmy2.ch\/worldpress\/wp-json\/wp\/v2\/posts\/7318","targetHints":{"allow":["GET"]}}],"collection":[{"href":"https:\/\/www.jimmy2.ch\/worldpress\/wp-json\/wp\/v2\/posts"}],"about":[{"href":"https:\/\/www.jimmy2.ch\/worldpress\/wp-json\/wp\/v2\/types\/post"}],"author":[{"embeddable":true,"href":"https:\/\/www.jimmy2.ch\/worldpress\/wp-json\/wp\/v2\/users\/1"}],"replies":[{"embeddable":true,"href":"https:\/\/www.jimmy2.ch\/worldpress\/wp-json\/wp\/v2\/comments?post=7318"}],"version-history":[{"count":3,"href":"https:\/\/www.jimmy2.ch\/worldpress\/wp-json\/wp\/v2\/posts\/7318\/revisions"}],"predecessor-version":[{"id":7347,"href":"https:\/\/www.jimmy2.ch\/worldpress\/wp-json\/wp\/v2\/posts\/7318\/revisions\/7347"}],"wp:attachment":[{"href":"https:\/\/www.jimmy2.ch\/worldpress\/wp-json\/wp\/v2\/media?parent=7318"}],"wp:term":[{"taxonomy":"category","embeddable":true,"href":"https:\/\/www.jimmy2.ch\/worldpress\/wp-json\/wp\/v2\/categories?post=7318"},{"taxonomy":"post_tag","embeddable":true,"href":"https:\/\/www.jimmy2.ch\/worldpress\/wp-json\/wp\/v2\/tags?post=7318"}],"curies":[{"name":"wp","href":"https:\/\/api.w.org\/{rel}","templated":true}]}}