{"id":7281,"date":"2020-08-22T21:46:06","date_gmt":"2020-08-22T20:46:06","guid":{"rendered":"http:\/\/www.jimmy2.ch\/worldpress\/?p=7281"},"modified":"2020-08-22T21:46:06","modified_gmt":"2020-08-22T20:46:06","slug":"ueberlingen-4-tag","status":"publish","type":"post","link":"https:\/\/www.jimmy2.ch\/worldpress\/2020\/08\/22\/ueberlingen-4-tag\/","title":{"rendered":"\u00dcberlingen 4. Tag"},"content":{"rendered":"\n<p>Samstag 22. August 2020 <br>\u00dcberlingen D<br>Stellplatz beim EDEKA   16 Euro\/Nacht Wasser und Strom extra<br><br>Wetter: etwas Regen, etwas Sonnenschein 20 &#8211; 26 Grad <br><br>F\u00fcr Samstag ist ein Wetterwechsel angesagt. Darum werden die St\u00fchle in der Garage verstaut. Ich m\u00f6chte nicht bei Nacht, Regen und Wind diesen Sachen nach rennen. <br><br>Die Nacht im Wohnmobil ist dr\u00fcckend. Die Dachluken bleiben die Nacht \u00fcber offen. Der angek\u00fcndigte Regen kommt erst gegen halb zehn Uhr. <\/p>\n\n\n\n<figure class=\"wp-block-image size-large\"><img loading=\"lazy\" decoding=\"async\" width=\"1024\" height=\"768\" src=\"https:\/\/www.jimmy2.ch\/worldpress\/wp-content\/uploads\/2020\/08\/B3116EC7-A17E-40D9-89EA-E9D7AE396ABC-1024x768.jpeg\" alt=\"\" class=\"wp-image-7296\" srcset=\"https:\/\/www.jimmy2.ch\/worldpress\/wp-content\/uploads\/2020\/08\/B3116EC7-A17E-40D9-89EA-E9D7AE396ABC-1024x768.jpeg 1024w, https:\/\/www.jimmy2.ch\/worldpress\/wp-content\/uploads\/2020\/08\/B3116EC7-A17E-40D9-89EA-E9D7AE396ABC-300x225.jpeg 300w, https:\/\/www.jimmy2.ch\/worldpress\/wp-content\/uploads\/2020\/08\/B3116EC7-A17E-40D9-89EA-E9D7AE396ABC-768x576.jpeg 768w, https:\/\/www.jimmy2.ch\/worldpress\/wp-content\/uploads\/2020\/08\/B3116EC7-A17E-40D9-89EA-E9D7AE396ABC-1536x1152.jpeg 1536w, https:\/\/www.jimmy2.ch\/worldpress\/wp-content\/uploads\/2020\/08\/B3116EC7-A17E-40D9-89EA-E9D7AE396ABC-2048x1536.jpeg 2048w\" sizes=\"auto, (max-width: 1024px) 100vw, 1024px\" \/><\/figure>\n\n\n\n<p>Viele reisen heute ab. 1\/3 vom Platz ist um 10 Uhr leer. Gegen Mittag f\u00fcllt er sich aber wieder und am Abend ist der Platz wieder voll. <br><br>Das Highlight des Tages ist der Einkauf im EDEKA. <br><br>Am sp\u00e4teren Nachmittag spaziere ich an die Promenade hinunter. Vieles ist abgesperrt wegen der Landesgartenschau. Diese musste wegen Corona auf 2021 verschoben werden. das <\/p>\n\n\n\n<figure class=\"wp-block-image size-large\"><img loading=\"lazy\" decoding=\"async\" width=\"1024\" height=\"768\" src=\"https:\/\/www.jimmy2.ch\/worldpress\/wp-content\/uploads\/2020\/08\/FDFE6A2F-BA0D-41DC-A850-BF53F82FB118-1024x768.jpeg\" alt=\"\" class=\"wp-image-7295\" srcset=\"https:\/\/www.jimmy2.ch\/worldpress\/wp-content\/uploads\/2020\/08\/FDFE6A2F-BA0D-41DC-A850-BF53F82FB118-1024x768.jpeg 1024w, https:\/\/www.jimmy2.ch\/worldpress\/wp-content\/uploads\/2020\/08\/FDFE6A2F-BA0D-41DC-A850-BF53F82FB118-300x225.jpeg 300w, https:\/\/www.jimmy2.ch\/worldpress\/wp-content\/uploads\/2020\/08\/FDFE6A2F-BA0D-41DC-A850-BF53F82FB118-768x576.jpeg 768w, https:\/\/www.jimmy2.ch\/worldpress\/wp-content\/uploads\/2020\/08\/FDFE6A2F-BA0D-41DC-A850-BF53F82FB118-1536x1152.jpeg 1536w, https:\/\/www.jimmy2.ch\/worldpress\/wp-content\/uploads\/2020\/08\/FDFE6A2F-BA0D-41DC-A850-BF53F82FB118-2048x1536.jpeg 2048w\" sizes=\"auto, (max-width: 1024px) 100vw, 1024px\" \/><\/figure>\n\n\n\n<figure class=\"wp-block-image size-large\"><img loading=\"lazy\" decoding=\"async\" width=\"1024\" height=\"768\" src=\"https:\/\/www.jimmy2.ch\/worldpress\/wp-content\/uploads\/2020\/08\/FE429F34-32C8-477C-9413-20238A29521E-1024x768.jpeg\" alt=\"\" class=\"wp-image-7297\" srcset=\"https:\/\/www.jimmy2.ch\/worldpress\/wp-content\/uploads\/2020\/08\/FE429F34-32C8-477C-9413-20238A29521E-1024x768.jpeg 1024w, https:\/\/www.jimmy2.ch\/worldpress\/wp-content\/uploads\/2020\/08\/FE429F34-32C8-477C-9413-20238A29521E-300x225.jpeg 300w, https:\/\/www.jimmy2.ch\/worldpress\/wp-content\/uploads\/2020\/08\/FE429F34-32C8-477C-9413-20238A29521E-768x576.jpeg 768w, https:\/\/www.jimmy2.ch\/worldpress\/wp-content\/uploads\/2020\/08\/FE429F34-32C8-477C-9413-20238A29521E-1536x1152.jpeg 1536w, https:\/\/www.jimmy2.ch\/worldpress\/wp-content\/uploads\/2020\/08\/FE429F34-32C8-477C-9413-20238A29521E-2048x1536.jpeg 2048w\" sizes=\"auto, (max-width: 1024px) 100vw, 1024px\" \/><\/figure>\n\n\n\n<figure class=\"wp-block-image size-large\"><img loading=\"lazy\" decoding=\"async\" width=\"1024\" height=\"768\" src=\"https:\/\/www.jimmy2.ch\/worldpress\/wp-content\/uploads\/2020\/08\/4E4EFBAA-FDB8-4CD6-8A63-4DBDBA2EC231-1024x768.jpeg\" alt=\"\" class=\"wp-image-7298\" srcset=\"https:\/\/www.jimmy2.ch\/worldpress\/wp-content\/uploads\/2020\/08\/4E4EFBAA-FDB8-4CD6-8A63-4DBDBA2EC231-1024x768.jpeg 1024w, https:\/\/www.jimmy2.ch\/worldpress\/wp-content\/uploads\/2020\/08\/4E4EFBAA-FDB8-4CD6-8A63-4DBDBA2EC231-300x225.jpeg 300w, https:\/\/www.jimmy2.ch\/worldpress\/wp-content\/uploads\/2020\/08\/4E4EFBAA-FDB8-4CD6-8A63-4DBDBA2EC231-768x576.jpeg 768w, https:\/\/www.jimmy2.ch\/worldpress\/wp-content\/uploads\/2020\/08\/4E4EFBAA-FDB8-4CD6-8A63-4DBDBA2EC231-1536x1152.jpeg 1536w, https:\/\/www.jimmy2.ch\/worldpress\/wp-content\/uploads\/2020\/08\/4E4EFBAA-FDB8-4CD6-8A63-4DBDBA2EC231-2048x1536.jpeg 2048w\" sizes=\"auto, (max-width: 1024px) 100vw, 1024px\" \/><\/figure>\n\n\n\n<p>Das Wetter h\u00e4lt sich und wir sitzen noch etwas draussen. Nach einem Spaghetti Plausch schauen wir eine alte Folge von Hellen Dorn. <\/p>\n\n\n\n<figure class=\"wp-block-image size-large\"><img loading=\"lazy\" decoding=\"async\" width=\"576\" height=\"1024\" src=\"https:\/\/www.jimmy2.ch\/worldpress\/wp-content\/uploads\/2020\/08\/E76D353F-5870-445A-BDE7-9B5D6BCD4601-576x1024.png\" alt=\"\" class=\"wp-image-7299\" srcset=\"https:\/\/www.jimmy2.ch\/worldpress\/wp-content\/uploads\/2020\/08\/E76D353F-5870-445A-BDE7-9B5D6BCD4601-576x1024.png 576w, https:\/\/www.jimmy2.ch\/worldpress\/wp-content\/uploads\/2020\/08\/E76D353F-5870-445A-BDE7-9B5D6BCD4601-169x300.png 169w, https:\/\/www.jimmy2.ch\/worldpress\/wp-content\/uploads\/2020\/08\/E76D353F-5870-445A-BDE7-9B5D6BCD4601-768x1365.png 768w, https:\/\/www.jimmy2.ch\/worldpress\/wp-content\/uploads\/2020\/08\/E76D353F-5870-445A-BDE7-9B5D6BCD4601-864x1536.png 864w, https:\/\/www.jimmy2.ch\/worldpress\/wp-content\/uploads\/2020\/08\/E76D353F-5870-445A-BDE7-9B5D6BCD4601-1152x2048.png 1152w, https:\/\/www.jimmy2.ch\/worldpress\/wp-content\/uploads\/2020\/08\/E76D353F-5870-445A-BDE7-9B5D6BCD4601.png 1242w\" sizes=\"auto, (max-width: 576px) 100vw, 576px\" \/><\/figure>\n","protected":false},"excerpt":{"rendered":"<p>Samstag 22. August 2020 \u00dcberlingen DStellplatz beim EDEKA 16 Euro\/Nacht Wasser und Strom extra Wetter: etwas Regen, etwas Sonnenschein 20 &#8211; 26 Grad F\u00fcr Samstag ist ein Wetterwechsel angesagt. Darum werden die St\u00fchle in der Garage verstaut. Ich m\u00f6chte nicht &hellip; <a href=\"https:\/\/www.jimmy2.ch\/worldpress\/2020\/08\/22\/ueberlingen-4-tag\/\">Continue reading <span class=\"meta-nav\">&rarr;<\/span><\/a><\/p>\n","protected":false},"author":1,"featured_media":0,"comment_status":"open","ping_status":"open","sticky":false,"template":"","format":"standard","meta":{"footnotes":""},"categories":[63],"tags":[294,246],"class_list":["post-7281","post","type-post","status-publish","format-standard","hentry","category-deutschland","tag-bodensee","tag-ueberlingen"],"_links":{"self":[{"href":"https:\/\/www.jimmy2.ch\/worldpress\/wp-json\/wp\/v2\/posts\/7281","targetHints":{"allow":["GET"]}}],"collection":[{"href":"https:\/\/www.jimmy2.ch\/worldpress\/wp-json\/wp\/v2\/posts"}],"about":[{"href":"https:\/\/www.jimmy2.ch\/worldpress\/wp-json\/wp\/v2\/types\/post"}],"author":[{"embeddable":true,"href":"https:\/\/www.jimmy2.ch\/worldpress\/wp-json\/wp\/v2\/users\/1"}],"replies":[{"embeddable":true,"href":"https:\/\/www.jimmy2.ch\/worldpress\/wp-json\/wp\/v2\/comments?post=7281"}],"version-history":[{"count":5,"href":"https:\/\/www.jimmy2.ch\/worldpress\/wp-json\/wp\/v2\/posts\/7281\/revisions"}],"predecessor-version":[{"id":7303,"href":"https:\/\/www.jimmy2.ch\/worldpress\/wp-json\/wp\/v2\/posts\/7281\/revisions\/7303"}],"wp:attachment":[{"href":"https:\/\/www.jimmy2.ch\/worldpress\/wp-json\/wp\/v2\/media?parent=7281"}],"wp:term":[{"taxonomy":"category","embeddable":true,"href":"https:\/\/www.jimmy2.ch\/worldpress\/wp-json\/wp\/v2\/categories?post=7281"},{"taxonomy":"post_tag","embeddable":true,"href":"https:\/\/www.jimmy2.ch\/worldpress\/wp-json\/wp\/v2\/tags?post=7281"}],"curies":[{"name":"wp","href":"https:\/\/api.w.org\/{rel}","templated":true}]}}