{"id":7225,"date":"2020-08-04T19:49:00","date_gmt":"2020-08-04T18:49:00","guid":{"rendered":"http:\/\/www.jimmy2.ch\/worldpress\/?p=7225"},"modified":"2020-08-14T20:01:13","modified_gmt":"2020-08-14T19:01:13","slug":"obligatorische-fahrzeugpruefung","status":"publish","type":"post","link":"https:\/\/www.jimmy2.ch\/worldpress\/2020\/08\/04\/obligatorische-fahrzeugpruefung\/","title":{"rendered":"Obligatorische Fahrzeugpr\u00fcfung"},"content":{"rendered":"\n<p>Dienstag 4. August 2020<br><br>Nach 2 Verschiebungen- 1 x wegen unserer Portugal\/Spanien Reise und 1 x wegen Corona &#8211; ist es heute wieder soweit: die alle 2 Jahre stattfindende obligatorische Fahrzeugpr\u00fcfung steht an. <br><br>Termin:12.45 Uhr beim Strassenverkehrsamt Bassersdorf. <\/p>\n\n\n\n<figure class=\"wp-block-image size-large\"><img loading=\"lazy\" decoding=\"async\" width=\"1024\" height=\"768\" src=\"https:\/\/www.jimmy2.ch\/worldpress\/wp-content\/uploads\/2020\/08\/762DC24B-898E-430B-8A6A-4F74E39F0FFD-1024x768.jpeg\" alt=\"\" class=\"wp-image-7228\" srcset=\"https:\/\/www.jimmy2.ch\/worldpress\/wp-content\/uploads\/2020\/08\/762DC24B-898E-430B-8A6A-4F74E39F0FFD-1024x768.jpeg 1024w, https:\/\/www.jimmy2.ch\/worldpress\/wp-content\/uploads\/2020\/08\/762DC24B-898E-430B-8A6A-4F74E39F0FFD-300x225.jpeg 300w, https:\/\/www.jimmy2.ch\/worldpress\/wp-content\/uploads\/2020\/08\/762DC24B-898E-430B-8A6A-4F74E39F0FFD-768x576.jpeg 768w, https:\/\/www.jimmy2.ch\/worldpress\/wp-content\/uploads\/2020\/08\/762DC24B-898E-430B-8A6A-4F74E39F0FFD-1536x1152.jpeg 1536w, https:\/\/www.jimmy2.ch\/worldpress\/wp-content\/uploads\/2020\/08\/762DC24B-898E-430B-8A6A-4F74E39F0FFD-2048x1536.jpeg 2048w\" sizes=\"auto, (max-width: 1024px) 100vw, 1024px\" \/><\/figure>\n\n\n\n<p><\/p>\n\n\n\n<figure class=\"wp-block-image size-large\"><img loading=\"lazy\" decoding=\"async\" width=\"1024\" height=\"768\" src=\"https:\/\/www.jimmy2.ch\/worldpress\/wp-content\/uploads\/2020\/08\/3ABACA12-9385-4B1A-B369-2B4C18062771-1024x768.jpeg\" alt=\"\" class=\"wp-image-7229\" srcset=\"https:\/\/www.jimmy2.ch\/worldpress\/wp-content\/uploads\/2020\/08\/3ABACA12-9385-4B1A-B369-2B4C18062771-1024x768.jpeg 1024w, https:\/\/www.jimmy2.ch\/worldpress\/wp-content\/uploads\/2020\/08\/3ABACA12-9385-4B1A-B369-2B4C18062771-300x225.jpeg 300w, https:\/\/www.jimmy2.ch\/worldpress\/wp-content\/uploads\/2020\/08\/3ABACA12-9385-4B1A-B369-2B4C18062771-768x576.jpeg 768w, https:\/\/www.jimmy2.ch\/worldpress\/wp-content\/uploads\/2020\/08\/3ABACA12-9385-4B1A-B369-2B4C18062771-1536x1152.jpeg 1536w, https:\/\/www.jimmy2.ch\/worldpress\/wp-content\/uploads\/2020\/08\/3ABACA12-9385-4B1A-B369-2B4C18062771-2048x1536.jpeg 2048w\" sizes=\"auto, (max-width: 1024px) 100vw, 1024px\" \/><\/figure>\n\n\n\n<p><br>Ich stehe schon etwas fr\u00fcher vor dem Tor der Pr\u00fcfbahn 4. Der Experte Herr Graf nimmt mich etwas fr\u00fcher schon in Empfang. Herr Graf hat meinen Carthago schon letztes Mal im November 2017 gepr\u00fcft.<br><br>Nach 20 Minuten sind wir durch. F\u00fcr den letzten Teil der Pr\u00fcfung musste ich aussteigen -wegen Corona bzw. dem im Fahrzeug nicht einzuhaltenden Abschabt von 1.5 m.<\/p>\n\n\n\n<p>Das Gewicht von Jimmys wird mit 4,3 t angegeben<br>Hinterachse 2,4 t \/ Vorderachse 1,8 t \/ Restzuladung 0,2 t<br>Der Wasser- sowie der Benzintank sind fast leer.<br>So werden die 4,5 t zul\u00e4ssiges Gesamtgewicht  bis auf&#8217;s Letzte ausgesch\u00f6pft.<br>Vielleicht auch etwas mehr.<br><br>Zu beanstanden gab es nichts. Nicht einmal das von mit selber unter das Fahrzeug gebastelte Reserverad wurde erw\u00e4hnt.<br><br>Nur dDer Feuerl\u00f6scher sollte in den n\u00e4chsten Tagen ersetzt werden. Produktionsdatum 8\/2018 &#8222;haltbar&#8220; 3 Jahre. Das werde ich dann gewissenhaft erledigen.<br><br>So nun habe ich wieder 2 Jahre Ruhe.<br><br><\/p>\n","protected":false},"excerpt":{"rendered":"<p>Dienstag 4. August 2020 Nach 2 Verschiebungen- 1 x wegen unserer Portugal\/Spanien Reise und 1 x wegen Corona &#8211; ist es heute wieder soweit: die alle 2 Jahre stattfindende obligatorische Fahrzeugpr\u00fcfung steht an. Termin:12.45 Uhr beim Strassenverkehrsamt Bassersdorf. Ich stehe &hellip; <a href=\"https:\/\/www.jimmy2.ch\/worldpress\/2020\/08\/04\/obligatorische-fahrzeugpruefung\/\">Continue reading <span class=\"meta-nav\">&rarr;<\/span><\/a><\/p>\n","protected":false},"author":1,"featured_media":0,"comment_status":"open","ping_status":"open","sticky":false,"template":"","format":"standard","meta":{"footnotes":""},"categories":[72],"tags":[105,104,459],"class_list":["post-7225","post","type-post","status-publish","format-standard","hentry","category-schweiz","tag-bassersdorf","tag-fahrzeugpruefung","tag-obligatorische-fahrzeugpruefung"],"_links":{"self":[{"href":"https:\/\/www.jimmy2.ch\/worldpress\/wp-json\/wp\/v2\/posts\/7225","targetHints":{"allow":["GET"]}}],"collection":[{"href":"https:\/\/www.jimmy2.ch\/worldpress\/wp-json\/wp\/v2\/posts"}],"about":[{"href":"https:\/\/www.jimmy2.ch\/worldpress\/wp-json\/wp\/v2\/types\/post"}],"author":[{"embeddable":true,"href":"https:\/\/www.jimmy2.ch\/worldpress\/wp-json\/wp\/v2\/users\/1"}],"replies":[{"embeddable":true,"href":"https:\/\/www.jimmy2.ch\/worldpress\/wp-json\/wp\/v2\/comments?post=7225"}],"version-history":[{"count":2,"href":"https:\/\/www.jimmy2.ch\/worldpress\/wp-json\/wp\/v2\/posts\/7225\/revisions"}],"predecessor-version":[{"id":7230,"href":"https:\/\/www.jimmy2.ch\/worldpress\/wp-json\/wp\/v2\/posts\/7225\/revisions\/7230"}],"wp:attachment":[{"href":"https:\/\/www.jimmy2.ch\/worldpress\/wp-json\/wp\/v2\/media?parent=7225"}],"wp:term":[{"taxonomy":"category","embeddable":true,"href":"https:\/\/www.jimmy2.ch\/worldpress\/wp-json\/wp\/v2\/categories?post=7225"},{"taxonomy":"post_tag","embeddable":true,"href":"https:\/\/www.jimmy2.ch\/worldpress\/wp-json\/wp\/v2\/tags?post=7225"}],"curies":[{"name":"wp","href":"https:\/\/api.w.org\/{rel}","templated":true}]}}