{"id":6944,"date":"2019-03-14T21:55:49","date_gmt":"2019-03-14T20:55:49","guid":{"rendered":"http:\/\/www.jimmy2.ch\/worldpress\/?p=6944"},"modified":"2020-04-19T17:09:05","modified_gmt":"2020-04-19T16:09:05","slug":"chateaugay-estavayer-le-lac","status":"publish","type":"post","link":"https:\/\/www.jimmy2.ch\/worldpress\/2019\/03\/14\/chateaugay-estavayer-le-lac\/","title":{"rendered":"Ch\u00e2teaugay &#8211; Estavayer-Le-Lac"},"content":{"rendered":"\n<p>Donnerstag 14. M\u00e4rz 2019<br>Ch\u00e2teaugay &#8211; Estavayer-le-Lac  447 km  9 Stunden unterwegs<br>Autobahnrastst\u00e4tte Rose de la Broye gratis <br><br><br>Es nieselt bei 4\u00b0C. Der Parkplatz wird von PKW\u2018s besetzt. Auch die Pl\u00e4tze die f\u00fcr Wohnmobile reserviert sind und nat\u00fcrlich auch die Entsorgungsstation werden zugeparkt. <\/p>\n\n\n\n<figure class=\"wp-block-image size-large is-style-default\"><img loading=\"lazy\" decoding=\"async\" width=\"1024\" height=\"768\" src=\"https:\/\/www.jimmy2.ch\/worldpress\/wp-content\/uploads\/2020\/04\/0BD0F3C4-39BB-4BCE-B8B0-C5BE6B348A40-1024x768.jpeg\" alt=\"\" class=\"wp-image-6946\" srcset=\"https:\/\/www.jimmy2.ch\/worldpress\/wp-content\/uploads\/2020\/04\/0BD0F3C4-39BB-4BCE-B8B0-C5BE6B348A40-1024x768.jpeg 1024w, https:\/\/www.jimmy2.ch\/worldpress\/wp-content\/uploads\/2020\/04\/0BD0F3C4-39BB-4BCE-B8B0-C5BE6B348A40-300x225.jpeg 300w, https:\/\/www.jimmy2.ch\/worldpress\/wp-content\/uploads\/2020\/04\/0BD0F3C4-39BB-4BCE-B8B0-C5BE6B348A40-768x576.jpeg 768w, https:\/\/www.jimmy2.ch\/worldpress\/wp-content\/uploads\/2020\/04\/0BD0F3C4-39BB-4BCE-B8B0-C5BE6B348A40-1536x1152.jpeg 1536w, https:\/\/www.jimmy2.ch\/worldpress\/wp-content\/uploads\/2020\/04\/0BD0F3C4-39BB-4BCE-B8B0-C5BE6B348A40-2048x1536.jpeg 2048w\" sizes=\"auto, (max-width: 1024px) 100vw, 1024px\" \/><\/figure>\n\n\n\n<figure class=\"wp-block-image size-large is-style-default\"><img loading=\"lazy\" decoding=\"async\" width=\"1024\" height=\"768\" src=\"https:\/\/www.jimmy2.ch\/worldpress\/wp-content\/uploads\/2020\/04\/FE37B8D9-B3EA-4535-B58A-7A21302BA0A7-1024x768.jpeg\" alt=\"\" class=\"wp-image-6945\" srcset=\"https:\/\/www.jimmy2.ch\/worldpress\/wp-content\/uploads\/2020\/04\/FE37B8D9-B3EA-4535-B58A-7A21302BA0A7-1024x768.jpeg 1024w, https:\/\/www.jimmy2.ch\/worldpress\/wp-content\/uploads\/2020\/04\/FE37B8D9-B3EA-4535-B58A-7A21302BA0A7-300x225.jpeg 300w, https:\/\/www.jimmy2.ch\/worldpress\/wp-content\/uploads\/2020\/04\/FE37B8D9-B3EA-4535-B58A-7A21302BA0A7-768x576.jpeg 768w, https:\/\/www.jimmy2.ch\/worldpress\/wp-content\/uploads\/2020\/04\/FE37B8D9-B3EA-4535-B58A-7A21302BA0A7-1536x1152.jpeg 1536w, https:\/\/www.jimmy2.ch\/worldpress\/wp-content\/uploads\/2020\/04\/FE37B8D9-B3EA-4535-B58A-7A21302BA0A7-2048x1536.jpeg 2048w\" sizes=\"auto, (max-width: 1024px) 100vw, 1024px\" \/><\/figure>\n\n\n\n<p><br>Kurz nach 10 nehmen wir eine weitere Etappe unserer Heimreise unter die R\u00e4der.<br><br>Bein Anse gibt es einen Campingplatz den wir anfahren. Nicht so einfach wegen Einbahnstrassen und H\u00f6henbeschr\u00e4nkungen. Aber wir schaffen es. Gegen Mittag sind wir dort. Die R\u00e9ception ist geschlossen. Personal ist drin und auf dem Campingplatz wird gearbeitet. Aber von uns nimmt niemand Notiz. Vor Jahren waren wir schon einmal auf diesem Platz. Damals noch mit dem Wohnwagen.<br><br>Eigentlich ist es noch zu fr\u00fch zum \u201e\u00dcbernachten\u201c. So machen wir Mittagspause. Gegen halb zwei kommt dann doch jemand und fragt ob wir einen Platz wollen. Wir verneinen und machen uns f\u00fcr die Weiterfahrt parat. <br><br>Gegen 17 Uhr kommen wir auf dem Rastplatz in Nyon an. Es regnet und st\u00fcrmt. Auf dem Hang gegen\u00fcber liegt \u201eSchnee\u201c. Auch das d\u00fcrfen wir auf dieser Reise noch erleben. Aber wir m\u00fcssen Ver- und Entsorgen. Also Pelerine anziehen und raus. <br><\/p>\n\n\n\n<figure class=\"wp-block-image size-large is-style-default\"><img loading=\"lazy\" decoding=\"async\" width=\"768\" height=\"1024\" src=\"https:\/\/www.jimmy2.ch\/worldpress\/wp-content\/uploads\/2020\/04\/AA37CC60-BFCE-497B-A534-39229BD3DA53-768x1024.jpeg\" alt=\"\" class=\"wp-image-6947\" srcset=\"https:\/\/www.jimmy2.ch\/worldpress\/wp-content\/uploads\/2020\/04\/AA37CC60-BFCE-497B-A534-39229BD3DA53-768x1024.jpeg 768w, https:\/\/www.jimmy2.ch\/worldpress\/wp-content\/uploads\/2020\/04\/AA37CC60-BFCE-497B-A534-39229BD3DA53-225x300.jpeg 225w, https:\/\/www.jimmy2.ch\/worldpress\/wp-content\/uploads\/2020\/04\/AA37CC60-BFCE-497B-A534-39229BD3DA53-1152x1536.jpeg 1152w, https:\/\/www.jimmy2.ch\/worldpress\/wp-content\/uploads\/2020\/04\/AA37CC60-BFCE-497B-A534-39229BD3DA53.jpeg 1200w\" sizes=\"auto, (max-width: 768px) 100vw, 768px\" \/><\/figure>\n\n\n\n<p><br>Dann geht es weiter. Um 19 Uhr kommen auf der Autobahnrastst\u00e4tte Rose de la Broye in Estavayer-le-Lac an. Hier werden wir die letzte Nacht dieser Reise verbringen. Wir erwischen einen guten Platz. <br><br>Wir schauen noch in die Rastst\u00e4tte rein und wollen einen Kaffee trinken. Aber die horrenden CH-Preise halten uns davon ab. Wir m\u00fcssen uns erst wieder an das CH-Preisniveau gew\u00f6hnen.<br><br><br><br><br><br><br> <br><br><\/p>\n","protected":false},"excerpt":{"rendered":"<p>Donnerstag 14. M\u00e4rz 2019Ch\u00e2teaugay &#8211; Estavayer-le-Lac 447 km 9 Stunden unterwegsAutobahnrastst\u00e4tte Rose de la Broye gratis Es nieselt bei 4\u00b0C. Der Parkplatz wird von PKW\u2018s besetzt. Auch die Pl\u00e4tze die f\u00fcr Wohnmobile reserviert sind und nat\u00fcrlich auch die Entsorgungsstation werden &hellip; <a href=\"https:\/\/www.jimmy2.ch\/worldpress\/2019\/03\/14\/chateaugay-estavayer-le-lac\/\">Continue reading <span class=\"meta-nav\">&rarr;<\/span><\/a><\/p>\n","protected":false},"author":1,"featured_media":0,"comment_status":"open","ping_status":"open","sticky":false,"template":"","format":"standard","meta":{"footnotes":""},"categories":[69,72],"tags":[429,428,431,94,430,73],"class_list":["post-6944","post","type-post","status-publish","format-standard","hentry","category-frankreich","category-schweiz","tag-anse","tag-chateaugay","tag-estavayer-le-lac","tag-frankreich","tag-nyon","tag-schweiz"],"_links":{"self":[{"href":"https:\/\/www.jimmy2.ch\/worldpress\/wp-json\/wp\/v2\/posts\/6944","targetHints":{"allow":["GET"]}}],"collection":[{"href":"https:\/\/www.jimmy2.ch\/worldpress\/wp-json\/wp\/v2\/posts"}],"about":[{"href":"https:\/\/www.jimmy2.ch\/worldpress\/wp-json\/wp\/v2\/types\/post"}],"author":[{"embeddable":true,"href":"https:\/\/www.jimmy2.ch\/worldpress\/wp-json\/wp\/v2\/users\/1"}],"replies":[{"embeddable":true,"href":"https:\/\/www.jimmy2.ch\/worldpress\/wp-json\/wp\/v2\/comments?post=6944"}],"version-history":[{"count":3,"href":"https:\/\/www.jimmy2.ch\/worldpress\/wp-json\/wp\/v2\/posts\/6944\/revisions"}],"predecessor-version":[{"id":6959,"href":"https:\/\/www.jimmy2.ch\/worldpress\/wp-json\/wp\/v2\/posts\/6944\/revisions\/6959"}],"wp:attachment":[{"href":"https:\/\/www.jimmy2.ch\/worldpress\/wp-json\/wp\/v2\/media?parent=6944"}],"wp:term":[{"taxonomy":"category","embeddable":true,"href":"https:\/\/www.jimmy2.ch\/worldpress\/wp-json\/wp\/v2\/categories?post=6944"},{"taxonomy":"post_tag","embeddable":true,"href":"https:\/\/www.jimmy2.ch\/worldpress\/wp-json\/wp\/v2\/tags?post=6944"}],"curies":[{"name":"wp","href":"https:\/\/api.w.org\/{rel}","templated":true}]}}