{"id":686,"date":"2017-02-16T22:53:55","date_gmt":"2017-02-16T21:53:55","guid":{"rendered":"http:\/\/www.jimmy2.ch\/worldpress\/?p=686"},"modified":"2021-12-11T20:57:04","modified_gmt":"2021-12-11T18:57:04","slug":"nochmals-camping-cap-blanch-albir","status":"publish","type":"post","link":"https:\/\/www.jimmy2.ch\/worldpress\/2017\/02\/16\/nochmals-camping-cap-blanch-albir\/","title":{"rendered":"Nochmals Camping Cap Blanch Albir"},"content":{"rendered":"<p style=\"text-align: center;\"><strong><u>Donnerstag 16. Februar 2017<\/u><\/strong><\/p>\n<p style=\"text-align: center;\">Camping Cap Blanch \/ 0 km<\/p>\n<p style=\"text-align: center;\">Windig und recht frisch ca. 16\u00b0C<\/p>\n<p>&nbsp;<\/p>\n<p>Das Wetter hat wieder gewechselt. Um 8 Uhr ist es draussen 8\u00b0C kalt.<\/p>\n<p>Da wir morgen weiter ziehen wollen, m\u00fcssen wir heute nochmals W\u00e4sche waschen. Wir bekommen einen Termin um 12 Uhr.<\/p>\n<p>Wir verabschieden J\u00fcrgen und Petra die nach K\u00f6ln zur\u00fcckreisen. Die Adressen haben wir gestern schon ausgetauscht.<\/p>\n<p>Ein kleiner Spaziergang mit Jimmy. Er ist leider noch immer nicht ganz fit ist. Dann ist auch bei uns noch einmal Duschen angesagt.<\/p>\n<p>Gegen 13 Uhr ist die W\u00e4sche gewaschen und aufgeh\u00e4ngt. Sonne und Wolken wechseln sich ab. Aber der Wind st\u00f6rt sehr.<\/p>\n<p>Wir nehmen die Fahrr\u00e4der und fahren einkaufen. Zuerst kehren wir ein und geniessen ein feines Mittagessen. Ich habe Lust auf einen Hamburger und Christa bestellt sich Pasta mit Scampi an einer Currysauce.<\/p>\n<p>Das Einkaufen ist dann schnell erledigt und wir fahren wieder nach Hause.<\/p>\n<p>Die W\u00e4sche ist noch nicht trocken. Mir ist etwas kalt und so mache&nbsp; ich eine kleine Siesta. Christa k\u00fcmmert sich derweil um die W\u00e4sche und um Jimmy. Es geht aufw\u00e4rts mit ihm \u2013 er frisst wieder.<\/p>\n<p>Wieder aufgestanden beginne ich mit den Vorbereitungen f\u00fcr die Weiterreise. Nochmals einige Liter Wasser hin- und hertragen. Fahrr\u00e4der aufladen. Die W\u00e4sche ist abgenommen und so kann ich auch die Leine einpacken.<\/p>\n<p>Dann verziehen wir uns ins warme Wohnmobil. Im TV kommt wieder \u00abDer Bergdoktor\u00bb. Eine Sendung die wir zu Hause eher nicht schauen w\u00fcrden.<\/p>\n<p>Fotos gibt es heute leider wieder ein Mal keine.<\/p>\n<p>&nbsp;<\/p>\n<p style=\"text-align: center;\">Heute ist ein spezieller Tag.<\/p>\n<p style=\"text-align: center;\">Ich gehe als 59-j\u00e4hriger zu Bett und morgen \u2026\u2026\u2026\u2026\u2026\u2026\u2026<\/p>\n<p>&nbsp;<\/p>\n<p>&nbsp;<\/p>\n<p>&nbsp;<\/p>\n<p>&nbsp;<\/p>\n","protected":false},"excerpt":{"rendered":"<p>Donnerstag 16. Februar 2017 Camping Cap Blanch \/ 0 km Windig und recht frisch ca. 16\u00b0C &nbsp; Das Wetter hat wieder gewechselt. Um 8 Uhr ist es draussen 8\u00b0C kalt. Da wir morgen weiter ziehen wollen, m\u00fcssen wir heute nochmals &hellip; <a href=\"https:\/\/www.jimmy2.ch\/worldpress\/2017\/02\/16\/nochmals-camping-cap-blanch-albir\/\">Continue reading <span class=\"meta-nav\">&rarr;<\/span><\/a><\/p>\n","protected":false},"author":1,"featured_media":0,"comment_status":"open","ping_status":"open","sticky":false,"template":"","format":"standard","meta":{"footnotes":""},"categories":[62,70],"tags":[],"class_list":["post-686","post","type-post","status-publish","format-standard","hentry","category-spanien","category-spanien2017"],"_links":{"self":[{"href":"https:\/\/www.jimmy2.ch\/worldpress\/wp-json\/wp\/v2\/posts\/686","targetHints":{"allow":["GET"]}}],"collection":[{"href":"https:\/\/www.jimmy2.ch\/worldpress\/wp-json\/wp\/v2\/posts"}],"about":[{"href":"https:\/\/www.jimmy2.ch\/worldpress\/wp-json\/wp\/v2\/types\/post"}],"author":[{"embeddable":true,"href":"https:\/\/www.jimmy2.ch\/worldpress\/wp-json\/wp\/v2\/users\/1"}],"replies":[{"embeddable":true,"href":"https:\/\/www.jimmy2.ch\/worldpress\/wp-json\/wp\/v2\/comments?post=686"}],"version-history":[{"count":2,"href":"https:\/\/www.jimmy2.ch\/worldpress\/wp-json\/wp\/v2\/posts\/686\/revisions"}],"predecessor-version":[{"id":12300,"href":"https:\/\/www.jimmy2.ch\/worldpress\/wp-json\/wp\/v2\/posts\/686\/revisions\/12300"}],"wp:attachment":[{"href":"https:\/\/www.jimmy2.ch\/worldpress\/wp-json\/wp\/v2\/media?parent=686"}],"wp:term":[{"taxonomy":"category","embeddable":true,"href":"https:\/\/www.jimmy2.ch\/worldpress\/wp-json\/wp\/v2\/categories?post=686"},{"taxonomy":"post_tag","embeddable":true,"href":"https:\/\/www.jimmy2.ch\/worldpress\/wp-json\/wp\/v2\/tags?post=686"}],"curies":[{"name":"wp","href":"https:\/\/api.w.org\/{rel}","templated":true}]}}