{"id":682,"date":"2017-02-15T22:17:34","date_gmt":"2017-02-15T21:17:34","guid":{"rendered":"http:\/\/www.jimmy2.ch\/worldpress\/?p=682"},"modified":"2021-12-11T20:56:24","modified_gmt":"2021-12-11T18:56:24","slug":"camping-cap-blanche-albir-2","status":"publish","type":"post","link":"https:\/\/www.jimmy2.ch\/worldpress\/2017\/02\/15\/camping-cap-blanche-albir-2\/","title":{"rendered":"Camping Cap Blanche Albir"},"content":{"rendered":"<p style=\"text-align: center;\"><strong><u>Mittwoch 15. Februar 2017<\/u><\/strong><\/p>\n<p style=\"text-align: center;\">Camping Cap Blanch \/ 0 km<\/p>\n<p style=\"text-align: center;\">Nochmals Sonne pur und warm ca. 20\u00b0C<\/p>\n<p>&nbsp;<\/p>\n<p>Um 7 Uhr muss ich mit Jimmy raus. Es sieht nach einen super Tag aus.<\/p>\n<p>Jimmy frisst heute nicht. Es rumort in seinem Magen. So bleiben wir vorerst zu Hause und machen etwas Hausarbeit.<\/p>\n<p>&nbsp;<\/p>\n<p>Da ich hier nicht zur Ver- und Entsorgung-Station fahren kann muss das Frisch- und Abwasser h\u00e4ndisch hin und her tragen. So kommt jeden 2 Tag etwa 100 Liter Wasser zusammen.<\/p>\n<p>&nbsp;<\/p>\n<p>Wir k\u00f6nnen Jimmy doch noch zu einem kleinen Spaziergang bewegen. Dabei g\u00f6nnen wir uns einen Caf\u00e9.<\/p>\n<p>Das Mittagessen wir heute zu Hause eingenommen.<\/p>\n<p>Am sp\u00e4teren Nachmittag kann ich Christa noch zu einem Ausflug mit dem Rad \u00fcberreden. Wir fahren zuerst nach Altea und spazieren etwas dem Meer und den Gesch\u00e4ften entlang.<\/p>\n<p><a href=\"https:\/\/www.jimmy2.ch\/worldpress\/wp-content\/uploads\/2017\/02\/IMG_6678.jpg\"><img loading=\"lazy\" decoding=\"async\" class=\"size-medium wp-image-674 aligncenter\" src=\"https:\/\/www.jimmy2.ch\/worldpress\/wp-content\/uploads\/2017\/02\/IMG_6678-300x194.jpg\" alt=\"\" width=\"300\" height=\"194\" srcset=\"https:\/\/www.jimmy2.ch\/worldpress\/wp-content\/uploads\/2017\/02\/IMG_6678-300x194.jpg 300w, https:\/\/www.jimmy2.ch\/worldpress\/wp-content\/uploads\/2017\/02\/IMG_6678-768x498.jpg 768w, https:\/\/www.jimmy2.ch\/worldpress\/wp-content\/uploads\/2017\/02\/IMG_6678-1024x664.jpg 1024w\" sizes=\"auto, (max-width: 300px) 100vw, 300px\" \/><\/a><\/p>\n<p>Dann machen wir uns auf die Kirche die auf einer kleinen Anh\u00f6he steht zu besuchen.<\/p>\n<p><a href=\"https:\/\/www.jimmy2.ch\/worldpress\/wp-content\/uploads\/2017\/02\/IMG_6686.jpg\"><img loading=\"lazy\" decoding=\"async\" class=\"size-medium wp-image-678 aligncenter\" src=\"https:\/\/www.jimmy2.ch\/worldpress\/wp-content\/uploads\/2017\/02\/IMG_6686-300x218.jpg\" alt=\"\" width=\"300\" height=\"218\" srcset=\"https:\/\/www.jimmy2.ch\/worldpress\/wp-content\/uploads\/2017\/02\/IMG_6686-300x218.jpg 300w, https:\/\/www.jimmy2.ch\/worldpress\/wp-content\/uploads\/2017\/02\/IMG_6686-768x557.jpg 768w, https:\/\/www.jimmy2.ch\/worldpress\/wp-content\/uploads\/2017\/02\/IMG_6686-1024x743.jpg 1024w\" sizes=\"auto, (max-width: 300px) 100vw, 300px\" \/><\/a><\/p>\n<p style=\"text-align: center;\"><a href=\"https:\/\/de.wikipedia.org\/wiki\/Altea\" target=\"_blank\" rel=\"noopener\"> Kirche <i>La Mare de D\u00e9u del Consol<\/i> <\/a><\/p>\n<p>Da wir den Weg nicht kennen und nicht <a href=\"https:\/\/www.google.ch\/maps\/dir\/Camping+Cap+Blanch,+Provinz+Alicante,+Spanien\/The+Virgin+of+the+Consol,+03590+Altea,+Alicante,+Spanien\/@38.5821244,-0.0633358,14.5z\/data=!4m29!4m28!1m20!1m1!1s0xd620114637d4bab:0x9724571348c07cc1!2m2!1d-0.0644636!2d38.5777161!3m4!1m2!1d-0.0632343!2d38.5794667!3s0xd6201459edd938d:0x2e078816eb670624!3m4!1m2!1d-0.0542153!2d38.5931507!3s0xd620114e4a4a163:0xe4834032686f312d!3m4!1m2!1d-0.0533499!2d38.5946158!3s0xd620114640c00ab:0x596ae0c5f0886878!1m5!1m1!1s0xd62011223800de7:0xcf9c809e6e8c09e1!2m2!1d-0.0518353!2d38.5989635!3e1\" target=\"_blank\" rel=\"noopener\">grosse Umwege fahren<\/a> wollen, tragen wir die Fahrr\u00e4der einen Teil des Weges die Treppen hinauf.<\/p>\n<p><a href=\"https:\/\/www.jimmy2.ch\/worldpress\/wp-content\/uploads\/2017\/02\/IMG_6687.jpg\"><img loading=\"lazy\" decoding=\"async\" class=\"size-medium wp-image-679 aligncenter\" src=\"https:\/\/www.jimmy2.ch\/worldpress\/wp-content\/uploads\/2017\/02\/IMG_6687-225x300.jpg\" alt=\"\" width=\"225\" height=\"300\" srcset=\"https:\/\/www.jimmy2.ch\/worldpress\/wp-content\/uploads\/2017\/02\/IMG_6687-225x300.jpg 225w, https:\/\/www.jimmy2.ch\/worldpress\/wp-content\/uploads\/2017\/02\/IMG_6687-768x1025.jpg 768w, https:\/\/www.jimmy2.ch\/worldpress\/wp-content\/uploads\/2017\/02\/IMG_6687-767x1024.jpg 767w\" sizes=\"auto, (max-width: 225px) 100vw, 225px\" \/><\/a><\/p>\n<p>Die M\u00fchen haben sich gelohnt. Wir werden mit einer herrlichen Aussicht belohnt. Auch das Restaurant ist noch offen und wir k\u00f6nnen unseren Durst stillen.<\/p>\n<p><a href=\"https:\/\/www.jimmy2.ch\/worldpress\/wp-content\/uploads\/2017\/02\/IMG_6683.jpg\"><img loading=\"lazy\" decoding=\"async\" class=\"size-medium wp-image-676 aligncenter\" src=\"https:\/\/www.jimmy2.ch\/worldpress\/wp-content\/uploads\/2017\/02\/IMG_6683-125x300.jpg\" alt=\"\" width=\"125\" height=\"300\" srcset=\"https:\/\/www.jimmy2.ch\/worldpress\/wp-content\/uploads\/2017\/02\/IMG_6683-125x300.jpg 125w, https:\/\/www.jimmy2.ch\/worldpress\/wp-content\/uploads\/2017\/02\/IMG_6683-768x1847.jpg 768w, https:\/\/www.jimmy2.ch\/worldpress\/wp-content\/uploads\/2017\/02\/IMG_6683-426x1024.jpg 426w, https:\/\/www.jimmy2.ch\/worldpress\/wp-content\/uploads\/2017\/02\/IMG_6683.jpg 1357w\" sizes=\"auto, (max-width: 125px) 100vw, 125px\" \/><\/a><\/p>\n<p><a href=\"https:\/\/www.jimmy2.ch\/worldpress\/wp-content\/uploads\/2017\/02\/IMG_6679.jpg\"><img loading=\"lazy\" decoding=\"async\" class=\"size-medium wp-image-675 aligncenter\" src=\"https:\/\/www.jimmy2.ch\/worldpress\/wp-content\/uploads\/2017\/02\/IMG_6679-300x108.jpg\" alt=\"\" width=\"300\" height=\"108\" srcset=\"https:\/\/www.jimmy2.ch\/worldpress\/wp-content\/uploads\/2017\/02\/IMG_6679-300x108.jpg 300w, https:\/\/www.jimmy2.ch\/worldpress\/wp-content\/uploads\/2017\/02\/IMG_6679-768x276.jpg 768w, https:\/\/www.jimmy2.ch\/worldpress\/wp-content\/uploads\/2017\/02\/IMG_6679-1024x368.jpg 1024w\" sizes=\"auto, (max-width: 300px) 100vw, 300px\" \/><\/a><\/p>\n<p><a href=\"https:\/\/www.jimmy2.ch\/worldpress\/wp-content\/uploads\/2017\/02\/IMG_6691.jpg\"><img loading=\"lazy\" decoding=\"async\" class=\"size-medium wp-image-681 aligncenter\" src=\"https:\/\/www.jimmy2.ch\/worldpress\/wp-content\/uploads\/2017\/02\/IMG_6691-300x225.jpg\" alt=\"\" width=\"300\" height=\"225\" srcset=\"https:\/\/www.jimmy2.ch\/worldpress\/wp-content\/uploads\/2017\/02\/IMG_6691-300x225.jpg 300w, https:\/\/www.jimmy2.ch\/worldpress\/wp-content\/uploads\/2017\/02\/IMG_6691-768x576.jpg 768w, https:\/\/www.jimmy2.ch\/worldpress\/wp-content\/uploads\/2017\/02\/IMG_6691-1024x768.jpg 1024w\" sizes=\"auto, (max-width: 300px) 100vw, 300px\" \/><\/a><\/p>\n<p>&nbsp;<\/p>\n<p><a href=\"https:\/\/www.jimmy2.ch\/worldpress\/wp-content\/uploads\/2017\/02\/IMG_6690.jpg\"><img loading=\"lazy\" decoding=\"async\" class=\"size-medium wp-image-680 aligncenter\" src=\"https:\/\/www.jimmy2.ch\/worldpress\/wp-content\/uploads\/2017\/02\/IMG_6690-300x171.jpg\" alt=\"\" width=\"300\" height=\"171\" srcset=\"https:\/\/www.jimmy2.ch\/worldpress\/wp-content\/uploads\/2017\/02\/IMG_6690-300x171.jpg 300w, https:\/\/www.jimmy2.ch\/worldpress\/wp-content\/uploads\/2017\/02\/IMG_6690-768x438.jpg 768w, https:\/\/www.jimmy2.ch\/worldpress\/wp-content\/uploads\/2017\/02\/IMG_6690-1024x585.jpg 1024w\" sizes=\"auto, (max-width: 300px) 100vw, 300px\" \/><\/a><\/p>\n<p>Gegen 18 Uhr sind wir wieder zur\u00fcck. Jimmy will noch immer nicht fressen. Auch spazieren will er nicht. Ich will gerade Ravioli aufsetzen da klopft es an der T\u00fcre.<\/p>\n<p>J\u00fcrgen und Petra reisen morgen ab. Sie gehen nochmals ins Tutti Quanti essen. Ob wir mitkommen wollen fragen sie uns. Wir sagen spontan zu. Jimmy bleibt zu Hause und wir fahren mit den R\u00e4dern unseren Nachbarn hinter her.<\/p>\n<p>Das Tutti Quanti ist ein Italiener. Wir bestellen Pizza die beiden Spaghetti Bolognese. Das Essen war gut und die Stimmung ausgezeichnet.<\/p>\n<p>Wieder zur\u00fcck im Wohnmobil entscheiden wir, dass wir am Freitag weiter Richtung Alicante ziehen.<\/p>\n<p>&nbsp;<\/p>\n<p>Von meiner Schwester Gabriela erhalte ich eine SMS. Sie macht mit Ihrem Sohn Fabian kurzfristig eine St\u00e4dtereise nach Valencia und fragt ob wir uns treffen k\u00f6nnen.<\/p>\n<p>Leider wird nichts aus einem spontanen Treffen. Mit Jimmy k\u00f6nnen wir weder Bus noch Zug fahren. Und dann wollen wir ja noch etwas weiter nach S\u00fcden.<\/p>\n","protected":false},"excerpt":{"rendered":"<p>Mittwoch 15. Februar 2017 Camping Cap Blanch \/ 0 km Nochmals Sonne pur und warm ca. 20\u00b0C &nbsp; Um 7 Uhr muss ich mit Jimmy raus. Es sieht nach einen super Tag aus. Jimmy frisst heute nicht. Es rumort in &hellip; <a href=\"https:\/\/www.jimmy2.ch\/worldpress\/2017\/02\/15\/camping-cap-blanche-albir-2\/\">Continue reading <span class=\"meta-nav\">&rarr;<\/span><\/a><\/p>\n","protected":false},"author":1,"featured_media":0,"comment_status":"open","ping_status":"open","sticky":false,"template":"","format":"standard","meta":{"footnotes":""},"categories":[62,70],"tags":[33],"class_list":["post-682","post","type-post","status-publish","format-standard","hentry","category-spanien","category-spanien2017","tag-la-mare-de-deu-del-consol"],"_links":{"self":[{"href":"https:\/\/www.jimmy2.ch\/worldpress\/wp-json\/wp\/v2\/posts\/682","targetHints":{"allow":["GET"]}}],"collection":[{"href":"https:\/\/www.jimmy2.ch\/worldpress\/wp-json\/wp\/v2\/posts"}],"about":[{"href":"https:\/\/www.jimmy2.ch\/worldpress\/wp-json\/wp\/v2\/types\/post"}],"author":[{"embeddable":true,"href":"https:\/\/www.jimmy2.ch\/worldpress\/wp-json\/wp\/v2\/users\/1"}],"replies":[{"embeddable":true,"href":"https:\/\/www.jimmy2.ch\/worldpress\/wp-json\/wp\/v2\/comments?post=682"}],"version-history":[{"count":3,"href":"https:\/\/www.jimmy2.ch\/worldpress\/wp-json\/wp\/v2\/posts\/682\/revisions"}],"predecessor-version":[{"id":12299,"href":"https:\/\/www.jimmy2.ch\/worldpress\/wp-json\/wp\/v2\/posts\/682\/revisions\/12299"}],"wp:attachment":[{"href":"https:\/\/www.jimmy2.ch\/worldpress\/wp-json\/wp\/v2\/media?parent=682"}],"wp:term":[{"taxonomy":"category","embeddable":true,"href":"https:\/\/www.jimmy2.ch\/worldpress\/wp-json\/wp\/v2\/categories?post=682"},{"taxonomy":"post_tag","embeddable":true,"href":"https:\/\/www.jimmy2.ch\/worldpress\/wp-json\/wp\/v2\/tags?post=682"}],"curies":[{"name":"wp","href":"https:\/\/api.w.org\/{rel}","templated":true}]}}