{"id":6471,"date":"2020-03-13T23:06:00","date_gmt":"2020-03-13T22:06:00","guid":{"rendered":"http:\/\/www.jimmy2.ch\/worldpress\/?p=6471"},"modified":"2020-03-15T09:12:07","modified_gmt":"2020-03-15T08:12:07","slug":"gruissan-f-zu-hause-ch","status":"publish","type":"post","link":"https:\/\/www.jimmy2.ch\/worldpress\/2020\/03\/13\/gruissan-f-zu-hause-ch\/","title":{"rendered":"Gruissan F &#8211; zu Hause CH"},"content":{"rendered":"<p>Freitag 13. M\u00e4rz 2020<br \/>\nGruissan F &#8211; nach Hause CH \u00a0908 km 14 Stunden unterwegs mit Pausen<br \/>\nParkplatz V+E inkl. Strom<br \/>\nWetter: ein sonniger Tag 6 &#8211; 17 Grad<\/p>\n<p>In der Nacht immer wieder Windb\u00f6en. Um 3 Uhr setzt leichter Regen ein. Ich schaue ob das grosse Dachfenster dicht ist. Soweit alles in Ordnung.<\/p>\n<p><img loading=\"lazy\" decoding=\"async\" class=\"aligncenter wp-image-6493 size-large\" src=\"https:\/\/www.jimmy2.ch\/worldpress\/wp-content\/uploads\/2020\/03\/09A86690-AC7C-4F74-A6F1-B17C7FD0EB1A-1024x768.jpeg\" alt=\"\" width=\"960\" height=\"720\" srcset=\"https:\/\/www.jimmy2.ch\/worldpress\/wp-content\/uploads\/2020\/03\/09A86690-AC7C-4F74-A6F1-B17C7FD0EB1A-1024x768.jpeg 1024w, https:\/\/www.jimmy2.ch\/worldpress\/wp-content\/uploads\/2020\/03\/09A86690-AC7C-4F74-A6F1-B17C7FD0EB1A-300x225.jpeg 300w, https:\/\/www.jimmy2.ch\/worldpress\/wp-content\/uploads\/2020\/03\/09A86690-AC7C-4F74-A6F1-B17C7FD0EB1A-768x576.jpeg 768w, https:\/\/www.jimmy2.ch\/worldpress\/wp-content\/uploads\/2020\/03\/09A86690-AC7C-4F74-A6F1-B17C7FD0EB1A-1536x1152.jpeg 1536w, https:\/\/www.jimmy2.ch\/worldpress\/wp-content\/uploads\/2020\/03\/09A86690-AC7C-4F74-A6F1-B17C7FD0EB1A-2048x1536.jpeg 2048w\" sizes=\"auto, (max-width: 960px) 100vw, 960px\" \/><\/p>\n<p>Um viertel vor sieben steht Christa auf und sagt, dass sie heute bis in die Schweiz fahren will.<\/p>\n<p>Also aufstehen, rasieren und so, kurzes Fr\u00fchst\u00fcck, V+E und um 07.45 Uhr verlassen wir Gruissan.<\/p>\n<p><img loading=\"lazy\" decoding=\"async\" class=\"aligncenter wp-image-6494 size-large\" src=\"https:\/\/www.jimmy2.ch\/worldpress\/wp-content\/uploads\/2020\/03\/7297D806-3D21-4574-9AD7-011EB314B57D-1024x768.jpeg\" alt=\"\" width=\"960\" height=\"720\" srcset=\"https:\/\/www.jimmy2.ch\/worldpress\/wp-content\/uploads\/2020\/03\/7297D806-3D21-4574-9AD7-011EB314B57D-1024x768.jpeg 1024w, https:\/\/www.jimmy2.ch\/worldpress\/wp-content\/uploads\/2020\/03\/7297D806-3D21-4574-9AD7-011EB314B57D-300x225.jpeg 300w, https:\/\/www.jimmy2.ch\/worldpress\/wp-content\/uploads\/2020\/03\/7297D806-3D21-4574-9AD7-011EB314B57D-768x576.jpeg 768w, https:\/\/www.jimmy2.ch\/worldpress\/wp-content\/uploads\/2020\/03\/7297D806-3D21-4574-9AD7-011EB314B57D-1536x1152.jpeg 1536w, https:\/\/www.jimmy2.ch\/worldpress\/wp-content\/uploads\/2020\/03\/7297D806-3D21-4574-9AD7-011EB314B57D-2048x1536.jpeg 2048w\" sizes=\"auto, (max-width: 960px) 100vw, 960px\" \/><\/p>\n<p>Christa am Steuer \/ ich am Navi. Wir wollen heute so viel wie m\u00f6glich mautfrei fahren. Zuerst \u00fcber die D609 und dann die A75.<\/p>\n<p><img loading=\"lazy\" decoding=\"async\" class=\"aligncenter wp-image-6495 size-large\" src=\"https:\/\/www.jimmy2.ch\/worldpress\/wp-content\/uploads\/2020\/03\/E24872DF-E73E-4C66-BD40-14638F207607-1024x768.jpeg\" alt=\"\" width=\"960\" height=\"720\" srcset=\"https:\/\/www.jimmy2.ch\/worldpress\/wp-content\/uploads\/2020\/03\/E24872DF-E73E-4C66-BD40-14638F207607-1024x768.jpeg 1024w, https:\/\/www.jimmy2.ch\/worldpress\/wp-content\/uploads\/2020\/03\/E24872DF-E73E-4C66-BD40-14638F207607-300x225.jpeg 300w, https:\/\/www.jimmy2.ch\/worldpress\/wp-content\/uploads\/2020\/03\/E24872DF-E73E-4C66-BD40-14638F207607-768x576.jpeg 768w, https:\/\/www.jimmy2.ch\/worldpress\/wp-content\/uploads\/2020\/03\/E24872DF-E73E-4C66-BD40-14638F207607-1536x1152.jpeg 1536w, https:\/\/www.jimmy2.ch\/worldpress\/wp-content\/uploads\/2020\/03\/E24872DF-E73E-4C66-BD40-14638F207607-2048x1536.jpeg 2048w\" sizes=\"auto, (max-width: 960px) 100vw, 960px\" \/><\/p>\n<p><img loading=\"lazy\" decoding=\"async\" class=\"aligncenter wp-image-6496 size-large\" src=\"https:\/\/www.jimmy2.ch\/worldpress\/wp-content\/uploads\/2020\/03\/B45B0B57-1F52-40C2-9D27-72FB7B7AE14B-1024x768.jpeg\" alt=\"\" width=\"960\" height=\"720\" srcset=\"https:\/\/www.jimmy2.ch\/worldpress\/wp-content\/uploads\/2020\/03\/B45B0B57-1F52-40C2-9D27-72FB7B7AE14B-1024x768.jpeg 1024w, https:\/\/www.jimmy2.ch\/worldpress\/wp-content\/uploads\/2020\/03\/B45B0B57-1F52-40C2-9D27-72FB7B7AE14B-300x225.jpeg 300w, https:\/\/www.jimmy2.ch\/worldpress\/wp-content\/uploads\/2020\/03\/B45B0B57-1F52-40C2-9D27-72FB7B7AE14B-768x576.jpeg 768w, https:\/\/www.jimmy2.ch\/worldpress\/wp-content\/uploads\/2020\/03\/B45B0B57-1F52-40C2-9D27-72FB7B7AE14B-1536x1152.jpeg 1536w, https:\/\/www.jimmy2.ch\/worldpress\/wp-content\/uploads\/2020\/03\/B45B0B57-1F52-40C2-9D27-72FB7B7AE14B-2048x1536.jpeg 2048w\" sizes=\"auto, (max-width: 960px) 100vw, 960px\" \/><\/p>\n<p>Wir machen eine Kaffeepause. 2 Pain au Chocolat 3.40 Euro. Willkommen in Frankreich.<\/p>\n<p><img loading=\"lazy\" decoding=\"async\" class=\"aligncenter wp-image-6497 size-large\" src=\"https:\/\/www.jimmy2.ch\/worldpress\/wp-content\/uploads\/2020\/03\/CCD8C110-EBDA-4268-9B19-450853569EB0-1024x768.jpeg\" alt=\"\" width=\"960\" height=\"720\" srcset=\"https:\/\/www.jimmy2.ch\/worldpress\/wp-content\/uploads\/2020\/03\/CCD8C110-EBDA-4268-9B19-450853569EB0-1024x768.jpeg 1024w, https:\/\/www.jimmy2.ch\/worldpress\/wp-content\/uploads\/2020\/03\/CCD8C110-EBDA-4268-9B19-450853569EB0-300x225.jpeg 300w, https:\/\/www.jimmy2.ch\/worldpress\/wp-content\/uploads\/2020\/03\/CCD8C110-EBDA-4268-9B19-450853569EB0-768x576.jpeg 768w, https:\/\/www.jimmy2.ch\/worldpress\/wp-content\/uploads\/2020\/03\/CCD8C110-EBDA-4268-9B19-450853569EB0-1536x1152.jpeg 1536w, https:\/\/www.jimmy2.ch\/worldpress\/wp-content\/uploads\/2020\/03\/CCD8C110-EBDA-4268-9B19-450853569EB0-2048x1536.jpeg 2048w\" sizes=\"auto, (max-width: 960px) 100vw, 960px\" \/><\/p>\n<p><img loading=\"lazy\" decoding=\"async\" class=\"aligncenter wp-image-6505 size-large\" src=\"https:\/\/www.jimmy2.ch\/worldpress\/wp-content\/uploads\/2020\/03\/69907878-0972-4929-898F-CA2B763FABE2-576x1024.jpeg\" alt=\"\" width=\"576\" height=\"1024\" srcset=\"https:\/\/www.jimmy2.ch\/worldpress\/wp-content\/uploads\/2020\/03\/69907878-0972-4929-898F-CA2B763FABE2-576x1024.jpeg 576w, https:\/\/www.jimmy2.ch\/worldpress\/wp-content\/uploads\/2020\/03\/69907878-0972-4929-898F-CA2B763FABE2-169x300.jpeg 169w, https:\/\/www.jimmy2.ch\/worldpress\/wp-content\/uploads\/2020\/03\/69907878-0972-4929-898F-CA2B763FABE2-768x1365.jpeg 768w, https:\/\/www.jimmy2.ch\/worldpress\/wp-content\/uploads\/2020\/03\/69907878-0972-4929-898F-CA2B763FABE2-864x1536.jpeg 864w, https:\/\/www.jimmy2.ch\/worldpress\/wp-content\/uploads\/2020\/03\/69907878-0972-4929-898F-CA2B763FABE2-1152x2048.jpeg 1152w, https:\/\/www.jimmy2.ch\/worldpress\/wp-content\/uploads\/2020\/03\/69907878-0972-4929-898F-CA2B763FABE2.jpeg 1242w\" sizes=\"auto, (max-width: 576px) 100vw, 576px\" \/><\/p>\n<p>\u00dcber die Br\u00fccke von Millau will ich fahren. Kostet mich 30 Euro. Hat sich nicht gelohnt.<\/p>\n<p><img loading=\"lazy\" decoding=\"async\" class=\"aligncenter wp-image-6498 size-large\" src=\"https:\/\/www.jimmy2.ch\/worldpress\/wp-content\/uploads\/2020\/03\/4FCB08A1-6521-4535-826F-73889BE656BD-1024x768.jpeg\" alt=\"\" width=\"960\" height=\"720\" srcset=\"https:\/\/www.jimmy2.ch\/worldpress\/wp-content\/uploads\/2020\/03\/4FCB08A1-6521-4535-826F-73889BE656BD-1024x768.jpeg 1024w, https:\/\/www.jimmy2.ch\/worldpress\/wp-content\/uploads\/2020\/03\/4FCB08A1-6521-4535-826F-73889BE656BD-300x225.jpeg 300w, https:\/\/www.jimmy2.ch\/worldpress\/wp-content\/uploads\/2020\/03\/4FCB08A1-6521-4535-826F-73889BE656BD-768x576.jpeg 768w, https:\/\/www.jimmy2.ch\/worldpress\/wp-content\/uploads\/2020\/03\/4FCB08A1-6521-4535-826F-73889BE656BD-1536x1152.jpeg 1536w, https:\/\/www.jimmy2.ch\/worldpress\/wp-content\/uploads\/2020\/03\/4FCB08A1-6521-4535-826F-73889BE656BD-2048x1536.jpeg 2048w\" sizes=\"auto, (max-width: 960px) 100vw, 960px\" \/><\/p>\n<p><img loading=\"lazy\" decoding=\"async\" class=\"aligncenter wp-image-6499 size-large\" src=\"https:\/\/www.jimmy2.ch\/worldpress\/wp-content\/uploads\/2020\/03\/270948E7-148F-44EF-BB7D-31DAD5DA5923-1024x768.jpeg\" alt=\"\" width=\"960\" height=\"720\" srcset=\"https:\/\/www.jimmy2.ch\/worldpress\/wp-content\/uploads\/2020\/03\/270948E7-148F-44EF-BB7D-31DAD5DA5923-1024x768.jpeg 1024w, https:\/\/www.jimmy2.ch\/worldpress\/wp-content\/uploads\/2020\/03\/270948E7-148F-44EF-BB7D-31DAD5DA5923-300x225.jpeg 300w, https:\/\/www.jimmy2.ch\/worldpress\/wp-content\/uploads\/2020\/03\/270948E7-148F-44EF-BB7D-31DAD5DA5923-768x576.jpeg 768w, https:\/\/www.jimmy2.ch\/worldpress\/wp-content\/uploads\/2020\/03\/270948E7-148F-44EF-BB7D-31DAD5DA5923-1536x1152.jpeg 1536w, https:\/\/www.jimmy2.ch\/worldpress\/wp-content\/uploads\/2020\/03\/270948E7-148F-44EF-BB7D-31DAD5DA5923-2048x1536.jpeg 2048w\" sizes=\"auto, (max-width: 960px) 100vw, 960px\" \/><br \/>\nVon der Zeitersparnis her ja. Aber in Zukunft nicht mehr. Es ist eine Berg &#8211; und Tal Fahrt. Von 0 bis auf 1\u2018250 M\u00fcM und am Schluss dann 440 M\u00fcM. Bei les Salelles Abfahrt 39.1 wechseln wir auf die N88.<\/p>\n<p><img loading=\"lazy\" decoding=\"async\" class=\"aligncenter wp-image-6500 size-large\" src=\"https:\/\/www.jimmy2.ch\/worldpress\/wp-content\/uploads\/2020\/03\/6C2CB41E-12A8-4158-8E50-A892891F5714-1024x768.jpeg\" alt=\"\" width=\"960\" height=\"720\" srcset=\"https:\/\/www.jimmy2.ch\/worldpress\/wp-content\/uploads\/2020\/03\/6C2CB41E-12A8-4158-8E50-A892891F5714-1024x768.jpeg 1024w, https:\/\/www.jimmy2.ch\/worldpress\/wp-content\/uploads\/2020\/03\/6C2CB41E-12A8-4158-8E50-A892891F5714-300x225.jpeg 300w, https:\/\/www.jimmy2.ch\/worldpress\/wp-content\/uploads\/2020\/03\/6C2CB41E-12A8-4158-8E50-A892891F5714-768x576.jpeg 768w, https:\/\/www.jimmy2.ch\/worldpress\/wp-content\/uploads\/2020\/03\/6C2CB41E-12A8-4158-8E50-A892891F5714-1536x1152.jpeg 1536w, https:\/\/www.jimmy2.ch\/worldpress\/wp-content\/uploads\/2020\/03\/6C2CB41E-12A8-4158-8E50-A892891F5714-2048x1536.jpeg 2048w\" sizes=\"auto, (max-width: 960px) 100vw, 960px\" \/><\/p>\n<p><img loading=\"lazy\" decoding=\"async\" class=\"aligncenter wp-image-6501 size-large\" src=\"https:\/\/www.jimmy2.ch\/worldpress\/wp-content\/uploads\/2020\/03\/3AC1F19E-F682-4823-8914-750E6F145474-1024x768.jpeg\" alt=\"\" width=\"960\" height=\"720\" srcset=\"https:\/\/www.jimmy2.ch\/worldpress\/wp-content\/uploads\/2020\/03\/3AC1F19E-F682-4823-8914-750E6F145474-1024x768.jpeg 1024w, https:\/\/www.jimmy2.ch\/worldpress\/wp-content\/uploads\/2020\/03\/3AC1F19E-F682-4823-8914-750E6F145474-300x225.jpeg 300w, https:\/\/www.jimmy2.ch\/worldpress\/wp-content\/uploads\/2020\/03\/3AC1F19E-F682-4823-8914-750E6F145474-768x576.jpeg 768w, https:\/\/www.jimmy2.ch\/worldpress\/wp-content\/uploads\/2020\/03\/3AC1F19E-F682-4823-8914-750E6F145474-1536x1152.jpeg 1536w, https:\/\/www.jimmy2.ch\/worldpress\/wp-content\/uploads\/2020\/03\/3AC1F19E-F682-4823-8914-750E6F145474-2048x1536.jpeg 2048w\" sizes=\"auto, (max-width: 960px) 100vw, 960px\" \/><br \/>\nNach St-\u00c9tienne geht es dann auf die A47 und sp\u00e4ter auf die A46. Das letzte St\u00fcck von Lyon nach Genf auf der geb\u00fchrenpflichtigen A42\/A40 = 26.80 Euro. Gegen 17.30 Uhr \u00fcberqueren wir die Grenze in die Schweiz. Absolut problemlos. Keine Kontrolle. Nichts.<\/p>\n<p>Auf der Rastst\u00e4tte La C\u00f4te Lac n\u00e4he Nyon gibt es Nachtessen. Im Restaurant hole ich Spaghetti Bolognese in einer \u201eKartonbox\u201c.<\/p>\n<p><img loading=\"lazy\" decoding=\"async\" class=\"aligncenter wp-image-6502 size-large\" src=\"https:\/\/www.jimmy2.ch\/worldpress\/wp-content\/uploads\/2020\/03\/20ED3744-2182-495A-A816-2C985E7498B1-1024x768.jpeg\" alt=\"\" width=\"960\" height=\"720\" srcset=\"https:\/\/www.jimmy2.ch\/worldpress\/wp-content\/uploads\/2020\/03\/20ED3744-2182-495A-A816-2C985E7498B1-1024x768.jpeg 1024w, https:\/\/www.jimmy2.ch\/worldpress\/wp-content\/uploads\/2020\/03\/20ED3744-2182-495A-A816-2C985E7498B1-300x225.jpeg 300w, https:\/\/www.jimmy2.ch\/worldpress\/wp-content\/uploads\/2020\/03\/20ED3744-2182-495A-A816-2C985E7498B1-768x576.jpeg 768w, https:\/\/www.jimmy2.ch\/worldpress\/wp-content\/uploads\/2020\/03\/20ED3744-2182-495A-A816-2C985E7498B1-1536x1152.jpeg 1536w, https:\/\/www.jimmy2.ch\/worldpress\/wp-content\/uploads\/2020\/03\/20ED3744-2182-495A-A816-2C985E7498B1-2048x1536.jpeg 2048w\" sizes=\"auto, (max-width: 960px) 100vw, 960px\" \/><\/p>\n<p>Nicht nur in Spanien wird man zugeparkt. Auch in der Schweiz.<\/p>\n<p><img loading=\"lazy\" decoding=\"async\" class=\"aligncenter wp-image-6503 size-large\" src=\"https:\/\/www.jimmy2.ch\/worldpress\/wp-content\/uploads\/2020\/03\/CE6BCED2-B405-4977-A867-08E83C8C8DB4-1024x768.jpeg\" alt=\"\" width=\"960\" height=\"720\" srcset=\"https:\/\/www.jimmy2.ch\/worldpress\/wp-content\/uploads\/2020\/03\/CE6BCED2-B405-4977-A867-08E83C8C8DB4-1024x768.jpeg 1024w, https:\/\/www.jimmy2.ch\/worldpress\/wp-content\/uploads\/2020\/03\/CE6BCED2-B405-4977-A867-08E83C8C8DB4-300x225.jpeg 300w, https:\/\/www.jimmy2.ch\/worldpress\/wp-content\/uploads\/2020\/03\/CE6BCED2-B405-4977-A867-08E83C8C8DB4-768x576.jpeg 768w, https:\/\/www.jimmy2.ch\/worldpress\/wp-content\/uploads\/2020\/03\/CE6BCED2-B405-4977-A867-08E83C8C8DB4-1536x1152.jpeg 1536w, https:\/\/www.jimmy2.ch\/worldpress\/wp-content\/uploads\/2020\/03\/CE6BCED2-B405-4977-A867-08E83C8C8DB4-2048x1536.jpeg 2048w\" sizes=\"auto, (max-width: 960px) 100vw, 960px\" \/><\/p>\n<p>Dann noch die letzten 260 km. Um 21.45 Uhr endet unsere diesj\u00e4hrige Portugal \/ Spanien Reise.<\/p>\n<p><img loading=\"lazy\" decoding=\"async\" class=\"aligncenter wp-image-6504 size-large\" src=\"https:\/\/www.jimmy2.ch\/worldpress\/wp-content\/uploads\/2020\/03\/A4150770-FC82-4D07-A4D6-5C5D94F93F88-576x1024.jpeg\" alt=\"\" width=\"576\" height=\"1024\" srcset=\"https:\/\/www.jimmy2.ch\/worldpress\/wp-content\/uploads\/2020\/03\/A4150770-FC82-4D07-A4D6-5C5D94F93F88-576x1024.jpeg 576w, https:\/\/www.jimmy2.ch\/worldpress\/wp-content\/uploads\/2020\/03\/A4150770-FC82-4D07-A4D6-5C5D94F93F88-169x300.jpeg 169w, https:\/\/www.jimmy2.ch\/worldpress\/wp-content\/uploads\/2020\/03\/A4150770-FC82-4D07-A4D6-5C5D94F93F88-768x1365.jpeg 768w, https:\/\/www.jimmy2.ch\/worldpress\/wp-content\/uploads\/2020\/03\/A4150770-FC82-4D07-A4D6-5C5D94F93F88-864x1536.jpeg 864w, https:\/\/www.jimmy2.ch\/worldpress\/wp-content\/uploads\/2020\/03\/A4150770-FC82-4D07-A4D6-5C5D94F93F88-1152x2048.jpeg 1152w, https:\/\/www.jimmy2.ch\/worldpress\/wp-content\/uploads\/2020\/03\/A4150770-FC82-4D07-A4D6-5C5D94F93F88.jpeg 1242w\" sizes=\"auto, (max-width: 576px) 100vw, 576px\" \/><\/p>\n<p>Wir verbringen die Nacht im Wohnmobil. Unser Zuhause hat nur 15 Grad Raumtemperatur. Und das ist uns nach den warmen Temperaturen in Spanien zu wenig. Ich schalte die Heizung h\u00f6her so dass es morgen w\u00e4rmer \u00a0sein wird.<\/p>\n","protected":false},"excerpt":{"rendered":"<p>Freitag 13. M\u00e4rz 2020 Gruissan F &#8211; nach Hause CH \u00a0908 km 14 Stunden unterwegs mit Pausen Parkplatz V+E inkl. Strom Wetter: ein sonniger Tag 6 &#8211; 17 Grad In der Nacht immer wieder Windb\u00f6en. Um 3 Uhr setzt leichter &hellip; <a href=\"https:\/\/www.jimmy2.ch\/worldpress\/2020\/03\/13\/gruissan-f-zu-hause-ch\/\">Continue reading <span class=\"meta-nav\">&rarr;<\/span><\/a><\/p>\n","protected":false},"author":1,"featured_media":0,"comment_status":"open","ping_status":"open","sticky":false,"template":"","format":"standard","meta":{"footnotes":""},"categories":[69,72],"tags":[401,60,94,45,393,73],"class_list":["post-6471","post","type-post","status-publish","format-standard","hentry","category-frankreich","category-schweiz","tag-a75","tag-bruettisellen","tag-frankreich","tag-gruissan","tag-mittelmeer","tag-schweiz"],"_links":{"self":[{"href":"https:\/\/www.jimmy2.ch\/worldpress\/wp-json\/wp\/v2\/posts\/6471","targetHints":{"allow":["GET"]}}],"collection":[{"href":"https:\/\/www.jimmy2.ch\/worldpress\/wp-json\/wp\/v2\/posts"}],"about":[{"href":"https:\/\/www.jimmy2.ch\/worldpress\/wp-json\/wp\/v2\/types\/post"}],"author":[{"embeddable":true,"href":"https:\/\/www.jimmy2.ch\/worldpress\/wp-json\/wp\/v2\/users\/1"}],"replies":[{"embeddable":true,"href":"https:\/\/www.jimmy2.ch\/worldpress\/wp-json\/wp\/v2\/comments?post=6471"}],"version-history":[{"count":7,"href":"https:\/\/www.jimmy2.ch\/worldpress\/wp-json\/wp\/v2\/posts\/6471\/revisions"}],"predecessor-version":[{"id":6511,"href":"https:\/\/www.jimmy2.ch\/worldpress\/wp-json\/wp\/v2\/posts\/6471\/revisions\/6511"}],"wp:attachment":[{"href":"https:\/\/www.jimmy2.ch\/worldpress\/wp-json\/wp\/v2\/media?parent=6471"}],"wp:term":[{"taxonomy":"category","embeddable":true,"href":"https:\/\/www.jimmy2.ch\/worldpress\/wp-json\/wp\/v2\/categories?post=6471"},{"taxonomy":"post_tag","embeddable":true,"href":"https:\/\/www.jimmy2.ch\/worldpress\/wp-json\/wp\/v2\/tags?post=6471"}],"curies":[{"name":"wp","href":"https:\/\/api.w.org\/{rel}","templated":true}]}}