{"id":612,"date":"2017-02-11T20:19:05","date_gmt":"2017-02-11T19:19:05","guid":{"rendered":"http:\/\/www.jimmy2.ch\/worldpress\/?p=612"},"modified":"2021-12-11T20:59:36","modified_gmt":"2021-12-11T18:59:36","slug":"camping-cap-blanch-albir-2","status":"publish","type":"post","link":"https:\/\/www.jimmy2.ch\/worldpress\/2017\/02\/11\/camping-cap-blanch-albir-2\/","title":{"rendered":"Camping Cap Blanch Albir"},"content":{"rendered":"<p style=\"text-align: center;\"><strong>Samstag 11. Februar 2017<\/strong><\/p>\n<p style=\"text-align: center;\">Camping Cap Blanch \/ 0 km<br \/>\nTr\u00fcbes Wetter ca. 12\u00b0C<\/p>\n<p>Als wir aufwachen ist es draussen tr\u00fcb. Da heute Samstag und damit Wochenende ist bleiben wir bis gegen 10 Uhr liegen.<\/p>\n<p>Nach dem Fr\u00fchst\u00fcck und den obligaten Hausarbeiten spazieren wir ins St\u00e4dtchen Albir. Das liegt zur\u00fcckversetzt von der Strandpromenade an der Durchgangsstrasse. Hier gibt es viele Strassencaf\u00e9s und Restaurants. Aber auch zahlreiche Gesch\u00e4fte jeglicher Art.<\/p>\n<p>Wir treffen auf einen Kiosk wo auch Deutsche Zeitschriften verkauft werden. Und das finden wir etwas zum Lesen. F\u00fcr mich Reisemobil International und f\u00fcr Christa etwas mit Herz Schmerz. In einem Strassencaf\u00e9 trinken wir etwas bevor es zur\u00fcckgeht.<\/p>\n<p>Am sp\u00e4teren Nachmittag fahren wir mit dem Roller in den Lidl einkaufen. Die Gesch\u00e4fte hier haben am Sonntag geschlossen.<\/p>\n<p>Den Rest des Tages verbringen wir im warmen Wohnmobil. Unterbrochen durch Gassi-Gehen mit Jimmy. Am Abend schauen wir 2 Krimis im TV.<\/p>\n<p>Das war es dann. Ein unspektakul\u00e4rer Samstag geht zu Ende.<\/p>\n<p style=\"text-align: center;\">Nicht einmal ein Foto habe ich gemacht.<\/p>\n","protected":false},"excerpt":{"rendered":"<p>Samstag 11. Februar 2017 Camping Cap Blanch \/ 0 km Tr\u00fcbes Wetter ca. 12\u00b0C Als wir aufwachen ist es draussen tr\u00fcb. Da heute Samstag und damit Wochenende ist bleiben wir bis gegen 10 Uhr liegen. Nach dem Fr\u00fchst\u00fcck und den &hellip; <a href=\"https:\/\/www.jimmy2.ch\/worldpress\/2017\/02\/11\/camping-cap-blanch-albir-2\/\">Continue reading <span class=\"meta-nav\">&rarr;<\/span><\/a><\/p>\n","protected":false},"author":1,"featured_media":0,"comment_status":"open","ping_status":"open","sticky":false,"template":"","format":"standard","meta":{"footnotes":""},"categories":[62,70],"tags":[],"class_list":["post-612","post","type-post","status-publish","format-standard","hentry","category-spanien","category-spanien2017"],"_links":{"self":[{"href":"https:\/\/www.jimmy2.ch\/worldpress\/wp-json\/wp\/v2\/posts\/612","targetHints":{"allow":["GET"]}}],"collection":[{"href":"https:\/\/www.jimmy2.ch\/worldpress\/wp-json\/wp\/v2\/posts"}],"about":[{"href":"https:\/\/www.jimmy2.ch\/worldpress\/wp-json\/wp\/v2\/types\/post"}],"author":[{"embeddable":true,"href":"https:\/\/www.jimmy2.ch\/worldpress\/wp-json\/wp\/v2\/users\/1"}],"replies":[{"embeddable":true,"href":"https:\/\/www.jimmy2.ch\/worldpress\/wp-json\/wp\/v2\/comments?post=612"}],"version-history":[{"count":2,"href":"https:\/\/www.jimmy2.ch\/worldpress\/wp-json\/wp\/v2\/posts\/612\/revisions"}],"predecessor-version":[{"id":653,"href":"https:\/\/www.jimmy2.ch\/worldpress\/wp-json\/wp\/v2\/posts\/612\/revisions\/653"}],"wp:attachment":[{"href":"https:\/\/www.jimmy2.ch\/worldpress\/wp-json\/wp\/v2\/media?parent=612"}],"wp:term":[{"taxonomy":"category","embeddable":true,"href":"https:\/\/www.jimmy2.ch\/worldpress\/wp-json\/wp\/v2\/categories?post=612"},{"taxonomy":"post_tag","embeddable":true,"href":"https:\/\/www.jimmy2.ch\/worldpress\/wp-json\/wp\/v2\/tags?post=612"}],"curies":[{"name":"wp","href":"https:\/\/api.w.org\/{rel}","templated":true}]}}