{"id":570,"date":"2017-02-05T21:41:33","date_gmt":"2017-02-05T20:41:33","guid":{"rendered":"http:\/\/www.jimmy2.ch\/worldpress\/?p=570"},"modified":"2021-12-15T18:39:39","modified_gmt":"2021-12-15T16:39:39","slug":"kurzfristig-reisen-wir-weiter","status":"publish","type":"post","link":"https:\/\/www.jimmy2.ch\/worldpress\/2017\/02\/05\/kurzfristig-reisen-wir-weiter\/","title":{"rendered":"Kurzfristig reisen wir weiter"},"content":{"rendered":"<p style=\"text-align: center;\"><strong><u>Sonntag 5. Februar 2017<\/u><\/strong><\/p>\n<p style=\"text-align: center;\">B\u00e9tera \u2013 El Saler \/ 40 km<\/p>\n<p style=\"text-align: center;\">Zu Beginn Sonne \/ dann Sturm \/ am Ziel Sonne und starker Wind ca. 18\u00b0C<\/p>\n<p>&nbsp;<\/p>\n<p>Um halb 3 beginnt es zu st\u00fcrmen. Danach schaukelt das Wohnmobil wie ein Ocean-Dampfer. Ich habe Bedenken, dass der Roller umgeweht werden k\u00f6nnte. Schlafe aber trotzdem gut. Als ich um 8 Uhr mit Jimmy nach draussen gehe ist der Himmel stahl blau und die Sonne scheint. Ein super Tag denke ich \u2013 so k\u00f6nnen wir unseren Plan mit dem Roller doch noch nach Valencia zu fahren in die Tat umsetzen. Zuerst aber W\u00e4sche waschen. Dann Fr\u00fchst\u00fccken. Nun ist es vorbei mit blauem Himmel und Sonne. Wir spannen unsere W\u00e4scheleine um 3 B\u00e4ume und beginnen mit dem Aufh\u00e4ngen der W\u00e4sche. Der Wind wird immer st\u00e4rker und wir haben M\u00fche mit dem Aufh\u00e4ngen. Wir gehen zur\u00fcck zum Wohnmobil. Der Z\u00fcrcher welcher schon lange auf dem Platz ist meint, dass es in 2 Stunden zu regnen beginnt. Es st\u00fcrmt nun kr\u00e4ftig. Unsere Roller-Tour nach Valencia k\u00f6nnen wir vergessen. Wir w\u00fcrden von der Strasse geweht. Ich beginne den Roller zu versorgen. Es beginnt zu tr\u00f6pfeln. Alle was ich aus der Garage vom Wohnmobil nehme und Platz f\u00fcr den Roller zu machen muss ich \u00abfestbinden\u00bb so stark windet es. Ich schicke Christa die W\u00e4sche abnehmen. Es regnet nun ganz leicht. Alles war draussen ist wird nass. Nach einer viertel Stunde habe ich den Roller in der Garage festgebunden und alles wieder sauber einger\u00e4umt. Christa ist mit der noch nassen W\u00e4sche zur\u00fcck. Es ist 11 Uhr. Bis 12 Uhr k\u00f6nnen wir auschecken. Ein kurzer Blick und wir wissen es ist Zeit zu gehen. Ich gehe mich abmelden. Christa geht noch mit Jimmy und macht alles f\u00fcr die Reise parat. Dann noch ein kurzer Schwatz mit dem Nachbarn aus Graub\u00fcnden. Dann auf zu Versorgungsstation. Die neuen Koordinaten eingeben und um 11.45 Uhr rollen wir davon.<\/p>\n<p>Es wird eine kurze Reise. Auf der A-7 geht es um Valencia herum. Wir staunen \u00fcber die f\u00fcr uns riesige Stadt. Bereits um 12.45 Uhr fahren wir in El Saler auf den Stellplatz.<\/p>\n<p><a href=\"https:\/\/www.jimmy2.ch\/worldpress\/wp-content\/uploads\/2017\/02\/IMG_6585.png\"><img loading=\"lazy\" decoding=\"async\" class=\"size-medium wp-image-583 aligncenter\" src=\"https:\/\/www.jimmy2.ch\/worldpress\/wp-content\/uploads\/2017\/02\/IMG_6585-169x300.png\" alt=\"\" width=\"169\" height=\"300\" srcset=\"https:\/\/www.jimmy2.ch\/worldpress\/wp-content\/uploads\/2017\/02\/IMG_6585-169x300.png 169w, https:\/\/www.jimmy2.ch\/worldpress\/wp-content\/uploads\/2017\/02\/IMG_6585-577x1024.png 577w, https:\/\/www.jimmy2.ch\/worldpress\/wp-content\/uploads\/2017\/02\/IMG_6585.png 640w\" sizes=\"auto, (max-width: 169px) 100vw, 169px\" \/><\/a><\/p>\n<p><a href=\"https:\/\/www.jimmy2.ch\/worldpress\/wp-content\/uploads\/2017\/02\/IMG_6583.jpg\"><img loading=\"lazy\" decoding=\"async\" class=\"size-medium wp-image-581 aligncenter\" src=\"https:\/\/www.jimmy2.ch\/worldpress\/wp-content\/uploads\/2017\/02\/IMG_6583-300x169.jpg\" alt=\"\" width=\"300\" height=\"169\" srcset=\"https:\/\/www.jimmy2.ch\/worldpress\/wp-content\/uploads\/2017\/02\/IMG_6583-300x169.jpg 300w, https:\/\/www.jimmy2.ch\/worldpress\/wp-content\/uploads\/2017\/02\/IMG_6583-768x432.jpg 768w, https:\/\/www.jimmy2.ch\/worldpress\/wp-content\/uploads\/2017\/02\/IMG_6583-1024x576.jpg 1024w, https:\/\/www.jimmy2.ch\/worldpress\/wp-content\/uploads\/2017\/02\/IMG_6583.jpg 1920w\" sizes=\"auto, (max-width: 300px) 100vw, 300px\" \/><\/a><\/p>\n<p>Die Sonne scheint. Der Himmel ist stahlblau. Der Wind ist noch immer da. Uns gef\u00e4llt es hier. Die Nacht kostet 12 Euro. Strom gibt es keinen. Aber diese eine Nacht kommen wir gut \u00fcber die Runden.<\/p>\n<p><a href=\"https:\/\/www.jimmy2.ch\/worldpress\/wp-content\/uploads\/2017\/02\/IMG_6571.jpg\"><img loading=\"lazy\" decoding=\"async\" class=\"size-medium wp-image-572 aligncenter\" src=\"https:\/\/www.jimmy2.ch\/worldpress\/wp-content\/uploads\/2017\/02\/IMG_6571-300x225.jpg\" alt=\"\" width=\"300\" height=\"225\" srcset=\"https:\/\/www.jimmy2.ch\/worldpress\/wp-content\/uploads\/2017\/02\/IMG_6571-300x225.jpg 300w, https:\/\/www.jimmy2.ch\/worldpress\/wp-content\/uploads\/2017\/02\/IMG_6571-768x576.jpg 768w, https:\/\/www.jimmy2.ch\/worldpress\/wp-content\/uploads\/2017\/02\/IMG_6571-1024x768.jpg 1024w\" sizes=\"auto, (max-width: 300px) 100vw, 300px\" \/><\/a><\/p>\n<p><a href=\"https:\/\/www.jimmy2.ch\/worldpress\/wp-content\/uploads\/2017\/02\/IMG_6584-e1486326268103.jpg\"><img loading=\"lazy\" decoding=\"async\" class=\"size-medium wp-image-582 aligncenter\" src=\"https:\/\/www.jimmy2.ch\/worldpress\/wp-content\/uploads\/2017\/02\/IMG_6584-e1486326268103-169x300.jpg\" alt=\"\" width=\"169\" height=\"300\" srcset=\"https:\/\/www.jimmy2.ch\/worldpress\/wp-content\/uploads\/2017\/02\/IMG_6584-e1486326268103-169x300.jpg 169w, https:\/\/www.jimmy2.ch\/worldpress\/wp-content\/uploads\/2017\/02\/IMG_6584-e1486326268103-768x1365.jpg 768w, https:\/\/www.jimmy2.ch\/worldpress\/wp-content\/uploads\/2017\/02\/IMG_6584-e1486326268103-576x1024.jpg 576w, https:\/\/www.jimmy2.ch\/worldpress\/wp-content\/uploads\/2017\/02\/IMG_6584-e1486326268103.jpg 1080w\" sizes=\"auto, (max-width: 169px) 100vw, 169px\" \/><\/a><\/p>\n<p style=\"text-align: center;\">Hier am Ende des Platzes f\u00e4hrt die Nationalstrasse vorbei.<br \/>\nDie Emissioinen sind gut zu h\u00f6ren.<\/p>\n<p><a href=\"https:\/\/www.jimmy2.ch\/worldpress\/wp-content\/uploads\/2017\/02\/IMG_6573.jpg\"><img loading=\"lazy\" decoding=\"async\" class=\"size-medium wp-image-574 aligncenter\" src=\"https:\/\/www.jimmy2.ch\/worldpress\/wp-content\/uploads\/2017\/02\/IMG_6573-300x225.jpg\" alt=\"\" width=\"300\" height=\"225\" srcset=\"https:\/\/www.jimmy2.ch\/worldpress\/wp-content\/uploads\/2017\/02\/IMG_6573-300x225.jpg 300w, https:\/\/www.jimmy2.ch\/worldpress\/wp-content\/uploads\/2017\/02\/IMG_6573-768x576.jpg 768w, https:\/\/www.jimmy2.ch\/worldpress\/wp-content\/uploads\/2017\/02\/IMG_6573-1024x768.jpg 1024w\" sizes=\"auto, (max-width: 300px) 100vw, 300px\" \/><\/a><\/p>\n<p><a href=\"https:\/\/www.jimmy2.ch\/worldpress\/wp-content\/uploads\/2017\/02\/IMG_6572.jpg\"><img loading=\"lazy\" decoding=\"async\" class=\"size-medium wp-image-573 aligncenter\" src=\"https:\/\/www.jimmy2.ch\/worldpress\/wp-content\/uploads\/2017\/02\/IMG_6572-300x225.jpg\" alt=\"\" width=\"300\" height=\"225\" srcset=\"https:\/\/www.jimmy2.ch\/worldpress\/wp-content\/uploads\/2017\/02\/IMG_6572-300x225.jpg 300w, https:\/\/www.jimmy2.ch\/worldpress\/wp-content\/uploads\/2017\/02\/IMG_6572-768x576.jpg 768w, https:\/\/www.jimmy2.ch\/worldpress\/wp-content\/uploads\/2017\/02\/IMG_6572-1024x768.jpg 1024w\" sizes=\"auto, (max-width: 300px) 100vw, 300px\" \/><\/a><\/p>\n<p>Nun k\u00f6nnen wir noch unsere nasse W\u00e4sche zum Trocknen aufh\u00e4ngen. Christa hat Hunger. So essen wir eine Kleinigkeit.<\/p>\n<p>Dann gehen wir spazieren. Rechts vom Stellplatz geht es zum \u00d6rtchen El Saler. Die Restaurants haben offen und es hat zahlreiche G\u00e4ste. Es ist Sonntag. Da geht der Spanier mit seiner Familie essen. Weiter geht es Richtung Meer. Es geht durch einen Naturparkt.<\/p>\n<p><a href=\"https:\/\/www.jimmy2.ch\/worldpress\/wp-content\/uploads\/2017\/02\/IMG_6575.jpg\"><img loading=\"lazy\" decoding=\"async\" class=\"size-medium wp-image-575 aligncenter\" src=\"https:\/\/www.jimmy2.ch\/worldpress\/wp-content\/uploads\/2017\/02\/IMG_6575-300x225.jpg\" alt=\"\" width=\"300\" height=\"225\" srcset=\"https:\/\/www.jimmy2.ch\/worldpress\/wp-content\/uploads\/2017\/02\/IMG_6575-300x225.jpg 300w, https:\/\/www.jimmy2.ch\/worldpress\/wp-content\/uploads\/2017\/02\/IMG_6575-768x576.jpg 768w, https:\/\/www.jimmy2.ch\/worldpress\/wp-content\/uploads\/2017\/02\/IMG_6575-1024x768.jpg 1024w\" sizes=\"auto, (max-width: 300px) 100vw, 300px\" \/><\/a><\/p>\n<p style=\"text-align: center;\">Dann kommt der Strand.<\/p>\n<p><a href=\"https:\/\/www.jimmy2.ch\/worldpress\/wp-content\/uploads\/2017\/02\/IMG_6577.jpg\"><img loading=\"lazy\" decoding=\"async\" class=\"size-medium wp-image-576 aligncenter\" src=\"https:\/\/www.jimmy2.ch\/worldpress\/wp-content\/uploads\/2017\/02\/IMG_6577-300x225.jpg\" alt=\"\" width=\"300\" height=\"225\" srcset=\"https:\/\/www.jimmy2.ch\/worldpress\/wp-content\/uploads\/2017\/02\/IMG_6577-300x225.jpg 300w, https:\/\/www.jimmy2.ch\/worldpress\/wp-content\/uploads\/2017\/02\/IMG_6577-768x576.jpg 768w, https:\/\/www.jimmy2.ch\/worldpress\/wp-content\/uploads\/2017\/02\/IMG_6577-1024x768.jpg 1024w\" sizes=\"auto, (max-width: 300px) 100vw, 300px\" \/><\/a><\/p>\n<p><a href=\"https:\/\/www.jimmy2.ch\/worldpress\/wp-content\/uploads\/2017\/02\/IMG_6579.jpg\"><img loading=\"lazy\" decoding=\"async\" class=\"size-medium wp-image-578 aligncenter\" src=\"https:\/\/www.jimmy2.ch\/worldpress\/wp-content\/uploads\/2017\/02\/IMG_6579-300x225.jpg\" alt=\"\" width=\"300\" height=\"225\" srcset=\"https:\/\/www.jimmy2.ch\/worldpress\/wp-content\/uploads\/2017\/02\/IMG_6579-300x225.jpg 300w, https:\/\/www.jimmy2.ch\/worldpress\/wp-content\/uploads\/2017\/02\/IMG_6579-768x576.jpg 768w, https:\/\/www.jimmy2.ch\/worldpress\/wp-content\/uploads\/2017\/02\/IMG_6579-1024x768.jpg 1024w\" sizes=\"auto, (max-width: 300px) 100vw, 300px\" \/><\/a><\/p>\n<p><a href=\"https:\/\/www.jimmy2.ch\/worldpress\/wp-content\/uploads\/2017\/02\/IMG_6578.jpg\"><img loading=\"lazy\" decoding=\"async\" class=\"size-medium wp-image-577 aligncenter\" src=\"https:\/\/www.jimmy2.ch\/worldpress\/wp-content\/uploads\/2017\/02\/IMG_6578-300x225.jpg\" alt=\"\" width=\"300\" height=\"225\" srcset=\"https:\/\/www.jimmy2.ch\/worldpress\/wp-content\/uploads\/2017\/02\/IMG_6578-300x225.jpg 300w, https:\/\/www.jimmy2.ch\/worldpress\/wp-content\/uploads\/2017\/02\/IMG_6578-768x576.jpg 768w, https:\/\/www.jimmy2.ch\/worldpress\/wp-content\/uploads\/2017\/02\/IMG_6578-1024x768.jpg 1024w\" sizes=\"auto, (max-width: 300px) 100vw, 300px\" \/><\/a><\/p>\n<p>Es hat&nbsp; zwei Gasth\u00e4usern. Diese sind offen und haben reichlich G\u00e4ste. Mit dem Hund d\u00fcrfen wir leider nicht rein. So geniessen wir unser Cola draussen an der Sonne.<\/p>\n<p><a href=\"https:\/\/www.jimmy2.ch\/worldpress\/wp-content\/uploads\/2017\/02\/IMG_6582.jpg\"><img loading=\"lazy\" decoding=\"async\" class=\"size-medium wp-image-580 aligncenter\" src=\"https:\/\/www.jimmy2.ch\/worldpress\/wp-content\/uploads\/2017\/02\/IMG_6582-300x225.jpg\" alt=\"\" width=\"300\" height=\"225\" srcset=\"https:\/\/www.jimmy2.ch\/worldpress\/wp-content\/uploads\/2017\/02\/IMG_6582-300x225.jpg 300w, https:\/\/www.jimmy2.ch\/worldpress\/wp-content\/uploads\/2017\/02\/IMG_6582-768x576.jpg 768w, https:\/\/www.jimmy2.ch\/worldpress\/wp-content\/uploads\/2017\/02\/IMG_6582-1024x768.jpg 1024w\" sizes=\"auto, (max-width: 300px) 100vw, 300px\" \/><\/a><\/p>\n<p>Auf dem R\u00fcckweg besichtigen wir das St\u00e4dtchen El Saler. Der gross angeschriebene Supermercado entpuppt sich als kleiner Gem\u00fcseladen. Der ist jedoch wegen der Mittagspause noch geschlossen. Zur\u00fcck im Wohnmobil machen wir Siesta. Sp\u00e4ter gibt es wieder einmal \u00abR\u00f6hren an Pestosauce\u00bb.<\/p>\n<p><a href=\"https:\/\/www.jimmy2.ch\/worldpress\/wp-content\/uploads\/2017\/02\/IMG_6586.jpg\"><img loading=\"lazy\" decoding=\"async\" class=\"size-medium wp-image-586 aligncenter\" src=\"https:\/\/www.jimmy2.ch\/worldpress\/wp-content\/uploads\/2017\/02\/IMG_6586-300x225.jpg\" alt=\"\" width=\"300\" height=\"225\" srcset=\"https:\/\/www.jimmy2.ch\/worldpress\/wp-content\/uploads\/2017\/02\/IMG_6586-300x225.jpg 300w, https:\/\/www.jimmy2.ch\/worldpress\/wp-content\/uploads\/2017\/02\/IMG_6586-768x576.jpg 768w, https:\/\/www.jimmy2.ch\/worldpress\/wp-content\/uploads\/2017\/02\/IMG_6586-1024x768.jpg 1024w\" sizes=\"auto, (max-width: 300px) 100vw, 300px\" \/><\/a><\/p>\n<p>Die Flimmerkiste bleibt heute geschlossen. Der Wind ist zu stark und wir wollen nichts riskieren. Auch die anderen Wohnmobile auf dem Platz haben die Sat-Antennen eingefahren.<\/p>\n<p>Der W-LAN auf dem Platz bringt nicht viel und so kommt unser \u00abeigener\u00bb Zugang wieder einmal zum Zuge. Noch etwas am Reisebericht schreiben. Dann ist wieder Zeit f\u00fcr Bettau.<\/p>\n<p style=\"text-align: center;\">Morgen geht es wieder weiter.<\/p>\n<p style=\"text-align: center;\">Nach Calpe.<\/p>\n<p>Mal schauen ob es dort ein Pl\u00e4tzchen f\u00fcr uns hat. So wie ich die Lage einsch\u00e4tze wird das eher schwierig. Aber dar\u00fcber machen wir uns heute noch keine grossen Gedanken.<\/p>\n<p>&nbsp;<\/p>\n<p style=\"text-align: center;\"><a href=\"https:\/\/www.google.ch\/maps\/dir\/Valencia+Camper+Park,+Calle+Universo,+B%C3%A9tera,+Spanien\/Area+Campingcar+La+Marina,+GVA+Oficina+de+Gesti%C3%B3n+T%C3%A9cnica.,+Carrera+del+Riu,+556,+46012+Val%C3%A8ncia,+Spanien\/@39.4837269,-0.4707404,12z\/data=!3m1!4b1!4m17!4m16!1m5!1m1!1s0xd60434e0f2941df:0x250917a957135dc!2m2!1d-0.445024!2d39.579574!1m5!1m1!1s0xd604a341bbed6f1:0xb3388abdd2c6ff27!2m2!1d-0.3328699!2d39.3866862!2m2!1b1!2b1!3e0\" target=\"_blank\" rel=\"noopener\"><strong>Unsere heutige Strecke<\/strong><\/a><\/p>\n<p style=\"text-align: center;\"><a href=\"https:\/\/www.google.ch\/maps\/dir\/\/Area+Campingcar+La+Marina,+GVA+Oficina+de+Gesti%C3%B3n+T%C3%A9cnica.,+Carrera+del+Riu,+556,+46012+Val%C3%A8ncia,+Spanien\/@39.3978003,-0.3738765,12.5z\/data=!4m12!4m11!1m0!1m5!1m1!1s0xd604a341bbed6f1:0xb3388abdd2c6ff27!2m2!1d-0.3328699!2d39.3866862!2m2!1b1!2b1!3e0\" target=\"_blank\" rel=\"noopener\"><strong>Unser heutiger Standort<\/strong><\/a><\/p>\n<p style=\"text-align: center;\"><a href=\"http:\/\/areaparkingcarlamarina.es.tl\/\" target=\"_blank\" rel=\"noopener\"><strong>Stellplatz-Info \/ Website<\/strong><\/a><\/p>\n<p style=\"text-align: center;\"><a href=\"http:\/\/www.campercontact.com\/de\/spanien\/valencia-03-12-46\/valencia\/15522\/wohnmobilstellplatz-area-campingcar-la-marina.aspx\" target=\"_blank\" rel=\"noopener\"><strong>Campercontact<\/strong><\/a><\/p>\n<p>&nbsp;<\/p>\n<p>&nbsp;<\/p>\n<p>&nbsp;<\/p>\n","protected":false},"excerpt":{"rendered":"<p>Sonntag 5. Februar 2017 B\u00e9tera \u2013 El Saler \/ 40 km Zu Beginn Sonne \/ dann Sturm \/ am Ziel Sonne und starker Wind ca. 18\u00b0C &nbsp; Um halb 3 beginnt es zu st\u00fcrmen. Danach schaukelt das Wohnmobil wie ein &hellip; <a href=\"https:\/\/www.jimmy2.ch\/worldpress\/2017\/02\/05\/kurzfristig-reisen-wir-weiter\/\">Continue reading <span class=\"meta-nav\">&rarr;<\/span><\/a><\/p>\n","protected":false},"author":1,"featured_media":0,"comment_status":"closed","ping_status":"open","sticky":false,"template":"","format":"standard","meta":{"footnotes":""},"categories":[62,70],"tags":[24,23],"class_list":["post-570","post","type-post","status-publish","format-standard","hentry","category-spanien","category-spanien2017","tag-area-campingcar-la-marina","tag-el-saler"],"_links":{"self":[{"href":"https:\/\/www.jimmy2.ch\/worldpress\/wp-json\/wp\/v2\/posts\/570","targetHints":{"allow":["GET"]}}],"collection":[{"href":"https:\/\/www.jimmy2.ch\/worldpress\/wp-json\/wp\/v2\/posts"}],"about":[{"href":"https:\/\/www.jimmy2.ch\/worldpress\/wp-json\/wp\/v2\/types\/post"}],"author":[{"embeddable":true,"href":"https:\/\/www.jimmy2.ch\/worldpress\/wp-json\/wp\/v2\/users\/1"}],"replies":[{"embeddable":true,"href":"https:\/\/www.jimmy2.ch\/worldpress\/wp-json\/wp\/v2\/comments?post=570"}],"version-history":[{"count":5,"href":"https:\/\/www.jimmy2.ch\/worldpress\/wp-json\/wp\/v2\/posts\/570\/revisions"}],"predecessor-version":[{"id":12337,"href":"https:\/\/www.jimmy2.ch\/worldpress\/wp-json\/wp\/v2\/posts\/570\/revisions\/12337"}],"wp:attachment":[{"href":"https:\/\/www.jimmy2.ch\/worldpress\/wp-json\/wp\/v2\/media?parent=570"}],"wp:term":[{"taxonomy":"category","embeddable":true,"href":"https:\/\/www.jimmy2.ch\/worldpress\/wp-json\/wp\/v2\/categories?post=570"},{"taxonomy":"post_tag","embeddable":true,"href":"https:\/\/www.jimmy2.ch\/worldpress\/wp-json\/wp\/v2\/tags?post=570"}],"curies":[{"name":"wp","href":"https:\/\/api.w.org\/{rel}","templated":true}]}}