{"id":5321,"date":"2020-01-22T22:52:34","date_gmt":"2020-01-22T21:52:34","guid":{"rendered":"http:\/\/www.jimmy2.ch\/worldpress\/?p=5321"},"modified":"2020-01-22T22:52:34","modified_gmt":"2020-01-22T21:52:34","slug":"foz-santiago-de-compostela","status":"publish","type":"post","link":"https:\/\/www.jimmy2.ch\/worldpress\/2020\/01\/22\/foz-santiago-de-compostela\/","title":{"rendered":"Foz &#8211; Santiago de Compostela"},"content":{"rendered":"<p>Mittwoch 22. Januar 2020<br \/>\nFoz &#8211; Santiago de Compostela 168 km 3 3\/4 Stunden unterwegs<br \/>\nStellplatz Santiago de Compostela 3.50 Euro als Eintritt bis 20 Uhr + 12 Euro f\u00fcr die Nacht + 3 Euro f\u00fcr Wasser<br \/>\nWetter: starker Wind, Nebel, Regen etwas Sonne aber immer ein frischer Wind 9 &#8211; 12 Grad<\/p>\n<p>Wieder eine ruhige und angenehme Nacht. Um 8 Uhr ist es noch dunkel draussen bei 12 Grad.<\/p>\n<p><img loading=\"lazy\" decoding=\"async\" class=\"aligncenter size-medium wp-image-5343\" src=\"https:\/\/www.jimmy2.ch\/worldpress\/wp-content\/uploads\/2020\/01\/E5FBB90E-5904-459B-9EB7-6811F63885A9-300x225.jpeg\" alt=\"\" width=\"300\" height=\"225\" srcset=\"https:\/\/www.jimmy2.ch\/worldpress\/wp-content\/uploads\/2020\/01\/E5FBB90E-5904-459B-9EB7-6811F63885A9-300x225.jpeg 300w, https:\/\/www.jimmy2.ch\/worldpress\/wp-content\/uploads\/2020\/01\/E5FBB90E-5904-459B-9EB7-6811F63885A9-1024x768.jpeg 1024w, https:\/\/www.jimmy2.ch\/worldpress\/wp-content\/uploads\/2020\/01\/E5FBB90E-5904-459B-9EB7-6811F63885A9-768x576.jpeg 768w, https:\/\/www.jimmy2.ch\/worldpress\/wp-content\/uploads\/2020\/01\/E5FBB90E-5904-459B-9EB7-6811F63885A9-1536x1152.jpeg 1536w, https:\/\/www.jimmy2.ch\/worldpress\/wp-content\/uploads\/2020\/01\/E5FBB90E-5904-459B-9EB7-6811F63885A9-2048x1536.jpeg 2048w\" sizes=\"auto, (max-width: 300px) 100vw, 300px\" \/><\/p>\n<p>Es ist Flut und das Wasser beginnt zu steigen. Kurzes Fr\u00fchst\u00fcck und dann geht es los.<\/p>\n<p><img loading=\"lazy\" decoding=\"async\" class=\"aligncenter size-medium wp-image-5344\" src=\"https:\/\/www.jimmy2.ch\/worldpress\/wp-content\/uploads\/2020\/01\/C78432D4-1BEA-426E-B842-9C8859A73D23-300x225.jpeg\" alt=\"\" width=\"300\" height=\"225\" srcset=\"https:\/\/www.jimmy2.ch\/worldpress\/wp-content\/uploads\/2020\/01\/C78432D4-1BEA-426E-B842-9C8859A73D23-300x225.jpeg 300w, https:\/\/www.jimmy2.ch\/worldpress\/wp-content\/uploads\/2020\/01\/C78432D4-1BEA-426E-B842-9C8859A73D23-1024x768.jpeg 1024w, https:\/\/www.jimmy2.ch\/worldpress\/wp-content\/uploads\/2020\/01\/C78432D4-1BEA-426E-B842-9C8859A73D23-768x576.jpeg 768w, https:\/\/www.jimmy2.ch\/worldpress\/wp-content\/uploads\/2020\/01\/C78432D4-1BEA-426E-B842-9C8859A73D23-1536x1152.jpeg 1536w, https:\/\/www.jimmy2.ch\/worldpress\/wp-content\/uploads\/2020\/01\/C78432D4-1BEA-426E-B842-9C8859A73D23-2048x1536.jpeg 2048w\" sizes=\"auto, (max-width: 300px) 100vw, 300px\" \/><\/p>\n<p>Wieder viel Wald und eine Berg- und Talfahrt. Es geht bei str\u00f6mendem Regen bis auf 800 m hinauf und dann wieder runter auf jetzt 310 m.<\/p>\n<p><img loading=\"lazy\" decoding=\"async\" class=\"aligncenter size-medium wp-image-5345\" src=\"https:\/\/www.jimmy2.ch\/worldpress\/wp-content\/uploads\/2020\/01\/DF67B34A-FCE0-40C5-B8B3-F861EB991596-168x300.jpeg\" alt=\"\" width=\"168\" height=\"300\" srcset=\"https:\/\/www.jimmy2.ch\/worldpress\/wp-content\/uploads\/2020\/01\/DF67B34A-FCE0-40C5-B8B3-F861EB991596-168x300.jpeg 168w, https:\/\/www.jimmy2.ch\/worldpress\/wp-content\/uploads\/2020\/01\/DF67B34A-FCE0-40C5-B8B3-F861EB991596-575x1024.jpeg 575w, https:\/\/www.jimmy2.ch\/worldpress\/wp-content\/uploads\/2020\/01\/DF67B34A-FCE0-40C5-B8B3-F861EB991596-768x1368.jpeg 768w, https:\/\/www.jimmy2.ch\/worldpress\/wp-content\/uploads\/2020\/01\/DF67B34A-FCE0-40C5-B8B3-F861EB991596-863x1536.jpeg 863w, https:\/\/www.jimmy2.ch\/worldpress\/wp-content\/uploads\/2020\/01\/DF67B34A-FCE0-40C5-B8B3-F861EB991596.jpeg 1150w\" sizes=\"auto, (max-width: 168px) 100vw, 168px\" \/><\/p>\n<p><img loading=\"lazy\" decoding=\"async\" class=\"aligncenter size-medium wp-image-5346\" src=\"https:\/\/www.jimmy2.ch\/worldpress\/wp-content\/uploads\/2020\/01\/2E48ED65-A3C6-4F3D-9F72-A4210B989B87-169x300.jpeg\" alt=\"\" width=\"169\" height=\"300\" srcset=\"https:\/\/www.jimmy2.ch\/worldpress\/wp-content\/uploads\/2020\/01\/2E48ED65-A3C6-4F3D-9F72-A4210B989B87-169x300.jpeg 169w, https:\/\/www.jimmy2.ch\/worldpress\/wp-content\/uploads\/2020\/01\/2E48ED65-A3C6-4F3D-9F72-A4210B989B87-576x1024.jpeg 576w, https:\/\/www.jimmy2.ch\/worldpress\/wp-content\/uploads\/2020\/01\/2E48ED65-A3C6-4F3D-9F72-A4210B989B87-768x1367.jpeg 768w, https:\/\/www.jimmy2.ch\/worldpress\/wp-content\/uploads\/2020\/01\/2E48ED65-A3C6-4F3D-9F72-A4210B989B87-863x1536.jpeg 863w, https:\/\/www.jimmy2.ch\/worldpress\/wp-content\/uploads\/2020\/01\/2E48ED65-A3C6-4F3D-9F72-A4210B989B87.jpeg 1151w\" sizes=\"auto, (max-width: 169px) 100vw, 169px\" \/><\/p>\n<p>Bei Salguiers verlassen wir die Autopista A-6 und nehmen die N-634. Nun wird die Fahrt etwas kurzweiliger. Jimmy2 braucht (schon) wieder Diesel und die 1. Gas-Flasche ist leer. Auch die wird an der Repsol-Tankstelle ausgewechselt.<\/p>\n<p>Kurz nach ein Uhr erreichen wir Santiago de Compostela. Wir fahren am Stellplatz vorbei zum Camping Platz. Gar nicht so einfach jeweils die richtige Spur zu erwischen. Aber nach dem 2. oder 3. Anlauf klappt es. Kreisverkehr sei Dank. Der Campingplatz \u00fcberzeugt uns nicht. Also zur\u00fcck auf den Stellplatz bzw. Busparkplatz.<\/p>\n<p><img loading=\"lazy\" decoding=\"async\" class=\"aligncenter size-medium wp-image-5347\" src=\"https:\/\/www.jimmy2.ch\/worldpress\/wp-content\/uploads\/2020\/01\/CDE4D693-9EA9-4F1B-BA0B-55DD5346A102-300x225.jpeg\" alt=\"\" width=\"300\" height=\"225\" srcset=\"https:\/\/www.jimmy2.ch\/worldpress\/wp-content\/uploads\/2020\/01\/CDE4D693-9EA9-4F1B-BA0B-55DD5346A102-300x225.jpeg 300w, https:\/\/www.jimmy2.ch\/worldpress\/wp-content\/uploads\/2020\/01\/CDE4D693-9EA9-4F1B-BA0B-55DD5346A102-1024x768.jpeg 1024w, https:\/\/www.jimmy2.ch\/worldpress\/wp-content\/uploads\/2020\/01\/CDE4D693-9EA9-4F1B-BA0B-55DD5346A102-768x576.jpeg 768w, https:\/\/www.jimmy2.ch\/worldpress\/wp-content\/uploads\/2020\/01\/CDE4D693-9EA9-4F1B-BA0B-55DD5346A102-1536x1152.jpeg 1536w, https:\/\/www.jimmy2.ch\/worldpress\/wp-content\/uploads\/2020\/01\/CDE4D693-9EA9-4F1B-BA0B-55DD5346A102-2048x1536.jpeg 2048w\" sizes=\"auto, (max-width: 300px) 100vw, 300px\" \/><\/p>\n<p>Jimmy2 abstellen, Sicherungen anbringen und den Alarm scharf machen. Zu Fuss geht es zu Cath\u00e9drale ca. 2 km \/ 30 Minuten.<\/p>\n<p><img loading=\"lazy\" decoding=\"async\" class=\"aligncenter size-medium wp-image-5348\" src=\"https:\/\/www.jimmy2.ch\/worldpress\/wp-content\/uploads\/2020\/01\/0A30D060-A1EC-4379-B104-9D567E832086-300x225.jpeg\" alt=\"\" width=\"300\" height=\"225\" srcset=\"https:\/\/www.jimmy2.ch\/worldpress\/wp-content\/uploads\/2020\/01\/0A30D060-A1EC-4379-B104-9D567E832086-300x225.jpeg 300w, https:\/\/www.jimmy2.ch\/worldpress\/wp-content\/uploads\/2020\/01\/0A30D060-A1EC-4379-B104-9D567E832086-1024x768.jpeg 1024w, https:\/\/www.jimmy2.ch\/worldpress\/wp-content\/uploads\/2020\/01\/0A30D060-A1EC-4379-B104-9D567E832086-768x576.jpeg 768w, https:\/\/www.jimmy2.ch\/worldpress\/wp-content\/uploads\/2020\/01\/0A30D060-A1EC-4379-B104-9D567E832086-1536x1152.jpeg 1536w, https:\/\/www.jimmy2.ch\/worldpress\/wp-content\/uploads\/2020\/01\/0A30D060-A1EC-4379-B104-9D567E832086-2048x1536.jpeg 2048w\" sizes=\"auto, (max-width: 300px) 100vw, 300px\" \/><\/p>\n<p><img loading=\"lazy\" decoding=\"async\" class=\"aligncenter size-medium wp-image-5349\" src=\"https:\/\/www.jimmy2.ch\/worldpress\/wp-content\/uploads\/2020\/01\/BAB37136-2C07-42CE-AC75-40B50B9CC12B-300x225.jpeg\" alt=\"\" width=\"300\" height=\"225\" srcset=\"https:\/\/www.jimmy2.ch\/worldpress\/wp-content\/uploads\/2020\/01\/BAB37136-2C07-42CE-AC75-40B50B9CC12B-300x225.jpeg 300w, https:\/\/www.jimmy2.ch\/worldpress\/wp-content\/uploads\/2020\/01\/BAB37136-2C07-42CE-AC75-40B50B9CC12B-1024x768.jpeg 1024w, https:\/\/www.jimmy2.ch\/worldpress\/wp-content\/uploads\/2020\/01\/BAB37136-2C07-42CE-AC75-40B50B9CC12B-768x576.jpeg 768w, https:\/\/www.jimmy2.ch\/worldpress\/wp-content\/uploads\/2020\/01\/BAB37136-2C07-42CE-AC75-40B50B9CC12B-1536x1152.jpeg 1536w, https:\/\/www.jimmy2.ch\/worldpress\/wp-content\/uploads\/2020\/01\/BAB37136-2C07-42CE-AC75-40B50B9CC12B-2048x1536.jpeg 2048w\" sizes=\"auto, (max-width: 300px) 100vw, 300px\" \/><\/p>\n<p>Wir verweilen etwas auf dem Platz und schauen die Geb\u00e4ude an. Machen nat\u00fcrlich Fotos.<\/p>\n<p><img loading=\"lazy\" decoding=\"async\" class=\"aligncenter size-medium wp-image-5350\" src=\"https:\/\/www.jimmy2.ch\/worldpress\/wp-content\/uploads\/2020\/01\/24229564-B4B4-490A-B438-7DB787A37241-300x225.jpeg\" alt=\"\" width=\"300\" height=\"225\" srcset=\"https:\/\/www.jimmy2.ch\/worldpress\/wp-content\/uploads\/2020\/01\/24229564-B4B4-490A-B438-7DB787A37241-300x225.jpeg 300w, https:\/\/www.jimmy2.ch\/worldpress\/wp-content\/uploads\/2020\/01\/24229564-B4B4-490A-B438-7DB787A37241-1024x768.jpeg 1024w, https:\/\/www.jimmy2.ch\/worldpress\/wp-content\/uploads\/2020\/01\/24229564-B4B4-490A-B438-7DB787A37241-768x576.jpeg 768w, https:\/\/www.jimmy2.ch\/worldpress\/wp-content\/uploads\/2020\/01\/24229564-B4B4-490A-B438-7DB787A37241-1536x1152.jpeg 1536w, https:\/\/www.jimmy2.ch\/worldpress\/wp-content\/uploads\/2020\/01\/24229564-B4B4-490A-B438-7DB787A37241-2048x1536.jpeg 2048w\" sizes=\"auto, (max-width: 300px) 100vw, 300px\" \/><\/p>\n<p><img loading=\"lazy\" decoding=\"async\" class=\"aligncenter size-medium wp-image-5351\" src=\"https:\/\/www.jimmy2.ch\/worldpress\/wp-content\/uploads\/2020\/01\/F43EBD92-C0C3-4488-BF2B-754DF625FBFC-300x222.jpeg\" alt=\"\" width=\"300\" height=\"222\" srcset=\"https:\/\/www.jimmy2.ch\/worldpress\/wp-content\/uploads\/2020\/01\/F43EBD92-C0C3-4488-BF2B-754DF625FBFC-300x222.jpeg 300w, https:\/\/www.jimmy2.ch\/worldpress\/wp-content\/uploads\/2020\/01\/F43EBD92-C0C3-4488-BF2B-754DF625FBFC-1024x757.jpeg 1024w, https:\/\/www.jimmy2.ch\/worldpress\/wp-content\/uploads\/2020\/01\/F43EBD92-C0C3-4488-BF2B-754DF625FBFC-768x567.jpeg 768w, https:\/\/www.jimmy2.ch\/worldpress\/wp-content\/uploads\/2020\/01\/F43EBD92-C0C3-4488-BF2B-754DF625FBFC-1536x1135.jpeg 1536w, https:\/\/www.jimmy2.ch\/worldpress\/wp-content\/uploads\/2020\/01\/F43EBD92-C0C3-4488-BF2B-754DF625FBFC-2048x1513.jpeg 2048w\" sizes=\"auto, (max-width: 300px) 100vw, 300px\" \/><\/p>\n<p><img loading=\"lazy\" decoding=\"async\" class=\"aligncenter size-medium wp-image-5352\" src=\"https:\/\/www.jimmy2.ch\/worldpress\/wp-content\/uploads\/2020\/01\/ED25B8BF-2939-4F07-9368-977EC2DE90F2-225x300.jpeg\" alt=\"\" width=\"225\" height=\"300\" srcset=\"https:\/\/www.jimmy2.ch\/worldpress\/wp-content\/uploads\/2020\/01\/ED25B8BF-2939-4F07-9368-977EC2DE90F2-225x300.jpeg 225w, https:\/\/www.jimmy2.ch\/worldpress\/wp-content\/uploads\/2020\/01\/ED25B8BF-2939-4F07-9368-977EC2DE90F2-769x1024.jpeg 769w, https:\/\/www.jimmy2.ch\/worldpress\/wp-content\/uploads\/2020\/01\/ED25B8BF-2939-4F07-9368-977EC2DE90F2-768x1022.jpeg 768w, https:\/\/www.jimmy2.ch\/worldpress\/wp-content\/uploads\/2020\/01\/ED25B8BF-2939-4F07-9368-977EC2DE90F2-1154x1536.jpeg 1154w, https:\/\/www.jimmy2.ch\/worldpress\/wp-content\/uploads\/2020\/01\/ED25B8BF-2939-4F07-9368-977EC2DE90F2-1539x2048.jpeg 1539w, https:\/\/www.jimmy2.ch\/worldpress\/wp-content\/uploads\/2020\/01\/ED25B8BF-2939-4F07-9368-977EC2DE90F2-scaled.jpeg 1923w\" sizes=\"auto, (max-width: 225px) 100vw, 225px\" \/><\/p>\n<p><img loading=\"lazy\" decoding=\"async\" class=\"aligncenter size-medium wp-image-5353\" src=\"https:\/\/www.jimmy2.ch\/worldpress\/wp-content\/uploads\/2020\/01\/097AA96E-460C-41EC-9E99-1CD524E1E062-300x225.jpeg\" alt=\"\" width=\"300\" height=\"225\" srcset=\"https:\/\/www.jimmy2.ch\/worldpress\/wp-content\/uploads\/2020\/01\/097AA96E-460C-41EC-9E99-1CD524E1E062-300x225.jpeg 300w, https:\/\/www.jimmy2.ch\/worldpress\/wp-content\/uploads\/2020\/01\/097AA96E-460C-41EC-9E99-1CD524E1E062-1024x768.jpeg 1024w, https:\/\/www.jimmy2.ch\/worldpress\/wp-content\/uploads\/2020\/01\/097AA96E-460C-41EC-9E99-1CD524E1E062-768x576.jpeg 768w, https:\/\/www.jimmy2.ch\/worldpress\/wp-content\/uploads\/2020\/01\/097AA96E-460C-41EC-9E99-1CD524E1E062-1536x1152.jpeg 1536w, https:\/\/www.jimmy2.ch\/worldpress\/wp-content\/uploads\/2020\/01\/097AA96E-460C-41EC-9E99-1CD524E1E062-2048x1536.jpeg 2048w\" sizes=\"auto, (max-width: 300px) 100vw, 300px\" \/><\/p>\n<p style=\"padding-left: 40px;\"><img loading=\"lazy\" decoding=\"async\" class=\"aligncenter size-medium wp-image-5354\" src=\"https:\/\/www.jimmy2.ch\/worldpress\/wp-content\/uploads\/2020\/01\/92B94E98-6DF1-466D-B39D-2B8E0DB19A0A-300x225.jpeg\" alt=\"\" width=\"300\" height=\"225\" srcset=\"https:\/\/www.jimmy2.ch\/worldpress\/wp-content\/uploads\/2020\/01\/92B94E98-6DF1-466D-B39D-2B8E0DB19A0A-300x225.jpeg 300w, https:\/\/www.jimmy2.ch\/worldpress\/wp-content\/uploads\/2020\/01\/92B94E98-6DF1-466D-B39D-2B8E0DB19A0A-1024x768.jpeg 1024w, https:\/\/www.jimmy2.ch\/worldpress\/wp-content\/uploads\/2020\/01\/92B94E98-6DF1-466D-B39D-2B8E0DB19A0A-768x576.jpeg 768w, https:\/\/www.jimmy2.ch\/worldpress\/wp-content\/uploads\/2020\/01\/92B94E98-6DF1-466D-B39D-2B8E0DB19A0A-1536x1152.jpeg 1536w, https:\/\/www.jimmy2.ch\/worldpress\/wp-content\/uploads\/2020\/01\/92B94E98-6DF1-466D-B39D-2B8E0DB19A0A-2048x1536.jpeg 2048w\" sizes=\"auto, (max-width: 300px) 100vw, 300px\" \/><\/p>\n<p>Viel ist nicht los. Das Museum w\u00fcrde 12 Euro pro Person kosten. Ohne uns. Mittlerweile versp\u00fcren wir ein leichtes Hungergef\u00fchl.<\/p>\n<p>In der Cafeteria Paradiso bekommen wir ein feines und preiswertes Meue del Dia: Salat, Fleisch mit Pommes, einen Dessert sowie ein Glas Wein f\u00fcr 12 Euro. Dazu eine super freundliche und mehrsprachige Bedienung.<\/p>\n<p><img loading=\"lazy\" decoding=\"async\" class=\"aligncenter size-medium wp-image-5355\" src=\"https:\/\/www.jimmy2.ch\/worldpress\/wp-content\/uploads\/2020\/01\/E75645C5-3875-4D11-BBF0-31053C96F50E-300x225.jpeg\" alt=\"\" width=\"300\" height=\"225\" srcset=\"https:\/\/www.jimmy2.ch\/worldpress\/wp-content\/uploads\/2020\/01\/E75645C5-3875-4D11-BBF0-31053C96F50E-300x225.jpeg 300w, https:\/\/www.jimmy2.ch\/worldpress\/wp-content\/uploads\/2020\/01\/E75645C5-3875-4D11-BBF0-31053C96F50E-1024x768.jpeg 1024w, https:\/\/www.jimmy2.ch\/worldpress\/wp-content\/uploads\/2020\/01\/E75645C5-3875-4D11-BBF0-31053C96F50E-768x576.jpeg 768w, https:\/\/www.jimmy2.ch\/worldpress\/wp-content\/uploads\/2020\/01\/E75645C5-3875-4D11-BBF0-31053C96F50E-1536x1152.jpeg 1536w, https:\/\/www.jimmy2.ch\/worldpress\/wp-content\/uploads\/2020\/01\/E75645C5-3875-4D11-BBF0-31053C96F50E-2048x1536.jpeg 2048w\" sizes=\"auto, (max-width: 300px) 100vw, 300px\" \/><\/p>\n<p>Frisch gest\u00e4rkt spazieren wir in der Altstadt herum. Christa kauft ein Geschenk f\u00fcr &#8230;&#8230; Die Zeit ist schnell vergangen und wir machen uns auf den Heimweg.<\/p>\n<p><img loading=\"lazy\" decoding=\"async\" class=\"aligncenter size-medium wp-image-5356\" src=\"https:\/\/www.jimmy2.ch\/worldpress\/wp-content\/uploads\/2020\/01\/58F2B065-FA19-4C7C-8C9E-041BF412C129-300x225.jpeg\" alt=\"\" width=\"300\" height=\"225\" srcset=\"https:\/\/www.jimmy2.ch\/worldpress\/wp-content\/uploads\/2020\/01\/58F2B065-FA19-4C7C-8C9E-041BF412C129-300x225.jpeg 300w, https:\/\/www.jimmy2.ch\/worldpress\/wp-content\/uploads\/2020\/01\/58F2B065-FA19-4C7C-8C9E-041BF412C129-1024x768.jpeg 1024w, https:\/\/www.jimmy2.ch\/worldpress\/wp-content\/uploads\/2020\/01\/58F2B065-FA19-4C7C-8C9E-041BF412C129-768x576.jpeg 768w, https:\/\/www.jimmy2.ch\/worldpress\/wp-content\/uploads\/2020\/01\/58F2B065-FA19-4C7C-8C9E-041BF412C129-1536x1152.jpeg 1536w, https:\/\/www.jimmy2.ch\/worldpress\/wp-content\/uploads\/2020\/01\/58F2B065-FA19-4C7C-8C9E-041BF412C129-2048x1536.jpeg 2048w\" sizes=\"auto, (max-width: 300px) 100vw, 300px\" \/><\/p>\n<p><img loading=\"lazy\" decoding=\"async\" class=\"aligncenter size-medium wp-image-5357\" src=\"https:\/\/www.jimmy2.ch\/worldpress\/wp-content\/uploads\/2020\/01\/3DEC779C-9901-431E-B78C-5FB8DC38266E-300x225.jpeg\" alt=\"\" width=\"300\" height=\"225\" srcset=\"https:\/\/www.jimmy2.ch\/worldpress\/wp-content\/uploads\/2020\/01\/3DEC779C-9901-431E-B78C-5FB8DC38266E-300x225.jpeg 300w, https:\/\/www.jimmy2.ch\/worldpress\/wp-content\/uploads\/2020\/01\/3DEC779C-9901-431E-B78C-5FB8DC38266E-1024x768.jpeg 1024w, https:\/\/www.jimmy2.ch\/worldpress\/wp-content\/uploads\/2020\/01\/3DEC779C-9901-431E-B78C-5FB8DC38266E-768x576.jpeg 768w, https:\/\/www.jimmy2.ch\/worldpress\/wp-content\/uploads\/2020\/01\/3DEC779C-9901-431E-B78C-5FB8DC38266E-1536x1152.jpeg 1536w, https:\/\/www.jimmy2.ch\/worldpress\/wp-content\/uploads\/2020\/01\/3DEC779C-9901-431E-B78C-5FB8DC38266E-2048x1536.jpeg 2048w\" sizes=\"auto, (max-width: 300px) 100vw, 300px\" \/><\/p>\n<p><img loading=\"lazy\" decoding=\"async\" class=\"aligncenter size-medium wp-image-5358\" src=\"https:\/\/www.jimmy2.ch\/worldpress\/wp-content\/uploads\/2020\/01\/3D938895-8F21-4F46-B03D-743E8073A451-300x225.jpeg\" alt=\"\" width=\"300\" height=\"225\" srcset=\"https:\/\/www.jimmy2.ch\/worldpress\/wp-content\/uploads\/2020\/01\/3D938895-8F21-4F46-B03D-743E8073A451-300x225.jpeg 300w, https:\/\/www.jimmy2.ch\/worldpress\/wp-content\/uploads\/2020\/01\/3D938895-8F21-4F46-B03D-743E8073A451-1024x768.jpeg 1024w, https:\/\/www.jimmy2.ch\/worldpress\/wp-content\/uploads\/2020\/01\/3D938895-8F21-4F46-B03D-743E8073A451-768x576.jpeg 768w, https:\/\/www.jimmy2.ch\/worldpress\/wp-content\/uploads\/2020\/01\/3D938895-8F21-4F46-B03D-743E8073A451-1536x1152.jpeg 1536w, https:\/\/www.jimmy2.ch\/worldpress\/wp-content\/uploads\/2020\/01\/3D938895-8F21-4F46-B03D-743E8073A451-2048x1536.jpeg 2048w\" sizes=\"auto, (max-width: 300px) 100vw, 300px\" \/><\/p>\n<p>Vor dem Parkplatz steht ein Schild: Lavanderia.<br \/>\nWir sind zwar erst eine Woche unterwegs aber nach dem heutigen Duschen ist der W\u00e4schesack voll. Ich gehe mal schauen. Macht einen guten Eindruck. Also zur\u00fcck Christa und den W\u00e4schesack holen. Die 14 kg Maschine ist besetzt. Wir f\u00fcllen die 19 kg Maschine &#8211; Kostenpunkt 6.50 Euro. Nach 33 Minuten folgt der Trockner f\u00fcr 26 Minuten \/ 3.80 Euro.<\/p>\n<p><img loading=\"lazy\" decoding=\"async\" class=\"aligncenter size-medium wp-image-5362\" src=\"https:\/\/www.jimmy2.ch\/worldpress\/wp-content\/uploads\/2020\/01\/F4B5EC9A-3836-4E33-BACD-55235C7E93AA-300x225.jpeg\" alt=\"\" width=\"300\" height=\"225\" srcset=\"https:\/\/www.jimmy2.ch\/worldpress\/wp-content\/uploads\/2020\/01\/F4B5EC9A-3836-4E33-BACD-55235C7E93AA-300x225.jpeg 300w, https:\/\/www.jimmy2.ch\/worldpress\/wp-content\/uploads\/2020\/01\/F4B5EC9A-3836-4E33-BACD-55235C7E93AA-1024x769.jpeg 1024w, https:\/\/www.jimmy2.ch\/worldpress\/wp-content\/uploads\/2020\/01\/F4B5EC9A-3836-4E33-BACD-55235C7E93AA-768x577.jpeg 768w, https:\/\/www.jimmy2.ch\/worldpress\/wp-content\/uploads\/2020\/01\/F4B5EC9A-3836-4E33-BACD-55235C7E93AA-1536x1154.jpeg 1536w, https:\/\/www.jimmy2.ch\/worldpress\/wp-content\/uploads\/2020\/01\/F4B5EC9A-3836-4E33-BACD-55235C7E93AA-2048x1539.jpeg 2048w\" sizes=\"auto, (max-width: 300px) 100vw, 300px\" \/><\/p>\n<p>Christa ist mit dem Ergebnis zu frieden und das will was heissen. Inzwischen hat auch der Regen nachgelassen der um halb neun angefangen hat.<\/p>\n<p>So geht wieder ein Ferientag zu Ende.<\/p>\n<p><img loading=\"lazy\" decoding=\"async\" class=\"aligncenter size-medium wp-image-5361\" src=\"https:\/\/www.jimmy2.ch\/worldpress\/wp-content\/uploads\/2020\/01\/9573F5F6-55B2-4FAC-B98E-56AF8AEC5952-225x300.jpeg\" alt=\"\" width=\"225\" height=\"300\" srcset=\"https:\/\/www.jimmy2.ch\/worldpress\/wp-content\/uploads\/2020\/01\/9573F5F6-55B2-4FAC-B98E-56AF8AEC5952-225x300.jpeg 225w, https:\/\/www.jimmy2.ch\/worldpress\/wp-content\/uploads\/2020\/01\/9573F5F6-55B2-4FAC-B98E-56AF8AEC5952-768x1024.jpeg 768w, https:\/\/www.jimmy2.ch\/worldpress\/wp-content\/uploads\/2020\/01\/9573F5F6-55B2-4FAC-B98E-56AF8AEC5952-1152x1536.jpeg 1152w, https:\/\/www.jimmy2.ch\/worldpress\/wp-content\/uploads\/2020\/01\/9573F5F6-55B2-4FAC-B98E-56AF8AEC5952.jpeg 1242w\" sizes=\"auto, (max-width: 225px) 100vw, 225px\" \/><\/p>\n<p><img loading=\"lazy\" decoding=\"async\" class=\"aligncenter size-medium wp-image-5360\" src=\"https:\/\/www.jimmy2.ch\/worldpress\/wp-content\/uploads\/2020\/01\/82E3496C-BBD7-4F04-BF69-D12735C2411B-300x98.jpeg\" alt=\"\" width=\"300\" height=\"98\" srcset=\"https:\/\/www.jimmy2.ch\/worldpress\/wp-content\/uploads\/2020\/01\/82E3496C-BBD7-4F04-BF69-D12735C2411B-300x98.jpeg 300w, https:\/\/www.jimmy2.ch\/worldpress\/wp-content\/uploads\/2020\/01\/82E3496C-BBD7-4F04-BF69-D12735C2411B-1024x333.jpeg 1024w, https:\/\/www.jimmy2.ch\/worldpress\/wp-content\/uploads\/2020\/01\/82E3496C-BBD7-4F04-BF69-D12735C2411B-768x250.jpeg 768w, https:\/\/www.jimmy2.ch\/worldpress\/wp-content\/uploads\/2020\/01\/82E3496C-BBD7-4F04-BF69-D12735C2411B.jpeg 1242w\" sizes=\"auto, (max-width: 300px) 100vw, 300px\" \/><\/p>\n<p><img loading=\"lazy\" decoding=\"async\" class=\"aligncenter size-medium wp-image-5359\" src=\"https:\/\/www.jimmy2.ch\/worldpress\/wp-content\/uploads\/2020\/01\/F99166D2-ABF3-4602-8584-3DA430B4EB23-187x300.jpeg\" alt=\"\" width=\"187\" height=\"300\" srcset=\"https:\/\/www.jimmy2.ch\/worldpress\/wp-content\/uploads\/2020\/01\/F99166D2-ABF3-4602-8584-3DA430B4EB23-187x300.jpeg 187w, https:\/\/www.jimmy2.ch\/worldpress\/wp-content\/uploads\/2020\/01\/F99166D2-ABF3-4602-8584-3DA430B4EB23-637x1024.jpeg 637w, https:\/\/www.jimmy2.ch\/worldpress\/wp-content\/uploads\/2020\/01\/F99166D2-ABF3-4602-8584-3DA430B4EB23-768x1234.jpeg 768w, https:\/\/www.jimmy2.ch\/worldpress\/wp-content\/uploads\/2020\/01\/F99166D2-ABF3-4602-8584-3DA430B4EB23-956x1536.jpeg 956w, https:\/\/www.jimmy2.ch\/worldpress\/wp-content\/uploads\/2020\/01\/F99166D2-ABF3-4602-8584-3DA430B4EB23.jpeg 1242w\" sizes=\"auto, (max-width: 187px) 100vw, 187px\" \/><\/p>\n","protected":false},"excerpt":{"rendered":"<p>Mittwoch 22. Januar 2020 Foz &#8211; Santiago de Compostela 168 km 3 3\/4 Stunden unterwegs Stellplatz Santiago de Compostela 3.50 Euro als Eintritt bis 20 Uhr + 12 Euro f\u00fcr die Nacht + 3 Euro f\u00fcr Wasser Wetter: starker Wind, &hellip; <a href=\"https:\/\/www.jimmy2.ch\/worldpress\/2020\/01\/22\/foz-santiago-de-compostela\/\">Continue reading <span class=\"meta-nav\">&rarr;<\/span><\/a><\/p>\n","protected":false},"author":1,"featured_media":0,"comment_status":"open","ping_status":"open","sticky":false,"template":"","format":"standard","meta":{"footnotes":""},"categories":[62],"tags":[333,335,101,218],"class_list":["post-5321","post","type-post","status-publish","format-standard","hentry","category-spanien","tag-foz","tag-santiago-de-compostela","tag-spanien","tag-waesche-waschen"],"_links":{"self":[{"href":"https:\/\/www.jimmy2.ch\/worldpress\/wp-json\/wp\/v2\/posts\/5321","targetHints":{"allow":["GET"]}}],"collection":[{"href":"https:\/\/www.jimmy2.ch\/worldpress\/wp-json\/wp\/v2\/posts"}],"about":[{"href":"https:\/\/www.jimmy2.ch\/worldpress\/wp-json\/wp\/v2\/types\/post"}],"author":[{"embeddable":true,"href":"https:\/\/www.jimmy2.ch\/worldpress\/wp-json\/wp\/v2\/users\/1"}],"replies":[{"embeddable":true,"href":"https:\/\/www.jimmy2.ch\/worldpress\/wp-json\/wp\/v2\/comments?post=5321"}],"version-history":[{"count":2,"href":"https:\/\/www.jimmy2.ch\/worldpress\/wp-json\/wp\/v2\/posts\/5321\/revisions"}],"predecessor-version":[{"id":5365,"href":"https:\/\/www.jimmy2.ch\/worldpress\/wp-json\/wp\/v2\/posts\/5321\/revisions\/5365"}],"wp:attachment":[{"href":"https:\/\/www.jimmy2.ch\/worldpress\/wp-json\/wp\/v2\/media?parent=5321"}],"wp:term":[{"taxonomy":"category","embeddable":true,"href":"https:\/\/www.jimmy2.ch\/worldpress\/wp-json\/wp\/v2\/categories?post=5321"},{"taxonomy":"post_tag","embeddable":true,"href":"https:\/\/www.jimmy2.ch\/worldpress\/wp-json\/wp\/v2\/tags?post=5321"}],"curies":[{"name":"wp","href":"https:\/\/api.w.org\/{rel}","templated":true}]}}