{"id":523,"date":"2017-02-06T22:03:29","date_gmt":"2017-02-06T21:03:29","guid":{"rendered":"http:\/\/www.jimmy2.ch\/worldpress\/?p=523"},"modified":"2021-12-12T21:15:28","modified_gmt":"2021-12-12T19:15:28","slug":"wir-erreichen-calpe","status":"publish","type":"post","link":"https:\/\/www.jimmy2.ch\/worldpress\/2017\/02\/06\/wir-erreichen-calpe\/","title":{"rendered":"Wir erreichen Calpe"},"content":{"rendered":"<h4 style=\"text-align: center;\">Montag 6. Februar 2017<\/h4>\n<p style=\"text-align: center;\">El Saler &#8211; Calpe \/ 125km<br \/>\n8\u00b0 windig sonnig \/ bew\u00f6lkt ca. 18\u00b0C<\/p>\n<p>Auf dem Stellplatz in El Saler haben wir gut geschlafen.<\/p>\n<p>Als ich um 8 Uhr die T\u00fcre \u00f6ffne und mit Jimmy nach draussen schaue weht uns eine kalte Biese in die Gesichter. Wir spazieren nach El Saler und wollen Br\u00f6tchen f\u00fcrs Fr\u00fchst\u00fcck kaufen. Pech gehabt. Das quirlige St\u00e4dtchen von gestern ist heute wie ausgestorben. Wieder zur\u00fcck im Wohnmobil backen wir Br\u00f6tchen auf.<\/p>\n<p>Dann einmal mehr alles f\u00fcr die Weiterfahrt parat machen. Wir wollen nach Calpe. Wieder ein paar Kilometer n\u00e4her an unser Endziel Benidorm.<\/p>\n<p>Da wir nicht wissen was uns in Calpe erwartet entleeren wir alle unsere Tanks und machen den Frischwassertank randvoll. Ich bezahle die 11 Euro f\u00fcr die Nacht und um 10.30 Uhr verlassen wir den Stellplatz.<\/p>\n<p>Wir fahren so gut es geht der K\u00fcste entlang und erfreuen uns an der sch\u00f6nen Landschaft. Die Stadt Cullera gef\u00e4llt uns so gut , dass wir am letzten Kreisel von Cullera Richtung Strand abbiegen. Christa will ein paar Fotos machen. In einer Sackgasse sehen wir mehrere Dutzend Wohnmobile stehen. Viele auf dem freien Feld. Wir stellen uns dazu und kommen mit einer Schweizerin ins Gespr\u00e4ch. Sie und Ihr Mann stehen schon l\u00e4nger hier.<\/p>\n<p><a href=\"https:\/\/www.jimmy2.ch\/worldpress\/wp-content\/uploads\/2017\/02\/IMG_6605.jpg\"><img loading=\"lazy\" decoding=\"async\" class=\"size-medium wp-image-592 aligncenter\" src=\"https:\/\/www.jimmy2.ch\/worldpress\/wp-content\/uploads\/2017\/02\/IMG_6605-300x225.jpg\" alt=\"\" width=\"300\" height=\"225\" srcset=\"https:\/\/www.jimmy2.ch\/worldpress\/wp-content\/uploads\/2017\/02\/IMG_6605-300x225.jpg 300w, https:\/\/www.jimmy2.ch\/worldpress\/wp-content\/uploads\/2017\/02\/IMG_6605-768x576.jpg 768w, https:\/\/www.jimmy2.ch\/worldpress\/wp-content\/uploads\/2017\/02\/IMG_6605-1024x768.jpg 1024w\" sizes=\"auto, (max-width: 300px) 100vw, 300px\" \/><\/a><\/p>\n<p><a href=\"https:\/\/www.jimmy2.ch\/worldpress\/wp-content\/uploads\/2017\/02\/IMG_6606.jpg\"><img loading=\"lazy\" decoding=\"async\" class=\"size-medium wp-image-593 aligncenter\" src=\"https:\/\/www.jimmy2.ch\/worldpress\/wp-content\/uploads\/2017\/02\/IMG_6606-300x225.jpg\" alt=\"\" width=\"300\" height=\"225\" srcset=\"https:\/\/www.jimmy2.ch\/worldpress\/wp-content\/uploads\/2017\/02\/IMG_6606-300x225.jpg 300w, https:\/\/www.jimmy2.ch\/worldpress\/wp-content\/uploads\/2017\/02\/IMG_6606-768x576.jpg 768w, https:\/\/www.jimmy2.ch\/worldpress\/wp-content\/uploads\/2017\/02\/IMG_6606-1024x768.jpg 1024w\" sizes=\"auto, (max-width: 300px) 100vw, 300px\" \/><\/a><\/p>\n<p>Dann geht es weiter. Wir brauchen noch Diesel. Ich tanke ab und zu Premium Qualit\u00e4t. In der Zeitschrift ProMobil habe ich gelesen, dass man seinem Antrieb ab und zu h\u00f6herwertigen Diesel g\u00f6nnen soll. Die Preisdifferenz hier in Spanien ist nicht so grtoss. Wir kaufen auch noch Br\u00f6tchen f\u00fcr den Z\u2019Mittag.<\/p>\n<p>Gegen 13.30 Uhr treffen wir in Calpe ein.<\/p>\n<p><a href=\"https:\/\/www.jimmy2.ch\/worldpress\/wp-content\/uploads\/2017\/02\/IMG_6622.png\"><img loading=\"lazy\" decoding=\"async\" class=\"size-medium wp-image-602 aligncenter\" src=\"https:\/\/www.jimmy2.ch\/worldpress\/wp-content\/uploads\/2017\/02\/IMG_6622-169x300.png\" alt=\"\" width=\"169\" height=\"300\" srcset=\"https:\/\/www.jimmy2.ch\/worldpress\/wp-content\/uploads\/2017\/02\/IMG_6622-169x300.png 169w, https:\/\/www.jimmy2.ch\/worldpress\/wp-content\/uploads\/2017\/02\/IMG_6622-577x1024.png 577w, https:\/\/www.jimmy2.ch\/worldpress\/wp-content\/uploads\/2017\/02\/IMG_6622.png 640w\" sizes=\"auto, (max-width: 169px) 100vw, 169px\" \/><\/a>Und schon sehen wir sie. Die vielen Wohnmobile die den Strassen entlang parkieren. Der 1. Stellplatz den wir anfahren ist ausgebucht. Auch der 2. ist voll. So stelle ich mich auch&nbsp; zu vielen die hier schon am Strassenrand stehen. Das gef\u00e4llt Christa aber nicht.<\/p>\n<p>Bei der Durchfahrt haben wir gesehen, dass beim Lidl auf einer Wiese ein paar Wohnmobile stehen. So fahren wir dorthin und stellen uns dazu. Nach kurzer interner Diskussion finden wir ein geeignetes Pl\u00e4tzchen f\u00fcr uns.<\/p>\n<p><a href=\"https:\/\/www.jimmy2.ch\/worldpress\/wp-content\/uploads\/2017\/02\/IMG_6607.jpg\"><img loading=\"lazy\" decoding=\"async\" class=\"size-medium wp-image-594 aligncenter\" src=\"https:\/\/www.jimmy2.ch\/worldpress\/wp-content\/uploads\/2017\/02\/IMG_6607-300x225.jpg\" alt=\"\" width=\"300\" height=\"225\" srcset=\"https:\/\/www.jimmy2.ch\/worldpress\/wp-content\/uploads\/2017\/02\/IMG_6607-300x225.jpg 300w, https:\/\/www.jimmy2.ch\/worldpress\/wp-content\/uploads\/2017\/02\/IMG_6607-768x576.jpg 768w, https:\/\/www.jimmy2.ch\/worldpress\/wp-content\/uploads\/2017\/02\/IMG_6607-1024x768.jpg 1024w\" sizes=\"auto, (max-width: 300px) 100vw, 300px\" \/><\/a><\/p>\n<p><a href=\"https:\/\/www.jimmy2.ch\/worldpress\/wp-content\/uploads\/2017\/02\/IMG_6608.jpg\"><img loading=\"lazy\" decoding=\"async\" class=\"size-medium wp-image-595 aligncenter\" src=\"https:\/\/www.jimmy2.ch\/worldpress\/wp-content\/uploads\/2017\/02\/IMG_6608-300x225.jpg\" alt=\"\" width=\"300\" height=\"225\" srcset=\"https:\/\/www.jimmy2.ch\/worldpress\/wp-content\/uploads\/2017\/02\/IMG_6608-300x225.jpg 300w, https:\/\/www.jimmy2.ch\/worldpress\/wp-content\/uploads\/2017\/02\/IMG_6608-768x576.jpg 768w, https:\/\/www.jimmy2.ch\/worldpress\/wp-content\/uploads\/2017\/02\/IMG_6608-1024x768.jpg 1024w\" sizes=\"auto, (max-width: 300px) 100vw, 300px\" \/><\/a><\/p>\n<p><a href=\"https:\/\/www.jimmy2.ch\/worldpress\/wp-content\/uploads\/2017\/02\/IMG_6609.jpg\"><img loading=\"lazy\" decoding=\"async\" class=\"size-medium wp-image-596 aligncenter\" src=\"https:\/\/www.jimmy2.ch\/worldpress\/wp-content\/uploads\/2017\/02\/IMG_6609-300x225.jpg\" alt=\"\" width=\"300\" height=\"225\" srcset=\"https:\/\/www.jimmy2.ch\/worldpress\/wp-content\/uploads\/2017\/02\/IMG_6609-300x225.jpg 300w, https:\/\/www.jimmy2.ch\/worldpress\/wp-content\/uploads\/2017\/02\/IMG_6609-768x576.jpg 768w, https:\/\/www.jimmy2.ch\/worldpress\/wp-content\/uploads\/2017\/02\/IMG_6609-1024x768.jpg 1024w\" sizes=\"auto, (max-width: 300px) 100vw, 300px\" \/><\/a><\/p>\n<p style=\"text-align: center;\">2 Tage k\u00f6nnen wir hier \u00ab\u00fcberleben\u00bb.<\/p>\n<p style=\"text-align: center;\">Wir essen etwas Kleines und dann geht es runter zum Meer.<\/p>\n<p><a href=\"https:\/\/www.jimmy2.ch\/worldpress\/wp-content\/uploads\/2017\/02\/IMG_6610.jpg\"><img loading=\"lazy\" decoding=\"async\" class=\"size-medium wp-image-597 aligncenter\" src=\"https:\/\/www.jimmy2.ch\/worldpress\/wp-content\/uploads\/2017\/02\/IMG_6610-300x225.jpg\" alt=\"\" width=\"300\" height=\"225\" srcset=\"https:\/\/www.jimmy2.ch\/worldpress\/wp-content\/uploads\/2017\/02\/IMG_6610-300x225.jpg 300w, https:\/\/www.jimmy2.ch\/worldpress\/wp-content\/uploads\/2017\/02\/IMG_6610-768x576.jpg 768w, https:\/\/www.jimmy2.ch\/worldpress\/wp-content\/uploads\/2017\/02\/IMG_6610-1024x768.jpg 1024w\" sizes=\"auto, (max-width: 300px) 100vw, 300px\" \/><\/a><\/p>\n<p style=\"text-align: center;\">Das ist fussl\u00e4ufig gut zu erreichen. Wir gehen nach links.<\/p>\n<p><a href=\"https:\/\/www.jimmy2.ch\/worldpress\/wp-content\/uploads\/2017\/02\/IMG_6611.jpg\"><img loading=\"lazy\" decoding=\"async\" class=\"size-medium wp-image-598 aligncenter\" src=\"https:\/\/www.jimmy2.ch\/worldpress\/wp-content\/uploads\/2017\/02\/IMG_6611-300x225.jpg\" alt=\"\" width=\"300\" height=\"225\" srcset=\"https:\/\/www.jimmy2.ch\/worldpress\/wp-content\/uploads\/2017\/02\/IMG_6611-300x225.jpg 300w, https:\/\/www.jimmy2.ch\/worldpress\/wp-content\/uploads\/2017\/02\/IMG_6611-768x576.jpg 768w, https:\/\/www.jimmy2.ch\/worldpress\/wp-content\/uploads\/2017\/02\/IMG_6611-1024x768.jpg 1024w\" sizes=\"auto, (max-width: 300px) 100vw, 300px\" \/><\/a><\/p>\n<p><a href=\"https:\/\/www.jimmy2.ch\/worldpress\/wp-content\/uploads\/2017\/02\/IMG_6612.jpg\"><img loading=\"lazy\" decoding=\"async\" class=\"size-medium wp-image-599 aligncenter\" src=\"https:\/\/www.jimmy2.ch\/worldpress\/wp-content\/uploads\/2017\/02\/IMG_6612-300x225.jpg\" alt=\"\" width=\"300\" height=\"225\" srcset=\"https:\/\/www.jimmy2.ch\/worldpress\/wp-content\/uploads\/2017\/02\/IMG_6612-300x225.jpg 300w, https:\/\/www.jimmy2.ch\/worldpress\/wp-content\/uploads\/2017\/02\/IMG_6612-768x576.jpg 768w, https:\/\/www.jimmy2.ch\/worldpress\/wp-content\/uploads\/2017\/02\/IMG_6612-1024x768.jpg 1024w\" sizes=\"auto, (max-width: 300px) 100vw, 300px\" \/><\/a><\/p>\n<p>Auch hier ist nicht gerade viel los. Schliesslich finden wir aber doch noch eine Ecke am Hafen wo einige Restaurants offen sind. Auch wir trinken etwas.<\/p>\n<p>Da der Lidl hier bis 21.30 Uhr offen hat m\u00fcssen wir uns mit dem Einkaufen nicht beeilen. Zwischenzeitlich treffen noch andere Wohnmobile bei uns ein. Aber voll wird der Platz nicht.<\/p>\n<p><a href=\"https:\/\/www.jimmy2.ch\/worldpress\/wp-content\/uploads\/2017\/02\/IMG_6616.jpg\"><img loading=\"lazy\" decoding=\"async\" class=\"size-medium wp-image-601 aligncenter\" src=\"https:\/\/www.jimmy2.ch\/worldpress\/wp-content\/uploads\/2017\/02\/IMG_6616-300x225.jpg\" alt=\"\" width=\"300\" height=\"225\" srcset=\"https:\/\/www.jimmy2.ch\/worldpress\/wp-content\/uploads\/2017\/02\/IMG_6616-300x225.jpg 300w, https:\/\/www.jimmy2.ch\/worldpress\/wp-content\/uploads\/2017\/02\/IMG_6616-768x576.jpg 768w, https:\/\/www.jimmy2.ch\/worldpress\/wp-content\/uploads\/2017\/02\/IMG_6616-1024x768.jpg 1024w\" sizes=\"auto, (max-width: 300px) 100vw, 300px\" \/><\/a><\/p>\n<p>Nach dem Einkaufen macht Christa einen Wurstsalat mit Lyoner. Dann schauen wir den Montags-Krimi im TV.<\/p>\n<p><a href=\"https:\/\/www.jimmy2.ch\/worldpress\/wp-content\/uploads\/2017\/02\/IMG_6614.jpg\"><img loading=\"lazy\" decoding=\"async\" class=\"size-medium wp-image-600 aligncenter\" src=\"https:\/\/www.jimmy2.ch\/worldpress\/wp-content\/uploads\/2017\/02\/IMG_6614-300x225.jpg\" alt=\"\" width=\"300\" height=\"225\" srcset=\"https:\/\/www.jimmy2.ch\/worldpress\/wp-content\/uploads\/2017\/02\/IMG_6614-300x225.jpg 300w, https:\/\/www.jimmy2.ch\/worldpress\/wp-content\/uploads\/2017\/02\/IMG_6614-768x576.jpg 768w, https:\/\/www.jimmy2.ch\/worldpress\/wp-content\/uploads\/2017\/02\/IMG_6614-1024x768.jpg 1024w\" sizes=\"auto, (max-width: 300px) 100vw, 300px\" \/><\/a><\/p>\n<p style=\"text-align: center;\">Draussen ist mit 14\u00b0C noch angenehm warm.<\/p>\n<p style=\"text-align: center;\">Noch etwas lesen und dann ist bei uns lichterl\u00f6schen.<\/p>\n<p style=\"text-align: center;\"><a href=\"https:\/\/www.google.ch\/maps\/dir\/Area+Campingcar+La+Marina,+GVA+Oficina+de+Gesti%C3%B3n+T%C3%A9cnica.,+Carrera+del+Riu,+556,+46012+Val%C3%A8ncia,+Spanien\/Supermercado+Lidl,+Avda.+Rumania,+9,+03710+Calpe,+Alicante,+Spanien\/@39.0125462,-0.2159628,9.75z\/data=!4m27!4m26!1m15!1m1!1s0xd604a341bbed6f1:0xb3388abdd2c6ff27!2m2!1d-0.3328699!2d39.3866862!3m4!1m2!1d0.058592!2d38.656747!3s0x129e00a174636603:0x8bf0f98d5a9f0b66!3m4!1m2!1d0.05001!2d38.6461807!3s0x129dfe2448e5572f:0x79a00881dcad05b4!1m5!1m1!1s0x129dfe2feb097981:0x301d3ee6728518ea!2m2!1d0.0615263!2d38.6457006!2m2!1b1!2b1!3e0\" target=\"_blank\" rel=\"noopener\"><strong>Unsere heutige Strecke<\/strong><\/a><\/p>\n<p style=\"text-align: center;\"><a href=\"https:\/\/www.google.ch\/maps\/dir\/38.6448609,0.0623414\/\/@38.6448359,0.0621988,315m\/data=!3m1!1e3!4m5!4m4!2m2!1b1!2b1!3e0\" target=\"_blank\" rel=\"noopener\"><strong>Unser heutiger Standort<\/strong><\/a><\/p>\n","protected":false},"excerpt":{"rendered":"<p>Montag 6. Februar 2017 El Saler &#8211; Calpe \/ 125km 8\u00b0 windig sonnig \/ bew\u00f6lkt ca. 18\u00b0C Auf dem Stellplatz in El Saler haben wir gut geschlafen. Als ich um 8 Uhr die T\u00fcre \u00f6ffne und mit Jimmy nach draussen &hellip; <a href=\"https:\/\/www.jimmy2.ch\/worldpress\/2017\/02\/06\/wir-erreichen-calpe\/\">Continue reading <span class=\"meta-nav\">&rarr;<\/span><\/a><\/p>\n","protected":false},"author":1,"featured_media":0,"comment_status":"closed","ping_status":"open","sticky":false,"template":"","format":"standard","meta":{"footnotes":""},"categories":[62,70],"tags":[25,26],"class_list":["post-523","post","type-post","status-publish","format-standard","hentry","category-spanien","category-spanien2017","tag-calp","tag-calpe"],"_links":{"self":[{"href":"https:\/\/www.jimmy2.ch\/worldpress\/wp-json\/wp\/v2\/posts\/523","targetHints":{"allow":["GET"]}}],"collection":[{"href":"https:\/\/www.jimmy2.ch\/worldpress\/wp-json\/wp\/v2\/posts"}],"about":[{"href":"https:\/\/www.jimmy2.ch\/worldpress\/wp-json\/wp\/v2\/types\/post"}],"author":[{"embeddable":true,"href":"https:\/\/www.jimmy2.ch\/worldpress\/wp-json\/wp\/v2\/users\/1"}],"replies":[{"embeddable":true,"href":"https:\/\/www.jimmy2.ch\/worldpress\/wp-json\/wp\/v2\/comments?post=523"}],"version-history":[{"count":4,"href":"https:\/\/www.jimmy2.ch\/worldpress\/wp-json\/wp\/v2\/posts\/523\/revisions"}],"predecessor-version":[{"id":12316,"href":"https:\/\/www.jimmy2.ch\/worldpress\/wp-json\/wp\/v2\/posts\/523\/revisions\/12316"}],"wp:attachment":[{"href":"https:\/\/www.jimmy2.ch\/worldpress\/wp-json\/wp\/v2\/media?parent=523"}],"wp:term":[{"taxonomy":"category","embeddable":true,"href":"https:\/\/www.jimmy2.ch\/worldpress\/wp-json\/wp\/v2\/categories?post=523"},{"taxonomy":"post_tag","embeddable":true,"href":"https:\/\/www.jimmy2.ch\/worldpress\/wp-json\/wp\/v2\/tags?post=523"}],"curies":[{"name":"wp","href":"https:\/\/api.w.org\/{rel}","templated":true}]}}