{"id":5016,"date":"2019-12-23T22:16:00","date_gmt":"2019-12-23T21:16:00","guid":{"rendered":"http:\/\/www.jimmy2.ch\/worldpress\/?p=5016"},"modified":"2019-12-26T09:26:23","modified_gmt":"2019-12-26T08:26:23","slug":"st-maxime-tag-1","status":"publish","type":"post","link":"https:\/\/www.jimmy2.ch\/worldpress\/2019\/12\/23\/st-maxime-tag-1\/","title":{"rendered":"St. Maxime Tag 1"},"content":{"rendered":"<p>Montag 23. Dezember 2019<br \/>\nMotorhome Aire St. Maxime Tag 1<br \/>\n5 Euro \/ Nacht V+E gratis jedoch vor der Einfahrt<br \/>\nWetter: sonnig 9 &#8211; 12 Grad \/ st\u00fcrmisch<\/p>\n<p>Als wir um 9 Uhr aufstehen scheint schon die Sonne. Leider st\u00f6rt der starke Wind &#8211; deswegen kommt auch kein \u201eW\u00e4rmegef\u00fchl\u201c auf.<\/p>\n<p><img loading=\"lazy\" decoding=\"async\" class=\"aligncenter size-medium wp-image-4982\" src=\"https:\/\/www.jimmy2.ch\/worldpress\/wp-content\/uploads\/2019\/12\/AD449D92-2175-4B95-AFB1-EAF51BED1A6A-300x225.jpeg\" alt=\"\" width=\"300\" height=\"225\" srcset=\"https:\/\/www.jimmy2.ch\/worldpress\/wp-content\/uploads\/2019\/12\/AD449D92-2175-4B95-AFB1-EAF51BED1A6A-300x225.jpeg 300w, https:\/\/www.jimmy2.ch\/worldpress\/wp-content\/uploads\/2019\/12\/AD449D92-2175-4B95-AFB1-EAF51BED1A6A-1024x768.jpeg 1024w, https:\/\/www.jimmy2.ch\/worldpress\/wp-content\/uploads\/2019\/12\/AD449D92-2175-4B95-AFB1-EAF51BED1A6A-768x576.jpeg 768w, https:\/\/www.jimmy2.ch\/worldpress\/wp-content\/uploads\/2019\/12\/AD449D92-2175-4B95-AFB1-EAF51BED1A6A-1536x1152.jpeg 1536w, https:\/\/www.jimmy2.ch\/worldpress\/wp-content\/uploads\/2019\/12\/AD449D92-2175-4B95-AFB1-EAF51BED1A6A-2048x1536.jpeg 2048w\" sizes=\"auto, (max-width: 300px) 100vw, 300px\" \/><\/p>\n<p>In der nahen Boulangerie hole ich Brot f\u00fcr\u2018s Fr\u00fchst\u00fcck. Heute kommt der Roller wieder einmal zum Einsatz. Seit anfangs September fuhr der einfach so mit uns mit. Kurz vor ein Uhr fahren wir nach St. Maxime hinunter. Spazieren etwas an der Promenade entlang und gehen dann ins Le W etwas essen.<\/p>\n\n<div class='gallery'><dl class='gallery-item'>\n\t\t\t<dt class='gallery-icon landscape'>\n\t\t\t\t<a href='https:\/\/www.jimmy2.ch\/worldpress\/60829cbf-80b5-48dd-b11b-838e1ee9f6d5\/'><img loading=\"lazy\" decoding=\"async\" width=\"175\" height=\"175\" src=\"https:\/\/www.jimmy2.ch\/worldpress\/wp-content\/uploads\/2019\/12\/60829CBF-80B5-48DD-B11B-838E1EE9F6D5-175x175.jpeg\" class=\"attachment-thumbnail size-thumbnail\" alt=\"\" \/><\/a>\n\t\t\t<\/dt><\/dl><dl class='gallery-item'>\n\t\t\t<dt class='gallery-icon landscape'>\n\t\t\t\t<a href='https:\/\/www.jimmy2.ch\/worldpress\/0d1bf4e1-d948-494d-9e38-9680b0287673\/'><img loading=\"lazy\" decoding=\"async\" width=\"175\" height=\"175\" src=\"https:\/\/www.jimmy2.ch\/worldpress\/wp-content\/uploads\/2019\/12\/0D1BF4E1-D948-494D-9E38-9680B0287673-175x175.jpeg\" class=\"attachment-thumbnail size-thumbnail\" alt=\"\" \/><\/a>\n\t\t\t<\/dt><\/dl><dl class='gallery-item'>\n\t\t\t<dt class='gallery-icon landscape'>\n\t\t\t\t<a href='https:\/\/www.jimmy2.ch\/worldpress\/3bee866b-b955-4769-bc32-7a4e3e1ba233\/'><img loading=\"lazy\" decoding=\"async\" width=\"175\" height=\"175\" src=\"https:\/\/www.jimmy2.ch\/worldpress\/wp-content\/uploads\/2019\/12\/3BEE866B-B955-4769-BC32-7A4E3E1BA233-175x175.jpeg\" class=\"attachment-thumbnail size-thumbnail\" alt=\"\" \/><\/a>\n\t\t\t<\/dt><\/dl><br style=\"clear: both\" \/>\n\t\t<\/div>\n\n<p>Anschliessend versuche ich auf der Post ein kleines Paket aufzugeben. Ohne Erfolg; ich nehme die Etikette mit nach Hause und versuche es morgen nochmals.<\/p>\n<p>Dann fahren wir einkaufen. Wenig f\u00fcr viel Geld gibt es im Carrefour. Da m\u00fcssen wir uns eine g\u00fcnstigere Einkaufsm\u00f6glichkeit suchen.<\/p>\n<p>Es ist nach 17 Uhr als wir zum WoMo zur\u00fcck kommen. Der Wind hat aufgefrischt. Es ist recht frisch und schon am Eindunkeln. Wir verstauen unsere Eink\u00e4ufe und ziehen uns in\u2018s warme Wohnmobil zur\u00fcck.<\/p>\n<p>Der Stellplatz ist gut besucht jedoch nicht voll.<\/p>\n","protected":false},"excerpt":{"rendered":"<p>Montag 23. Dezember 2019 Motorhome Aire St. Maxime Tag 1 5 Euro \/ Nacht V+E gratis jedoch vor der Einfahrt Wetter: sonnig 9 &#8211; 12 Grad \/ st\u00fcrmisch Als wir um 9 Uhr aufstehen scheint schon die Sonne. Leider st\u00f6rt &hellip; <a href=\"https:\/\/www.jimmy2.ch\/worldpress\/2019\/12\/23\/st-maxime-tag-1\/\">Continue reading <span class=\"meta-nav\">&rarr;<\/span><\/a><\/p>\n","protected":false},"author":1,"featured_media":0,"comment_status":"open","ping_status":"open","sticky":false,"template":"","format":"standard","meta":{"footnotes":""},"categories":[69],"tags":[94,119],"class_list":["post-5016","post","type-post","status-publish","format-standard","hentry","category-frankreich","tag-frankreich","tag-st-maxime"],"_links":{"self":[{"href":"https:\/\/www.jimmy2.ch\/worldpress\/wp-json\/wp\/v2\/posts\/5016","targetHints":{"allow":["GET"]}}],"collection":[{"href":"https:\/\/www.jimmy2.ch\/worldpress\/wp-json\/wp\/v2\/posts"}],"about":[{"href":"https:\/\/www.jimmy2.ch\/worldpress\/wp-json\/wp\/v2\/types\/post"}],"author":[{"embeddable":true,"href":"https:\/\/www.jimmy2.ch\/worldpress\/wp-json\/wp\/v2\/users\/1"}],"replies":[{"embeddable":true,"href":"https:\/\/www.jimmy2.ch\/worldpress\/wp-json\/wp\/v2\/comments?post=5016"}],"version-history":[{"count":2,"href":"https:\/\/www.jimmy2.ch\/worldpress\/wp-json\/wp\/v2\/posts\/5016\/revisions"}],"predecessor-version":[{"id":5020,"href":"https:\/\/www.jimmy2.ch\/worldpress\/wp-json\/wp\/v2\/posts\/5016\/revisions\/5020"}],"wp:attachment":[{"href":"https:\/\/www.jimmy2.ch\/worldpress\/wp-json\/wp\/v2\/media?parent=5016"}],"wp:term":[{"taxonomy":"category","embeddable":true,"href":"https:\/\/www.jimmy2.ch\/worldpress\/wp-json\/wp\/v2\/categories?post=5016"},{"taxonomy":"post_tag","embeddable":true,"href":"https:\/\/www.jimmy2.ch\/worldpress\/wp-json\/wp\/v2\/tags?post=5016"}],"curies":[{"name":"wp","href":"https:\/\/api.w.org\/{rel}","templated":true}]}}