{"id":4950,"date":"2019-12-21T21:41:00","date_gmt":"2019-12-21T20:41:00","guid":{"rendered":"http:\/\/www.jimmy2.ch\/worldpress\/?p=4950"},"modified":"2019-12-25T15:54:50","modified_gmt":"2019-12-25T14:54:50","slug":"santo-stefano-al-mare","status":"publish","type":"post","link":"https:\/\/www.jimmy2.ch\/worldpress\/2019\/12\/21\/santo-stefano-al-mare\/","title":{"rendered":"Santo Stefano al Mare"},"content":{"rendered":"<p>Samstag 21. Dezember 2019<br \/>\nSanto Stefano al Mare<br \/>\nWetter: in der Nacht regen \ud83c\udf27 , dann ein Gemisch aus Sonne \ud83c\udf1e und Wolken \u2601\ufe0f 11 &#8211; 17 Grad<\/p>\n<p>Es ist angenehm frisch im Wohnmobil und wir haben gut geschlafen. Um 8 Uhr ist es noch stark bew\u00f6lkt. Aber dann kommt die Sonne.<\/p>\n\n<div class='gallery'><dl class='gallery-item'>\n\t\t\t<dt class='gallery-icon landscape'>\n\t\t\t\t<a href='https:\/\/www.jimmy2.ch\/worldpress\/8d2ab30a-7756-46ff-8b76-ff7d6b7d6062\/'><img loading=\"lazy\" decoding=\"async\" width=\"175\" height=\"175\" src=\"https:\/\/www.jimmy2.ch\/worldpress\/wp-content\/uploads\/2019\/12\/8D2AB30A-7756-46FF-8B76-FF7D6B7D6062-175x175.jpeg\" class=\"attachment-thumbnail size-thumbnail\" alt=\"\" \/><\/a>\n\t\t\t<\/dt><\/dl><dl class='gallery-item'>\n\t\t\t<dt class='gallery-icon landscape'>\n\t\t\t\t<a href='https:\/\/www.jimmy2.ch\/worldpress\/843a3487-3585-4dfb-9448-192cf58a4c61\/'><img loading=\"lazy\" decoding=\"async\" width=\"175\" height=\"175\" src=\"https:\/\/www.jimmy2.ch\/worldpress\/wp-content\/uploads\/2019\/12\/843A3487-3585-4DFB-9448-192CF58A4C61-175x175.jpeg\" class=\"attachment-thumbnail size-thumbnail\" alt=\"\" \/><\/a>\n\t\t\t<\/dt><\/dl>\n\t\t\t<br style='clear: both' \/>\n\t\t<\/div>\n\n<p>Nat\u00fcrlich ist der Himmel nicht wolkenlos. Das w\u00e4re nach 4 Tagen regen zu viel verlangt. Aber die Grundstimmung ist sonnig und freundlich. Das Meer hat sich beruhigt und der Wind ist nicht mehr so st\u00fcrmisch.<\/p>\n\n<div class='gallery'><dl class='gallery-item'>\n\t\t\t<dt class='gallery-icon landscape'>\n\t\t\t\t<a href='https:\/\/www.jimmy2.ch\/worldpress\/8ed023f9-6cc9-4710-90dd-1d53dd451d55\/'><img loading=\"lazy\" decoding=\"async\" width=\"175\" height=\"175\" src=\"https:\/\/www.jimmy2.ch\/worldpress\/wp-content\/uploads\/2019\/12\/8ED023F9-6CC9-4710-90DD-1D53DD451D55-175x175.jpeg\" class=\"attachment-thumbnail size-thumbnail\" alt=\"\" \/><\/a>\n\t\t\t<\/dt><\/dl><dl class='gallery-item'>\n\t\t\t<dt class='gallery-icon landscape'>\n\t\t\t\t<a href='https:\/\/www.jimmy2.ch\/worldpress\/7ee3d87c-81bc-4a51-b82e-bfcf4b084cb1\/'><img loading=\"lazy\" decoding=\"async\" width=\"175\" height=\"175\" src=\"https:\/\/www.jimmy2.ch\/worldpress\/wp-content\/uploads\/2019\/12\/7EE3D87C-81BC-4A51-B82E-BFCF4B084CB1-175x175.jpeg\" class=\"attachment-thumbnail size-thumbnail\" alt=\"\" \/><\/a>\n\t\t\t<\/dt><\/dl><dl class='gallery-item'>\n\t\t\t<dt class='gallery-icon landscape'>\n\t\t\t\t<a href='https:\/\/www.jimmy2.ch\/worldpress\/d697e6fb-e499-4366-94c7-6831d6bd7820\/'><img loading=\"lazy\" decoding=\"async\" width=\"175\" height=\"175\" src=\"https:\/\/www.jimmy2.ch\/worldpress\/wp-content\/uploads\/2019\/12\/D697E6FB-E499-4366-94C7-6831D6BD7820-175x175.jpeg\" class=\"attachment-thumbnail size-thumbnail\" alt=\"\" \/><\/a>\n\t\t\t<\/dt><\/dl><br style=\"clear: both\" \/>\n\t\t<\/div>\n\n<p>Gegen 11 Uhr machen wir uns auf den Weg nach Santo Stefano al Mare. Ein herziges St\u00e4dtchen &#8211; so wie man sie hier an der ligurischen K\u00fcste antrifft. Hin und zur\u00fcck knappe 5 km.<\/p>\n\n<div class='gallery'><dl class='gallery-item'>\n\t\t\t<dt class='gallery-icon landscape'>\n\t\t\t\t<a href='https:\/\/www.jimmy2.ch\/worldpress\/786a9a44-b7a2-45ce-8873-9f5c2da0177f\/'><img loading=\"lazy\" decoding=\"async\" width=\"175\" height=\"175\" src=\"https:\/\/www.jimmy2.ch\/worldpress\/wp-content\/uploads\/2019\/12\/786A9A44-B7A2-45CE-8873-9F5C2DA0177F-175x175.jpeg\" class=\"attachment-thumbnail size-thumbnail\" alt=\"\" \/><\/a>\n\t\t\t<\/dt><\/dl><dl class='gallery-item'>\n\t\t\t<dt class='gallery-icon landscape'>\n\t\t\t\t<a href='https:\/\/www.jimmy2.ch\/worldpress\/383d24c8-7ac5-4922-b840-6351cdcf97fe\/'><img loading=\"lazy\" decoding=\"async\" width=\"175\" height=\"175\" src=\"https:\/\/www.jimmy2.ch\/worldpress\/wp-content\/uploads\/2019\/12\/383D24C8-7AC5-4922-B840-6351CDCF97FE-175x175.jpeg\" class=\"attachment-thumbnail size-thumbnail\" alt=\"\" \/><\/a>\n\t\t\t<\/dt><\/dl><dl class='gallery-item'>\n\t\t\t<dt class='gallery-icon landscape'>\n\t\t\t\t<a href='https:\/\/www.jimmy2.ch\/worldpress\/0d1ba29d-21b7-4064-ba10-87864db5d77c\/'><img loading=\"lazy\" decoding=\"async\" width=\"175\" height=\"175\" src=\"https:\/\/www.jimmy2.ch\/worldpress\/wp-content\/uploads\/2019\/12\/0D1BA29D-21B7-4064-BA10-87864DB5D77C-175x175.jpeg\" class=\"attachment-thumbnail size-thumbnail\" alt=\"\" \/><\/a>\n\t\t\t<\/dt><\/dl><br style=\"clear: both\" \/><dl class='gallery-item'>\n\t\t\t<dt class='gallery-icon landscape'>\n\t\t\t\t<a href='https:\/\/www.jimmy2.ch\/worldpress\/0a32469e-c894-4881-8dbe-747c5120b6f1\/'><img loading=\"lazy\" decoding=\"async\" width=\"175\" height=\"175\" src=\"https:\/\/www.jimmy2.ch\/worldpress\/wp-content\/uploads\/2019\/12\/0A32469E-C894-4881-8DBE-747C5120B6F1-175x175.jpeg\" class=\"attachment-thumbnail size-thumbnail\" alt=\"\" \/><\/a>\n\t\t\t<\/dt><\/dl><dl class='gallery-item'>\n\t\t\t<dt class='gallery-icon landscape'>\n\t\t\t\t<a href='https:\/\/www.jimmy2.ch\/worldpress\/0c082324-5076-414d-83cd-fcf407ad3292\/'><img loading=\"lazy\" decoding=\"async\" width=\"175\" height=\"175\" src=\"https:\/\/www.jimmy2.ch\/worldpress\/wp-content\/uploads\/2019\/12\/0C082324-5076-414D-83CD-FCF407AD3292-175x175.jpeg\" class=\"attachment-thumbnail size-thumbnail\" alt=\"\" \/><\/a>\n\t\t\t<\/dt><\/dl>\n\t\t\t<br style='clear: both' \/>\n\t\t<\/div>\n\n<p>Nat\u00fcrlich gibt es unterwegs etwas zu trinken. Einem Caf\u00e9 am Strassenrand mit ein paar St\u00fchlen an der Sonne k\u00f6nnen wir nicht widerstehen.<\/p>\n<p><img loading=\"lazy\" decoding=\"async\" class=\"aligncenter size-medium wp-image-4963\" src=\"https:\/\/www.jimmy2.ch\/worldpress\/wp-content\/uploads\/2019\/12\/0B6D0B50-EFC3-4516-AE50-527CA0E399FD-300x225.jpeg\" alt=\"\" width=\"300\" height=\"225\" srcset=\"https:\/\/www.jimmy2.ch\/worldpress\/wp-content\/uploads\/2019\/12\/0B6D0B50-EFC3-4516-AE50-527CA0E399FD-300x225.jpeg 300w, https:\/\/www.jimmy2.ch\/worldpress\/wp-content\/uploads\/2019\/12\/0B6D0B50-EFC3-4516-AE50-527CA0E399FD-1024x769.jpeg 1024w, https:\/\/www.jimmy2.ch\/worldpress\/wp-content\/uploads\/2019\/12\/0B6D0B50-EFC3-4516-AE50-527CA0E399FD-768x577.jpeg 768w, https:\/\/www.jimmy2.ch\/worldpress\/wp-content\/uploads\/2019\/12\/0B6D0B50-EFC3-4516-AE50-527CA0E399FD-1536x1154.jpeg 1536w, https:\/\/www.jimmy2.ch\/worldpress\/wp-content\/uploads\/2019\/12\/0B6D0B50-EFC3-4516-AE50-527CA0E399FD-2048x1539.jpeg 2048w\" sizes=\"auto, (max-width: 300px) 100vw, 300px\" \/><\/p>\n<p>Wir erledigen das Notwendigste an Eink\u00e4ufen. Es muss ja schliesslich alles getragen werden. Dann geht es wieder zur\u00fcck. Es ist angenehm warm. Man kann ohne Jacke spazieren. Leider nimmt der Wind wieder zu.<\/p>\n\n<div class='gallery'><dl class='gallery-item'>\n\t\t\t<dt class='gallery-icon landscape'>\n\t\t\t\t<a href='https:\/\/www.jimmy2.ch\/worldpress\/e368a5a3-515b-4391-bae7-31cdc9fbdef1\/'><img loading=\"lazy\" decoding=\"async\" width=\"175\" height=\"175\" src=\"https:\/\/www.jimmy2.ch\/worldpress\/wp-content\/uploads\/2019\/12\/E368A5A3-515B-4391-BAE7-31CDC9FBDEF1-175x175.jpeg\" class=\"attachment-thumbnail size-thumbnail\" alt=\"\" \/><\/a>\n\t\t\t<\/dt><\/dl><dl class='gallery-item'>\n\t\t\t<dt class='gallery-icon landscape'>\n\t\t\t\t<a href='https:\/\/www.jimmy2.ch\/worldpress\/33977b29-4b17-4219-ba20-0785ef6200ba\/'><img loading=\"lazy\" decoding=\"async\" width=\"175\" height=\"175\" src=\"https:\/\/www.jimmy2.ch\/worldpress\/wp-content\/uploads\/2019\/12\/33977B29-4B17-4219-BA20-0785EF6200BA-175x175.jpeg\" class=\"attachment-thumbnail size-thumbnail\" alt=\"\" \/><\/a>\n\t\t\t<\/dt><\/dl>\n\t\t\t<br style='clear: both' \/>\n\t\t<\/div>\n\n<p>Zur\u00fcck im Wohnmobil gibt es Tomaten Salat mit Mozzarella.<br \/>\nBei diesem sonnigen Tag haben die Solarpanels wieder einmal etwas zu tun bekommen. Wenn auch nicht viel. Der Einstrahlwinkel der Sonne auf die Panels auf dem Dach ist im Winter zu flach. Um mehr Sonnenlicht einzufangen habe ich zus\u00e4tzlich ein mobiles klappbares Solarpanel.<br \/>\nDieses habe ich heute aufgestellt. Der Ertrag ist auch nicht \u00fcberw\u00e4ltigend. Aber besser als gar nichts.<\/p>\n<p>Zudem haben wir heute den k\u00fcrzesten Tag des Jahres! Es kann also nur noch besser werden.<\/p>\n<p>Bevor ich einem Spaziergang in die Marina mache baue ich das Solarpanel ab. Die Sonne wird immer schw\u00e4cher und der Sturm st\u00e4rker.<\/p>\n\n<div class='gallery'><dl class='gallery-item'>\n\t\t\t<dt class='gallery-icon landscape'>\n\t\t\t\t<a href='https:\/\/www.jimmy2.ch\/worldpress\/e4e804d0-4122-448e-8878-a0380e3f5746\/'><img loading=\"lazy\" decoding=\"async\" width=\"175\" height=\"175\" src=\"https:\/\/www.jimmy2.ch\/worldpress\/wp-content\/uploads\/2019\/12\/E4E804D0-4122-448E-8878-A0380E3F5746-175x175.jpeg\" class=\"attachment-thumbnail size-thumbnail\" alt=\"\" \/><\/a>\n\t\t\t<\/dt><\/dl><dl class='gallery-item'>\n\t\t\t<dt class='gallery-icon landscape'>\n\t\t\t\t<a href='https:\/\/www.jimmy2.ch\/worldpress\/469e9dd2-d545-4fda-ac4a-aa9e02a0eb46\/'><img loading=\"lazy\" decoding=\"async\" width=\"175\" height=\"175\" src=\"https:\/\/www.jimmy2.ch\/worldpress\/wp-content\/uploads\/2019\/12\/469E9DD2-D545-4FDA-AC4A-AA9E02A0EB46-175x175.jpeg\" class=\"attachment-thumbnail size-thumbnail\" alt=\"\" \/><\/a>\n\t\t\t<\/dt><\/dl><dl class='gallery-item'>\n\t\t\t<dt class='gallery-icon landscape'>\n\t\t\t\t<a href='https:\/\/www.jimmy2.ch\/worldpress\/ad96bc90-3690-49a1-b65e-66e632d7657b\/'><img loading=\"lazy\" decoding=\"async\" width=\"175\" height=\"175\" src=\"https:\/\/www.jimmy2.ch\/worldpress\/wp-content\/uploads\/2019\/12\/AD96BC90-3690-49A1-B65E-66E632D7657B-175x175.jpeg\" class=\"attachment-thumbnail size-thumbnail\" alt=\"\" \/><\/a>\n\t\t\t<\/dt><\/dl><br style=\"clear: both\" \/>\n\t\t<\/div>\n\n<p>In der Marina ist nichts los. Es ist Winter und (fast) alles ist geschlossen. Vielleicht ist an Weihnachten und zu Silvester mehr los wenn die Ferienwohnungen besetzt werden.<br \/>\nWieder zur\u00fcck im Womo gibt es eine Siesta. Der Abend wird noch lang. Und wenn sich der Sturm nicht abschw\u00e4cht gibt es heute nochmals einen TV-freien Abend wie gestern. Und so ist es dann auch. Wir machen einen kurzen Spielabend.<\/p>\n","protected":false},"excerpt":{"rendered":"<p>Samstag 21. Dezember 2019 Santo Stefano al Mare Wetter: in der Nacht regen \ud83c\udf27 , dann ein Gemisch aus Sonne \ud83c\udf1e und Wolken \u2601\ufe0f 11 &#8211; 17 Grad Es ist angenehm frisch im Wohnmobil und wir haben gut geschlafen. Um &hellip; <a href=\"https:\/\/www.jimmy2.ch\/worldpress\/2019\/12\/21\/santo-stefano-al-mare\/\">Continue reading <span class=\"meta-nav\">&rarr;<\/span><\/a><\/p>\n","protected":false},"author":1,"featured_media":0,"comment_status":"open","ping_status":"open","sticky":false,"template":"","format":"standard","meta":{"footnotes":""},"categories":[64],"tags":[96],"class_list":["post-4950","post","type-post","status-publish","format-standard","hentry","category-italien","tag-italien"],"_links":{"self":[{"href":"https:\/\/www.jimmy2.ch\/worldpress\/wp-json\/wp\/v2\/posts\/4950","targetHints":{"allow":["GET"]}}],"collection":[{"href":"https:\/\/www.jimmy2.ch\/worldpress\/wp-json\/wp\/v2\/posts"}],"about":[{"href":"https:\/\/www.jimmy2.ch\/worldpress\/wp-json\/wp\/v2\/types\/post"}],"author":[{"embeddable":true,"href":"https:\/\/www.jimmy2.ch\/worldpress\/wp-json\/wp\/v2\/users\/1"}],"replies":[{"embeddable":true,"href":"https:\/\/www.jimmy2.ch\/worldpress\/wp-json\/wp\/v2\/comments?post=4950"}],"version-history":[{"count":2,"href":"https:\/\/www.jimmy2.ch\/worldpress\/wp-json\/wp\/v2\/posts\/4950\/revisions"}],"predecessor-version":[{"id":5014,"href":"https:\/\/www.jimmy2.ch\/worldpress\/wp-json\/wp\/v2\/posts\/4950\/revisions\/5014"}],"wp:attachment":[{"href":"https:\/\/www.jimmy2.ch\/worldpress\/wp-json\/wp\/v2\/media?parent=4950"}],"wp:term":[{"taxonomy":"category","embeddable":true,"href":"https:\/\/www.jimmy2.ch\/worldpress\/wp-json\/wp\/v2\/categories?post=4950"},{"taxonomy":"post_tag","embeddable":true,"href":"https:\/\/www.jimmy2.ch\/worldpress\/wp-json\/wp\/v2\/tags?post=4950"}],"curies":[{"name":"wp","href":"https:\/\/api.w.org\/{rel}","templated":true}]}}