{"id":4781,"date":"2019-08-26T21:15:20","date_gmt":"2019-08-26T20:15:20","guid":{"rendered":"http:\/\/www.jimmy2.ch\/worldpress\/?p=4781"},"modified":"2019-10-31T18:31:29","modified_gmt":"2019-10-31T17:31:29","slug":"ersatz-rad-reserve-rad","status":"publish","type":"post","link":"https:\/\/www.jimmy2.ch\/worldpress\/2019\/08\/26\/ersatz-rad-reserve-rad\/","title":{"rendered":"Ersatz-Rad \/ Reserve-Rad"},"content":{"rendered":"<p>26. August 2019<br \/>Ersatz-Rad wird montiert<\/p>\n<p>Wie hier berichtet hatten wir am <a href=\"https:\/\/www.jimmy2.ch\/worldpress\/2018\/07\/29\/ferien-es-geht-los\/\" target=\"_blank\" rel=\"noopener noreferrer\">29. Juli 2018<\/a> auf unserer Reise nach Bregenz einen Plattfuss eingefangen.<\/p>\n<p>Schon damals \u00fcberlegte ich mir in Zukunft ein Reserve-Rad mitzuf\u00fchren. Denn soviel Gl\u00fcck wie damals w\u00fcrden wir nicht mehr haben.<\/p>\n<p>Wer mich kennt weiss: \u00a0gut Ding will Weile<\/p>\n<p>Am 16. August 2019 hatte ich dann ein Schl\u00fcssel-Erlebnis das mich bewog nun endlich die Sache in Angriff zu nehmen.<\/p>\n<p>Im August 2019 waren wir in \u00d6sterreich um Christa&#8217;s Geburtstag zu feiern.<\/p>\n<p>Am Freitag den 16. August 2019 fuhren wir mit dem PW unserer &#8222;Jungen&#8220; nach Graz und nachts auf der R\u00fcckreise hatten wir einen Plattfuss.<\/p>\n<p>Auch diesmal kein Reserve-Rad dabei. Wir mussten noch eine l\u00e4ngere Strecke mit dem platten Reifen fahren. So war ein \u201eFlicken\u201c nicht mehr m\u00f6glich.<\/p>\n<p>An einem Freitag Nachts um elf Uhr auf einen auf einen Abschleppdienst zu hoffen der das Auto abschleppt und wieder fahrt\u00fcchtig macht ist aussichtslos.<\/p>\n<p>Unser Gl\u00fcck war, dass Christas zu Hause nur eine Viertelstunde entfernt war und sie uns abholen konnte. Den PW mussten wir stehen lassen weil eion Abschleppen das Rad komplett ruiniert h\u00e4tte.<\/p>\n<p>Unsere &#8222;Jungen&#8220; waren auf der Durchreise in die Ferien nach Kroatien. Die Hotels waren alle gebucht.<\/p>\n<p>\u00a0Auch diesmal hatten wir ein Riesen Gl\u00fcck. Dank dem Hotel wo die &#8222;Jungen&#8220; gewohnt hatten und meinem Schwager Franz konnte am Samstag ein Mechaniker organisiert werden der das Fahrzeug abholte und auch einen neuen Reifen in seiner Werkstatt hatte.<\/p>\n<p>Nachdem ich wieder zu Hause war machte ich mich ans Werk. Denn auf die bevorstehenden Italien-Ferien musste das Ersatz-Rad montiert sein.<\/p>\n<p>Und wieder: wer mich kennt weiss dass auch hier ein Provisorium entstand.<\/p>\n<p>Anmerkung am 31. Oktober 2019<br \/>Die Konstruktion h\u00e4lt und wird auch noch so bestehen bleiben bis im Fr\u00fchling 2020. Habe aber schon im Kopf wie dann die definitive L\u00f6sung aussehen soll.<\/p>\n\n<div class='gallery'><dl class='gallery-item'>\n\t\t\t<dt class='gallery-icon landscape'>\n\t\t\t\t<a href='https:\/\/www.jimmy2.ch\/worldpress\/img_9120\/'><img loading=\"lazy\" decoding=\"async\" width=\"300\" height=\"225\" src=\"https:\/\/www.jimmy2.ch\/worldpress\/wp-content\/uploads\/2019\/10\/IMG_9120-300x225.jpeg\" class=\"attachment-medium size-medium\" alt=\"\" srcset=\"https:\/\/www.jimmy2.ch\/worldpress\/wp-content\/uploads\/2019\/10\/IMG_9120-300x225.jpeg 300w, https:\/\/www.jimmy2.ch\/worldpress\/wp-content\/uploads\/2019\/10\/IMG_9120-768x576.jpeg 768w, https:\/\/www.jimmy2.ch\/worldpress\/wp-content\/uploads\/2019\/10\/IMG_9120-1024x768.jpeg 1024w\" sizes=\"auto, (max-width: 300px) 100vw, 300px\" \/><\/a>\n\t\t\t<\/dt><\/dl><dl class='gallery-item'>\n\t\t\t<dt class='gallery-icon landscape'>\n\t\t\t\t<a href='https:\/\/www.jimmy2.ch\/worldpress\/img_9121\/'><img loading=\"lazy\" decoding=\"async\" width=\"300\" height=\"225\" src=\"https:\/\/www.jimmy2.ch\/worldpress\/wp-content\/uploads\/2019\/10\/IMG_9121-300x225.jpeg\" class=\"attachment-medium size-medium\" alt=\"\" srcset=\"https:\/\/www.jimmy2.ch\/worldpress\/wp-content\/uploads\/2019\/10\/IMG_9121-300x225.jpeg 300w, https:\/\/www.jimmy2.ch\/worldpress\/wp-content\/uploads\/2019\/10\/IMG_9121-768x576.jpeg 768w, https:\/\/www.jimmy2.ch\/worldpress\/wp-content\/uploads\/2019\/10\/IMG_9121-1024x768.jpeg 1024w\" sizes=\"auto, (max-width: 300px) 100vw, 300px\" \/><\/a>\n\t\t\t<\/dt><\/dl><br style=\"clear: both\" \/><dl class='gallery-item'>\n\t\t\t<dt class='gallery-icon landscape'>\n\t\t\t\t<a href='https:\/\/www.jimmy2.ch\/worldpress\/img_9122\/'><img loading=\"lazy\" decoding=\"async\" width=\"300\" height=\"225\" src=\"https:\/\/www.jimmy2.ch\/worldpress\/wp-content\/uploads\/2019\/10\/IMG_9122-300x225.jpeg\" class=\"attachment-medium size-medium\" alt=\"\" srcset=\"https:\/\/www.jimmy2.ch\/worldpress\/wp-content\/uploads\/2019\/10\/IMG_9122-300x225.jpeg 300w, https:\/\/www.jimmy2.ch\/worldpress\/wp-content\/uploads\/2019\/10\/IMG_9122-768x576.jpeg 768w, https:\/\/www.jimmy2.ch\/worldpress\/wp-content\/uploads\/2019\/10\/IMG_9122-1024x768.jpeg 1024w\" sizes=\"auto, (max-width: 300px) 100vw, 300px\" \/><\/a>\n\t\t\t<\/dt><\/dl><dl class='gallery-item'>\n\t\t\t<dt class='gallery-icon landscape'>\n\t\t\t\t<a href='https:\/\/www.jimmy2.ch\/worldpress\/img_9123\/'><img loading=\"lazy\" decoding=\"async\" width=\"300\" height=\"225\" src=\"https:\/\/www.jimmy2.ch\/worldpress\/wp-content\/uploads\/2019\/10\/IMG_9123-300x225.jpeg\" class=\"attachment-medium size-medium\" alt=\"\" srcset=\"https:\/\/www.jimmy2.ch\/worldpress\/wp-content\/uploads\/2019\/10\/IMG_9123-300x225.jpeg 300w, https:\/\/www.jimmy2.ch\/worldpress\/wp-content\/uploads\/2019\/10\/IMG_9123-768x576.jpeg 768w, https:\/\/www.jimmy2.ch\/worldpress\/wp-content\/uploads\/2019\/10\/IMG_9123-1024x768.jpeg 1024w\" sizes=\"auto, (max-width: 300px) 100vw, 300px\" \/><\/a>\n\t\t\t<\/dt><\/dl><br style=\"clear: both\" \/><dl class='gallery-item'>\n\t\t\t<dt class='gallery-icon landscape'>\n\t\t\t\t<a href='https:\/\/www.jimmy2.ch\/worldpress\/img_9124\/'><img loading=\"lazy\" decoding=\"async\" width=\"300\" height=\"225\" src=\"https:\/\/www.jimmy2.ch\/worldpress\/wp-content\/uploads\/2019\/10\/IMG_9124-300x225.jpeg\" class=\"attachment-medium size-medium\" alt=\"\" srcset=\"https:\/\/www.jimmy2.ch\/worldpress\/wp-content\/uploads\/2019\/10\/IMG_9124-300x225.jpeg 300w, https:\/\/www.jimmy2.ch\/worldpress\/wp-content\/uploads\/2019\/10\/IMG_9124-768x576.jpeg 768w, https:\/\/www.jimmy2.ch\/worldpress\/wp-content\/uploads\/2019\/10\/IMG_9124-1024x768.jpeg 1024w\" sizes=\"auto, (max-width: 300px) 100vw, 300px\" \/><\/a>\n\t\t\t<\/dt><\/dl><dl class='gallery-item'>\n\t\t\t<dt class='gallery-icon landscape'>\n\t\t\t\t<a href='https:\/\/www.jimmy2.ch\/worldpress\/img_9126\/'><img loading=\"lazy\" decoding=\"async\" width=\"300\" height=\"225\" src=\"https:\/\/www.jimmy2.ch\/worldpress\/wp-content\/uploads\/2019\/10\/IMG_9126-300x225.jpeg\" class=\"attachment-medium size-medium\" alt=\"\" srcset=\"https:\/\/www.jimmy2.ch\/worldpress\/wp-content\/uploads\/2019\/10\/IMG_9126-300x225.jpeg 300w, https:\/\/www.jimmy2.ch\/worldpress\/wp-content\/uploads\/2019\/10\/IMG_9126-768x576.jpeg 768w, https:\/\/www.jimmy2.ch\/worldpress\/wp-content\/uploads\/2019\/10\/IMG_9126-1024x768.jpeg 1024w\" sizes=\"auto, (max-width: 300px) 100vw, 300px\" \/><\/a>\n\t\t\t<\/dt><\/dl><br style=\"clear: both\" \/>\n\t\t<\/div>\n\n\n\n<p><\/p>\n","protected":false},"excerpt":{"rendered":"<p>26. August 2019Ersatz-Rad wird montiert Wie hier berichtet hatten wir am 29. Juli 2018 auf unserer Reise nach Bregenz einen Plattfuss eingefangen. Schon damals \u00fcberlegte ich mir in Zukunft ein Reserve-Rad mitzuf\u00fchren. Denn soviel Gl\u00fcck wie damals w\u00fcrden wir nicht &hellip; <a href=\"https:\/\/www.jimmy2.ch\/worldpress\/2019\/08\/26\/ersatz-rad-reserve-rad\/\">Continue reading <span class=\"meta-nav\">&rarr;<\/span><\/a><\/p>\n","protected":false},"author":1,"featured_media":0,"comment_status":"open","ping_status":"open","sticky":false,"template":"","format":"standard","meta":{"footnotes":""},"categories":[72],"tags":[306,308,254,307],"class_list":["post-4781","post","type-post","status-publish","format-standard","hentry","category-schweiz","tag-ersatz-rad","tag-pannendienst","tag-plattfuss","tag-reserve-rad"],"_links":{"self":[{"href":"https:\/\/www.jimmy2.ch\/worldpress\/wp-json\/wp\/v2\/posts\/4781","targetHints":{"allow":["GET"]}}],"collection":[{"href":"https:\/\/www.jimmy2.ch\/worldpress\/wp-json\/wp\/v2\/posts"}],"about":[{"href":"https:\/\/www.jimmy2.ch\/worldpress\/wp-json\/wp\/v2\/types\/post"}],"author":[{"embeddable":true,"href":"https:\/\/www.jimmy2.ch\/worldpress\/wp-json\/wp\/v2\/users\/1"}],"replies":[{"embeddable":true,"href":"https:\/\/www.jimmy2.ch\/worldpress\/wp-json\/wp\/v2\/comments?post=4781"}],"version-history":[{"count":2,"href":"https:\/\/www.jimmy2.ch\/worldpress\/wp-json\/wp\/v2\/posts\/4781\/revisions"}],"predecessor-version":[{"id":4796,"href":"https:\/\/www.jimmy2.ch\/worldpress\/wp-json\/wp\/v2\/posts\/4781\/revisions\/4796"}],"wp:attachment":[{"href":"https:\/\/www.jimmy2.ch\/worldpress\/wp-json\/wp\/v2\/media?parent=4781"}],"wp:term":[{"taxonomy":"category","embeddable":true,"href":"https:\/\/www.jimmy2.ch\/worldpress\/wp-json\/wp\/v2\/categories?post=4781"},{"taxonomy":"post_tag","embeddable":true,"href":"https:\/\/www.jimmy2.ch\/worldpress\/wp-json\/wp\/v2\/tags?post=4781"}],"curies":[{"name":"wp","href":"https:\/\/api.w.org\/{rel}","templated":true}]}}