{"id":4720,"date":"2019-10-24T22:05:06","date_gmt":"2019-10-24T21:05:06","guid":{"rendered":"http:\/\/www.jimmy2.ch\/worldpress\/?p=4720"},"modified":"2019-10-27T21:07:02","modified_gmt":"2019-10-27T20:07:02","slug":"bern-expo-caravan-salon","status":"publish","type":"post","link":"https:\/\/www.jimmy2.ch\/worldpress\/2019\/10\/24\/bern-expo-caravan-salon\/","title":{"rendered":"Bern EXPO Caravan Salon"},"content":{"rendered":"<p>Donnerstag 24. Oktober 2019<br \/>\nBr\u00fcttisellen &#8211; Bern Caravan Salon<br \/>\n129 km Reise 2 1\/2 Stunden<br \/>\nWetter durchzogenen, am Abend Regen<\/p>\n<p>Christa muss heute fr\u00fch raus. Ich bin es ja gewohnt so fr\u00fch aufzustehen.<\/p>\n\n<div class='gallery'><dl class='gallery-item'>\n\t\t\t<dt class='gallery-icon landscape'>\n\t\t\t\t<a href='https:\/\/www.jimmy2.ch\/worldpress\/2019\/10\/24\/bern-expo-caravan-salon\/459b29bb-7383-4969-8dd0-0975a5164700\/'><img loading=\"lazy\" decoding=\"async\" width=\"300\" height=\"225\" src=\"https:\/\/www.jimmy2.ch\/worldpress\/wp-content\/uploads\/2019\/10\/459B29BB-7383-4969-8DD0-0975A5164700-300x225.jpeg\" class=\"attachment-medium size-medium\" alt=\"\" srcset=\"https:\/\/www.jimmy2.ch\/worldpress\/wp-content\/uploads\/2019\/10\/459B29BB-7383-4969-8DD0-0975A5164700-300x225.jpeg 300w, https:\/\/www.jimmy2.ch\/worldpress\/wp-content\/uploads\/2019\/10\/459B29BB-7383-4969-8DD0-0975A5164700-768x576.jpeg 768w, https:\/\/www.jimmy2.ch\/worldpress\/wp-content\/uploads\/2019\/10\/459B29BB-7383-4969-8DD0-0975A5164700-1024x768.jpeg 1024w, https:\/\/www.jimmy2.ch\/worldpress\/wp-content\/uploads\/2019\/10\/459B29BB-7383-4969-8DD0-0975A5164700.jpeg 2048w\" sizes=\"auto, (max-width: 300px) 100vw, 300px\" \/><\/a>\n\t\t\t<\/dt><\/dl><br style=\"clear: both\" \/>\n\t\t<\/div>\n\n<p>Um viertel nach Sieben startet Jimmy2. Es geht nach Bern an den Caravan Salon. Dort wollen wir auf dem \u201eStellplatz\u201c \u00fcbernachten. Da wir keine Ahnung haben wieviele Pl\u00e4tze vorhanden sind und wie gross der Andrang sein wird fahren wir fr\u00fch los.<\/p>\n<p>Der Verkehr um diese Zeit ist wie immer.<\/p>\n\n<div class='gallery'><dl class='gallery-item'>\n\t\t\t<dt class='gallery-icon landscape'>\n\t\t\t\t<a href='https:\/\/www.jimmy2.ch\/worldpress\/ef8ac8c8-c7f8-41de-a653-a0ebe16ff079\/'><img loading=\"lazy\" decoding=\"async\" width=\"300\" height=\"225\" src=\"https:\/\/www.jimmy2.ch\/worldpress\/wp-content\/uploads\/2019\/10\/EF8AC8C8-C7F8-41DE-A653-A0EBE16FF079-300x225.jpeg\" class=\"attachment-medium size-medium\" alt=\"\" srcset=\"https:\/\/www.jimmy2.ch\/worldpress\/wp-content\/uploads\/2019\/10\/EF8AC8C8-C7F8-41DE-A653-A0EBE16FF079-300x225.jpeg 300w, https:\/\/www.jimmy2.ch\/worldpress\/wp-content\/uploads\/2019\/10\/EF8AC8C8-C7F8-41DE-A653-A0EBE16FF079-768x576.jpeg 768w, https:\/\/www.jimmy2.ch\/worldpress\/wp-content\/uploads\/2019\/10\/EF8AC8C8-C7F8-41DE-A653-A0EBE16FF079-1024x768.jpeg 1024w, https:\/\/www.jimmy2.ch\/worldpress\/wp-content\/uploads\/2019\/10\/EF8AC8C8-C7F8-41DE-A653-A0EBE16FF079.jpeg 2048w\" sizes=\"auto, (max-width: 300px) 100vw, 300px\" \/><\/a>\n\t\t\t<\/dt><\/dl><br style=\"clear: both\" \/>\n\t\t<\/div>\n\n<p>Die Eintrittskarten hat Christa beim <a href=\"https:\/\/www.womoblog.ch\" target=\"_blank\" rel=\"noopener noreferrer\">womoblog.ch<\/a> gewonnen. An dieser Stelle vielen herzlichen Dank an Anita und Rolf.<\/p>\n\n<div class='gallery'><dl class='gallery-item'>\n\t\t\t<dt class='gallery-icon landscape'>\n\t\t\t\t<a href='https:\/\/www.jimmy2.ch\/worldpress\/0f06bdaa-05c3-4251-a542-b63d54bfe04e\/'><img loading=\"lazy\" decoding=\"async\" width=\"300\" height=\"225\" src=\"https:\/\/www.jimmy2.ch\/worldpress\/wp-content\/uploads\/2019\/10\/0F06BDAA-05C3-4251-A542-B63D54BFE04E-300x225.jpeg\" class=\"attachment-medium size-medium\" alt=\"\" srcset=\"https:\/\/www.jimmy2.ch\/worldpress\/wp-content\/uploads\/2019\/10\/0F06BDAA-05C3-4251-A542-B63D54BFE04E-300x225.jpeg 300w, https:\/\/www.jimmy2.ch\/worldpress\/wp-content\/uploads\/2019\/10\/0F06BDAA-05C3-4251-A542-B63D54BFE04E-768x576.jpeg 768w, https:\/\/www.jimmy2.ch\/worldpress\/wp-content\/uploads\/2019\/10\/0F06BDAA-05C3-4251-A542-B63D54BFE04E-1024x768.jpeg 1024w, https:\/\/www.jimmy2.ch\/worldpress\/wp-content\/uploads\/2019\/10\/0F06BDAA-05C3-4251-A542-B63D54BFE04E.jpeg 2048w\" sizes=\"auto, (max-width: 300px) 100vw, 300px\" \/><\/a>\n\t\t\t<\/dt><\/dl><br style=\"clear: both\" \/>\n\t\t<\/div>\n\n<p>Um viertel vor Zehn ankommen wir in Bern EXPO an. Der Stellplatz ist schon recht gut besucht. Laufend treffen neue Fahrzeuge ein.<\/p>\n\n<div class='gallery'><dl class='gallery-item'>\n\t\t\t<dt class='gallery-icon landscape'>\n\t\t\t\t<a href='https:\/\/www.jimmy2.ch\/worldpress\/67857510-8d03-4da9-8c62-913e9f65914b\/'><img loading=\"lazy\" decoding=\"async\" width=\"300\" height=\"225\" src=\"https:\/\/www.jimmy2.ch\/worldpress\/wp-content\/uploads\/2019\/10\/67857510-8D03-4DA9-8C62-913E9F65914B-300x225.jpeg\" class=\"attachment-medium size-medium\" alt=\"\" srcset=\"https:\/\/www.jimmy2.ch\/worldpress\/wp-content\/uploads\/2019\/10\/67857510-8D03-4DA9-8C62-913E9F65914B-300x225.jpeg 300w, https:\/\/www.jimmy2.ch\/worldpress\/wp-content\/uploads\/2019\/10\/67857510-8D03-4DA9-8C62-913E9F65914B-768x576.jpeg 768w, https:\/\/www.jimmy2.ch\/worldpress\/wp-content\/uploads\/2019\/10\/67857510-8D03-4DA9-8C62-913E9F65914B-1024x768.jpeg 1024w, https:\/\/www.jimmy2.ch\/worldpress\/wp-content\/uploads\/2019\/10\/67857510-8D03-4DA9-8C62-913E9F65914B.jpeg 2048w\" sizes=\"auto, (max-width: 300px) 100vw, 300px\" \/><\/a>\n\t\t\t<\/dt><\/dl><dl class='gallery-item'>\n\t\t\t<dt class='gallery-icon landscape'>\n\t\t\t\t<a href='https:\/\/www.jimmy2.ch\/worldpress\/7a7f5b09-29f2-4dcf-88b7-894b07a9d161\/'><img loading=\"lazy\" decoding=\"async\" width=\"300\" height=\"225\" src=\"https:\/\/www.jimmy2.ch\/worldpress\/wp-content\/uploads\/2019\/10\/7A7F5B09-29F2-4DCF-88B7-894B07A9D161-300x225.jpeg\" class=\"attachment-medium size-medium\" alt=\"\" srcset=\"https:\/\/www.jimmy2.ch\/worldpress\/wp-content\/uploads\/2019\/10\/7A7F5B09-29F2-4DCF-88B7-894B07A9D161-300x225.jpeg 300w, https:\/\/www.jimmy2.ch\/worldpress\/wp-content\/uploads\/2019\/10\/7A7F5B09-29F2-4DCF-88B7-894B07A9D161-768x576.jpeg 768w, https:\/\/www.jimmy2.ch\/worldpress\/wp-content\/uploads\/2019\/10\/7A7F5B09-29F2-4DCF-88B7-894B07A9D161-1024x768.jpeg 1024w, https:\/\/www.jimmy2.ch\/worldpress\/wp-content\/uploads\/2019\/10\/7A7F5B09-29F2-4DCF-88B7-894B07A9D161.jpeg 2048w\" sizes=\"auto, (max-width: 300px) 100vw, 300px\" \/><\/a>\n\t\t\t<\/dt><\/dl><br style=\"clear: both\" \/>\n\t\t<\/div>\n\n<p>Wir bekommen einen super Platz. Zuerst Fr\u00fchst\u00fcck &#8211; dann geht es zur Messe.<\/p>\n<p>Wir stehen direkt neben der Concorde von <a href=\"https:\/\/www.womoclick.de\" target=\"_blank\" rel=\"noopener noreferrer\">womoclick.ch.<\/a><\/p>\n\n<div class='gallery'><dl class='gallery-item'>\n\t\t\t<dt class='gallery-icon landscape'>\n\t\t\t\t<a href='https:\/\/www.jimmy2.ch\/worldpress\/74af8b75-f444-401d-b1a5-6c0d666cdf05\/'><img loading=\"lazy\" decoding=\"async\" width=\"300\" height=\"225\" src=\"https:\/\/www.jimmy2.ch\/worldpress\/wp-content\/uploads\/2019\/10\/74AF8B75-F444-401D-B1A5-6C0D666CDF05-300x225.jpeg\" class=\"attachment-medium size-medium\" alt=\"\" srcset=\"https:\/\/www.jimmy2.ch\/worldpress\/wp-content\/uploads\/2019\/10\/74AF8B75-F444-401D-B1A5-6C0D666CDF05-300x225.jpeg 300w, https:\/\/www.jimmy2.ch\/worldpress\/wp-content\/uploads\/2019\/10\/74AF8B75-F444-401D-B1A5-6C0D666CDF05-768x576.jpeg 768w, https:\/\/www.jimmy2.ch\/worldpress\/wp-content\/uploads\/2019\/10\/74AF8B75-F444-401D-B1A5-6C0D666CDF05-1024x768.jpeg 1024w, https:\/\/www.jimmy2.ch\/worldpress\/wp-content\/uploads\/2019\/10\/74AF8B75-F444-401D-B1A5-6C0D666CDF05.jpeg 2048w\" sizes=\"auto, (max-width: 300px) 100vw, 300px\" \/><\/a>\n\t\t\t<\/dt><\/dl><br style=\"clear: both\" \/>\n\t\t<\/div>\n\n<p>Dethleffs sehen wir zu erst. Wir besichtigen den Alpa A-7820-2 mit Alkoven. Fast Fr. 200\u2019000.00 soll das ausgestellte Model kosten. Zuviel finde ich. Christa ist begeistert von der Hecksitzgruppe. Auch das Raumgef\u00fchl ist gut. Aber der Preis ist zu hoch.<\/p>\n<p>Weiter zu Morelo. Es braucht etwas Geduld. Dann zeigt uns Herr Glasbrenner das Fahrzeug Loft 82 LB. Innen wie aussen. Das gef\u00e4llt uns. Der Preis: knappe Fr. 300\u2019000.00. Ein stolzer Preis. Aber ich denke Preis\/Leistung stimmen. Lieferfrist ca. 1 Jahr. Wir machen Fotos und k\u00f6nnen uns kaum trennen.<\/p>\n\n<div class='gallery'><dl class='gallery-item'>\n\t\t\t<dt class='gallery-icon landscape'>\n\t\t\t\t<a href='https:\/\/www.jimmy2.ch\/worldpress\/86f0487a-8820-447b-81c8-b3cc64707c73\/'><img loading=\"lazy\" decoding=\"async\" width=\"300\" height=\"225\" src=\"https:\/\/www.jimmy2.ch\/worldpress\/wp-content\/uploads\/2019\/10\/86F0487A-8820-447B-81C8-B3CC64707C73-300x225.jpeg\" class=\"attachment-medium size-medium\" alt=\"\" srcset=\"https:\/\/www.jimmy2.ch\/worldpress\/wp-content\/uploads\/2019\/10\/86F0487A-8820-447B-81C8-B3CC64707C73-300x225.jpeg 300w, https:\/\/www.jimmy2.ch\/worldpress\/wp-content\/uploads\/2019\/10\/86F0487A-8820-447B-81C8-B3CC64707C73-768x576.jpeg 768w, https:\/\/www.jimmy2.ch\/worldpress\/wp-content\/uploads\/2019\/10\/86F0487A-8820-447B-81C8-B3CC64707C73-1024x768.jpeg 1024w, https:\/\/www.jimmy2.ch\/worldpress\/wp-content\/uploads\/2019\/10\/86F0487A-8820-447B-81C8-B3CC64707C73.jpeg 2048w\" sizes=\"auto, (max-width: 300px) 100vw, 300px\" \/><\/a>\n\t\t\t<\/dt><\/dl><dl class='gallery-item'>\n\t\t\t<dt class='gallery-icon landscape'>\n\t\t\t\t<a href='https:\/\/www.jimmy2.ch\/worldpress\/64b510cf-60e8-4500-990c-5e68c6672b38\/'><img loading=\"lazy\" decoding=\"async\" width=\"300\" height=\"225\" src=\"https:\/\/www.jimmy2.ch\/worldpress\/wp-content\/uploads\/2019\/10\/64B510CF-60E8-4500-990C-5E68C6672B38-300x225.jpeg\" class=\"attachment-medium size-medium\" alt=\"\" srcset=\"https:\/\/www.jimmy2.ch\/worldpress\/wp-content\/uploads\/2019\/10\/64B510CF-60E8-4500-990C-5E68C6672B38-300x225.jpeg 300w, https:\/\/www.jimmy2.ch\/worldpress\/wp-content\/uploads\/2019\/10\/64B510CF-60E8-4500-990C-5E68C6672B38-768x576.jpeg 768w, https:\/\/www.jimmy2.ch\/worldpress\/wp-content\/uploads\/2019\/10\/64B510CF-60E8-4500-990C-5E68C6672B38-1024x768.jpeg 1024w, https:\/\/www.jimmy2.ch\/worldpress\/wp-content\/uploads\/2019\/10\/64B510CF-60E8-4500-990C-5E68C6672B38.jpeg 2048w\" sizes=\"auto, (max-width: 300px) 100vw, 300px\" \/><\/a>\n\t\t\t<\/dt><\/dl><dl class='gallery-item'>\n\t\t\t<dt class='gallery-icon portrait'>\n\t\t\t\t<a href='https:\/\/www.jimmy2.ch\/worldpress\/e224ce49-3c37-48c0-8e07-5b78e3e4fd87\/'><img loading=\"lazy\" decoding=\"async\" width=\"225\" height=\"300\" src=\"https:\/\/www.jimmy2.ch\/worldpress\/wp-content\/uploads\/2019\/10\/E224CE49-3C37-48C0-8E07-5B78E3E4FD87-225x300.jpeg\" class=\"attachment-medium size-medium\" alt=\"\" srcset=\"https:\/\/www.jimmy2.ch\/worldpress\/wp-content\/uploads\/2019\/10\/E224CE49-3C37-48C0-8E07-5B78E3E4FD87-225x300.jpeg 225w, https:\/\/www.jimmy2.ch\/worldpress\/wp-content\/uploads\/2019\/10\/E224CE49-3C37-48C0-8E07-5B78E3E4FD87-768x1024.jpeg 768w, https:\/\/www.jimmy2.ch\/worldpress\/wp-content\/uploads\/2019\/10\/E224CE49-3C37-48C0-8E07-5B78E3E4FD87.jpeg 1536w\" sizes=\"auto, (max-width: 225px) 100vw, 225px\" \/><\/a>\n\t\t\t<\/dt><\/dl><br style=\"clear: both\" \/><dl class='gallery-item'>\n\t\t\t<dt class='gallery-icon landscape'>\n\t\t\t\t<a href='https:\/\/www.jimmy2.ch\/worldpress\/d7cff90b-a0ac-4969-be1f-94880783e168\/'><img loading=\"lazy\" decoding=\"async\" width=\"300\" height=\"225\" src=\"https:\/\/www.jimmy2.ch\/worldpress\/wp-content\/uploads\/2019\/10\/D7CFF90B-A0AC-4969-BE1F-94880783E168-300x225.jpeg\" class=\"attachment-medium size-medium\" alt=\"\" srcset=\"https:\/\/www.jimmy2.ch\/worldpress\/wp-content\/uploads\/2019\/10\/D7CFF90B-A0AC-4969-BE1F-94880783E168-300x225.jpeg 300w, https:\/\/www.jimmy2.ch\/worldpress\/wp-content\/uploads\/2019\/10\/D7CFF90B-A0AC-4969-BE1F-94880783E168-768x576.jpeg 768w, https:\/\/www.jimmy2.ch\/worldpress\/wp-content\/uploads\/2019\/10\/D7CFF90B-A0AC-4969-BE1F-94880783E168-1024x768.jpeg 1024w, https:\/\/www.jimmy2.ch\/worldpress\/wp-content\/uploads\/2019\/10\/D7CFF90B-A0AC-4969-BE1F-94880783E168.jpeg 2048w\" sizes=\"auto, (max-width: 300px) 100vw, 300px\" \/><\/a>\n\t\t\t<\/dt><\/dl><dl class='gallery-item'>\n\t\t\t<dt class='gallery-icon portrait'>\n\t\t\t\t<a href='https:\/\/www.jimmy2.ch\/worldpress\/d937115f-49cd-48e0-b684-54fd131ed233\/'><img loading=\"lazy\" decoding=\"async\" width=\"225\" height=\"300\" src=\"https:\/\/www.jimmy2.ch\/worldpress\/wp-content\/uploads\/2019\/10\/D937115F-49CD-48E0-B684-54FD131ED233-225x300.jpeg\" class=\"attachment-medium size-medium\" alt=\"\" srcset=\"https:\/\/www.jimmy2.ch\/worldpress\/wp-content\/uploads\/2019\/10\/D937115F-49CD-48E0-B684-54FD131ED233-225x300.jpeg 225w, https:\/\/www.jimmy2.ch\/worldpress\/wp-content\/uploads\/2019\/10\/D937115F-49CD-48E0-B684-54FD131ED233-768x1024.jpeg 768w, https:\/\/www.jimmy2.ch\/worldpress\/wp-content\/uploads\/2019\/10\/D937115F-49CD-48E0-B684-54FD131ED233.jpeg 1536w\" sizes=\"auto, (max-width: 225px) 100vw, 225px\" \/><\/a>\n\t\t\t<\/dt><\/dl><dl class='gallery-item'>\n\t\t\t<dt class='gallery-icon portrait'>\n\t\t\t\t<a href='https:\/\/www.jimmy2.ch\/worldpress\/4793e10b-46a4-4190-bda0-c5f389188014\/'><img loading=\"lazy\" decoding=\"async\" width=\"225\" height=\"300\" src=\"https:\/\/www.jimmy2.ch\/worldpress\/wp-content\/uploads\/2019\/10\/4793E10B-46A4-4190-BDA0-C5F389188014-225x300.jpeg\" class=\"attachment-medium size-medium\" alt=\"\" srcset=\"https:\/\/www.jimmy2.ch\/worldpress\/wp-content\/uploads\/2019\/10\/4793E10B-46A4-4190-BDA0-C5F389188014-225x300.jpeg 225w, https:\/\/www.jimmy2.ch\/worldpress\/wp-content\/uploads\/2019\/10\/4793E10B-46A4-4190-BDA0-C5F389188014-768x1024.jpeg 768w, https:\/\/www.jimmy2.ch\/worldpress\/wp-content\/uploads\/2019\/10\/4793E10B-46A4-4190-BDA0-C5F389188014.jpeg 1536w\" sizes=\"auto, (max-width: 225px) 100vw, 225px\" \/><\/a>\n\t\t\t<\/dt><\/dl><br style=\"clear: both\" \/>\n\t\t<\/div>\n\n<p>Aber es gibt noch andere &#8211; Niesmann + Bischoff zum Beispiel. Leider k\u00f6nnen wir uns f\u00fcr keines der ausgestellten Fahrzeuge begeistern. Dieser Stand ist schnell abgehakt.<\/p>\n<p>Es ist bereits Mittag. Wir gehen zum Freigel\u00e4nde eine Wurst essen. Die Preise hier sind ebenso stolz wie die der besichtigten Wohnmobile.<\/p>\n<p>Dann genehmigen wir uns den gratis Kaffee offeriert vom Etzel Verlag.<\/p>\n<p>Wir haben noch Zeit bis der Vortrag von Rolf J\u00e4rmann \/ womoblog.ch \u00a0beginnt. Ich erstehe 2 Reisef\u00fchrer &#8211; Portugal und USA Nationalparks.<\/p>\n<p>Nun aber weiter zum n\u00e4chsten Anbieter. Wir wagen uns auf den Stand von Concorde. Eigentlich gar nicht unsere Preisklasse. Aber Christa hat entschieden, dass es ein Wohnmobil mit Hecksitzgruppe geben soll.<\/p>\n<p>Hier steht eines. Eine Concorde CARVER 890 RRL. L\u00e4nge 9.08 Metern \/ Preis Fr. 335\u2019000.00 Zu lang und viel zu teuer f\u00fcr uns. Herr Joss der vor dem Fahrzeug steht fragt uns ob wir das Fahrzeug besichtigen wollen. Vielleicht schlierest er auf Grund meines Outfits dass ich\/wir uns ein solches Fahrzeuge leisten k\u00f6nnen.<\/p>\n<p>Fahrzeuge dieser Preisklasse d\u00fcrfen \u201eeigentlich\u201c nur mit Standpersonal betreten werden. Also rein und staunen. Fotos habe ich leider keine gemacht. Herr Joss nimmt sich Zeit. Er erkl\u00e4rt und zeigt uns alles. Auch angesprochene W\u00fcnsche unsererseits sind kein Problem. Lieferfrist ja nach Modell ca. 2 Jahre.<\/p>\n<p>Es gibt auch ein kleineres Modell mit Hecksitzgruppe. Dieses ist am Tag der offenen T\u00fcr beim mobil-center dahinten ag in Wolhusen LU zu besichtigen. So wissen wir schon was wir am Samstag oder Sonntag 2. oder 3. November machen werden.<\/p>\n<p>Phoenix h\u00e4tte ich noch gerne angeschaut. Aber den Stand finde ich leider nicht. So beschliessen wir die Ausstellung kurz nach 16 Uhr zu verlassen. Zu Hause gibt es erst einmal einen Kaffee. Dann gehe ich ins nahe Stade de Suisse welches auch ein Einkaufszentrum hat Milch kaufen. Die haben wir zu Hause vergessen. Unterwegs begegnet mir noch ein Sack Haribo Color. Den nehme ich auch noch mit.<\/p>\n<p>Nach dem Nachtessen spazieren wir \u00fcber den Platz und bestaunen die Wohnmobile die da stehen.<\/p>\n\n<div class='gallery'><dl class='gallery-item'>\n\t\t\t<dt class='gallery-icon landscape'>\n\t\t\t\t<a href='https:\/\/www.jimmy2.ch\/worldpress\/c40ba13e-07dd-48a5-b243-e31333642dae\/'><img loading=\"lazy\" decoding=\"async\" width=\"300\" height=\"225\" src=\"https:\/\/www.jimmy2.ch\/worldpress\/wp-content\/uploads\/2019\/10\/C40BA13E-07DD-48A5-B243-E31333642DAE-300x225.jpeg\" class=\"attachment-medium size-medium\" alt=\"\" srcset=\"https:\/\/www.jimmy2.ch\/worldpress\/wp-content\/uploads\/2019\/10\/C40BA13E-07DD-48A5-B243-E31333642DAE-300x225.jpeg 300w, https:\/\/www.jimmy2.ch\/worldpress\/wp-content\/uploads\/2019\/10\/C40BA13E-07DD-48A5-B243-E31333642DAE-768x576.jpeg 768w, https:\/\/www.jimmy2.ch\/worldpress\/wp-content\/uploads\/2019\/10\/C40BA13E-07DD-48A5-B243-E31333642DAE-1024x768.jpeg 1024w, https:\/\/www.jimmy2.ch\/worldpress\/wp-content\/uploads\/2019\/10\/C40BA13E-07DD-48A5-B243-E31333642DAE.jpeg 2048w\" sizes=\"auto, (max-width: 300px) 100vw, 300px\" \/><\/a>\n\t\t\t<\/dt><\/dl><dl class='gallery-item'>\n\t\t\t<dt class='gallery-icon landscape'>\n\t\t\t\t<a href='https:\/\/www.jimmy2.ch\/worldpress\/90284602-f5ce-4908-a722-02f157313af7\/'><img loading=\"lazy\" decoding=\"async\" width=\"300\" height=\"225\" src=\"https:\/\/www.jimmy2.ch\/worldpress\/wp-content\/uploads\/2019\/10\/90284602-F5CE-4908-A722-02F157313AF7-300x225.jpeg\" class=\"attachment-medium size-medium\" alt=\"\" srcset=\"https:\/\/www.jimmy2.ch\/worldpress\/wp-content\/uploads\/2019\/10\/90284602-F5CE-4908-A722-02F157313AF7-300x225.jpeg 300w, https:\/\/www.jimmy2.ch\/worldpress\/wp-content\/uploads\/2019\/10\/90284602-F5CE-4908-A722-02F157313AF7-768x576.jpeg 768w, https:\/\/www.jimmy2.ch\/worldpress\/wp-content\/uploads\/2019\/10\/90284602-F5CE-4908-A722-02F157313AF7-1024x768.jpeg 1024w, https:\/\/www.jimmy2.ch\/worldpress\/wp-content\/uploads\/2019\/10\/90284602-F5CE-4908-A722-02F157313AF7.jpeg 2048w\" sizes=\"auto, (max-width: 300px) 100vw, 300px\" \/><\/a>\n\t\t\t<\/dt><\/dl><br style=\"clear: both\" \/>\n\t\t<\/div>\n\n<p>Dann beginnt es zu regnen. Im Fernsehen kommt nichts was mich interessiert. Christa schaut etwas Fussball. Ich schreibe an meinem Blog und dann gehen wir fr\u00fch zu Bett.<\/p>\n<p><iframe loading=\"lazy\" title=\"Caravan Salon Bern\" width=\"960\" height=\"540\" src=\"https:\/\/www.youtube.com\/embed\/ydBOmg5VcH8?feature=oembed\" frameborder=\"0\" allow=\"accelerometer; autoplay; encrypted-media; gyroscope; picture-in-picture\" allowfullscreen><\/iframe><\/p>\n","protected":false},"excerpt":{"rendered":"<p>Donnerstag 24. Oktober 2019 Br\u00fcttisellen &#8211; Bern Caravan Salon 129 km Reise 2 1\/2 Stunden Wetter durchzogenen, am Abend Regen Christa muss heute fr\u00fch raus. Ich bin es ja gewohnt so fr\u00fch aufzustehen. Um viertel nach Sieben startet Jimmy2. Es &hellip; <a href=\"https:\/\/www.jimmy2.ch\/worldpress\/2019\/10\/24\/bern-expo-caravan-salon\/\">Continue reading <span class=\"meta-nav\">&rarr;<\/span><\/a><\/p>\n","protected":false},"author":1,"featured_media":0,"comment_status":"open","ping_status":"open","sticky":false,"template":"","format":"standard","meta":{"footnotes":""},"categories":[72],"tags":[302,304,303],"class_list":["post-4720","post","type-post","status-publish","format-standard","hentry","category-schweiz","tag-bern","tag-caravan-salon","tag-expo"],"_links":{"self":[{"href":"https:\/\/www.jimmy2.ch\/worldpress\/wp-json\/wp\/v2\/posts\/4720","targetHints":{"allow":["GET"]}}],"collection":[{"href":"https:\/\/www.jimmy2.ch\/worldpress\/wp-json\/wp\/v2\/posts"}],"about":[{"href":"https:\/\/www.jimmy2.ch\/worldpress\/wp-json\/wp\/v2\/types\/post"}],"author":[{"embeddable":true,"href":"https:\/\/www.jimmy2.ch\/worldpress\/wp-json\/wp\/v2\/users\/1"}],"replies":[{"embeddable":true,"href":"https:\/\/www.jimmy2.ch\/worldpress\/wp-json\/wp\/v2\/comments?post=4720"}],"version-history":[{"count":4,"href":"https:\/\/www.jimmy2.ch\/worldpress\/wp-json\/wp\/v2\/posts\/4720\/revisions"}],"predecessor-version":[{"id":4739,"href":"https:\/\/www.jimmy2.ch\/worldpress\/wp-json\/wp\/v2\/posts\/4720\/revisions\/4739"}],"wp:attachment":[{"href":"https:\/\/www.jimmy2.ch\/worldpress\/wp-json\/wp\/v2\/media?parent=4720"}],"wp:term":[{"taxonomy":"category","embeddable":true,"href":"https:\/\/www.jimmy2.ch\/worldpress\/wp-json\/wp\/v2\/categories?post=4720"},{"taxonomy":"post_tag","embeddable":true,"href":"https:\/\/www.jimmy2.ch\/worldpress\/wp-json\/wp\/v2\/tags?post=4720"}],"curies":[{"name":"wp","href":"https:\/\/api.w.org\/{rel}","templated":true}]}}