{"id":367,"date":"2017-01-23T21:55:47","date_gmt":"2017-01-23T19:55:47","guid":{"rendered":"http:\/\/www.jimmy2.ch\/worldpress\/?p=367"},"modified":"2021-12-15T18:39:02","modified_gmt":"2021-12-15T16:39:02","slug":"wir-sind-am-mittelmeer-angekommen","status":"publish","type":"post","link":"https:\/\/www.jimmy2.ch\/worldpress\/2017\/01\/23\/wir-sind-am-mittelmeer-angekommen\/","title":{"rendered":"Wir sind am Mittelmeer angekommen"},"content":{"rendered":"<p style=\"text-align: center;\"><strong><u>Montag 23. Januar 2017<\/u><\/strong><\/p>\n<p style=\"text-align: center;\">Le Bourget-du-Lac \u2013 Palavas-les-Flots<\/p>\n<p style=\"text-align: center;\">44&#8217;257 \u2013 44\u2019627 km = 370 km<\/p>\n<p style=\"text-align: center;\">Beim Start d\u00fcster -2\u00b0C \/ am Ziel bew\u00f6lkt 7\u00b0C<\/p>\n<p>Wir schlafen gut. Aber um 6 Uhr muss Jimmy raus. Es ist bitter kalt. Danach schlafen wir nochmals bis 8.15 Uhr. Draussen ist es d\u00fcster und kalt. Unser Dach ist immer noch voll Eis und darum ist auch von der Solaranlage nichts zu erwarten.<\/p>\n<p><a href=\"https:\/\/www.jimmy2.ch\/worldpress\/wp-content\/uploads\/2017\/01\/IMG_6427.jpg\"><img loading=\"lazy\" decoding=\"async\" class=\"size-medium wp-image-377 aligncenter\" src=\"https:\/\/www.jimmy2.ch\/worldpress\/wp-content\/uploads\/2017\/01\/IMG_6427-300x225.jpg\" alt=\"\" width=\"300\" height=\"225\" srcset=\"https:\/\/www.jimmy2.ch\/worldpress\/wp-content\/uploads\/2017\/01\/IMG_6427-300x225.jpg 300w, https:\/\/www.jimmy2.ch\/worldpress\/wp-content\/uploads\/2017\/01\/IMG_6427-768x576.jpg 768w, https:\/\/www.jimmy2.ch\/worldpress\/wp-content\/uploads\/2017\/01\/IMG_6427-1024x769.jpg 1024w\" sizes=\"auto, (max-width: 300px) 100vw, 300px\" \/><\/a><\/p>\n<p>Um 10.15 Uhr geht es los. Abwasser ablassen und WC entleeren. Wir wollen auf Hauptstrassen nach Valence fahren. Leider klappt das nicht auf Anhieb. Wir verpassen die entsprechende Abfahrt und pl\u00f6tzlich kommt die letzte Ausfahrt vor der Zahlstelle nach Grenoble. Da will ich nicht hin. Also runter von der Autobahn. Auf der Karte finden wir die kleinen Ortschaften nicht durch die wir jetzt fahren. Und unser Navi will immer wieder zur\u00fcck auf die Autobahn. Also Navi 2 einsetzen und Zielort \u00abLes Echelles\u00bb eingeben. Das geht zackig aber die vorgeschlagene Route ist eher f\u00fcr PW\u2019s gedacht. Bevor die Strasse dann endg\u00fcltig zu eng f\u00fcr uns wird wenden wir und fahren die Stecke zur\u00fcck.<\/p>\n<p>Nach les Echelles geht es weiter Richtung \u00abTullins\u00bb. Dazwischen liegt aber das Massive de Chartreuse. Draussen ist es kalt und es hat mehr Schnee als zu Hause in Z\u00fcrich. Ich hoffe inst\u00e4ndig, dass ich die Schneeketten die ich nicht mitgenommen habe nicht brauchen werde. Die Dieselanzeige n\u00e4hert sich gegen Null. Aber da w\u00e4re ich selber schuld \u2013 keine der unterwegs angetroffenen Tankstellen war mir genehm. In Voiron hat es dann eine Tankstelle die mir passt. Tank f\u00fcllen und Sandwitches f\u00fcr den Zmittag kaufen. Die essen wir dann kurze Zeit sp\u00e4ter auf einem Kiesplatz.<\/p>\n<p><a href=\"https:\/\/www.jimmy2.ch\/worldpress\/wp-content\/uploads\/2017\/01\/IMG_6431.jpg\"><img loading=\"lazy\" decoding=\"async\" class=\"size-medium wp-image-378 aligncenter\" src=\"https:\/\/www.jimmy2.ch\/worldpress\/wp-content\/uploads\/2017\/01\/IMG_6431-300x225.jpg\" alt=\"\" width=\"300\" height=\"225\" srcset=\"https:\/\/www.jimmy2.ch\/worldpress\/wp-content\/uploads\/2017\/01\/IMG_6431-300x225.jpg 300w, https:\/\/www.jimmy2.ch\/worldpress\/wp-content\/uploads\/2017\/01\/IMG_6431-768x576.jpg 768w, https:\/\/www.jimmy2.ch\/worldpress\/wp-content\/uploads\/2017\/01\/IMG_6431-1024x768.jpg 1024w\" sizes=\"auto, (max-width: 300px) 100vw, 300px\" \/><\/a><\/p>\n<p>Inzwischen ist es 13 Uhr. Weit sind wir noch nicht gekommen. Ausserdem hatte ich genug vom Landstrassen- und Kreisverkehrfahren, so nehmen wir die n\u00e4chste Auffahrt auf die Autobahn. Ticket ziehen und Tempomat auf 93 km\/h einstellen. Es ist recht monoton auf der Autobahn. Zu sehen gibt es eigentlich nichts. Dann hat es viele LKW\u2019s und so muss ich immer wieder \u00fcberholen. Obwohl ich diese Strecke vor vielen Jahren schon ein paar Mal gefahren bin kommt sie mir nicht bekannt vor.<\/p>\n<p>Ausser den Rastplatz \u00abPorte du Soleil\u00bb der jetzt kommt. Hier machten wir eine Rast als wir im M\u00e4rz 2010 mit dem Wohnwagen nach Montp\u00e9llier gefahren sind. Es war damals Mitte M\u00e4rz und das ganze Rhone-Tal war Schnee bedeckt und wir wollten in den S\u00fcden dem Fr\u00fchling entgegen. Heute ist alles braun. Die Sonne scheint inzwischen und taut langsam das Eis auf meinem Dach auf.<\/p>\n<p style=\"text-align: center;\"><a href=\"https:\/\/www.jimmy2.ch\/worldpress\/wp-content\/uploads\/2017\/01\/IMG_6433.jpg\"><img loading=\"lazy\" decoding=\"async\" class=\"alignnone size-medium wp-image-379\" src=\"https:\/\/www.jimmy2.ch\/worldpress\/wp-content\/uploads\/2017\/01\/IMG_6433-300x225.jpg\" alt=\"\" width=\"300\" height=\"225\" srcset=\"https:\/\/www.jimmy2.ch\/worldpress\/wp-content\/uploads\/2017\/01\/IMG_6433-300x225.jpg 300w, https:\/\/www.jimmy2.ch\/worldpress\/wp-content\/uploads\/2017\/01\/IMG_6433-768x576.jpg 768w, https:\/\/www.jimmy2.ch\/worldpress\/wp-content\/uploads\/2017\/01\/IMG_6433-1024x768.jpg 1024w\" sizes=\"auto, (max-width: 300px) 100vw, 300px\" \/><\/a>&nbsp;&nbsp;&nbsp;&nbsp; <a href=\"https:\/\/www.jimmy2.ch\/worldpress\/wp-content\/uploads\/2017\/01\/IMG_6434.jpg\"><img loading=\"lazy\" decoding=\"async\" class=\"alignnone size-medium wp-image-380\" src=\"https:\/\/www.jimmy2.ch\/worldpress\/wp-content\/uploads\/2017\/01\/IMG_6434-300x225.jpg\" alt=\"\" width=\"300\" height=\"225\" srcset=\"https:\/\/www.jimmy2.ch\/worldpress\/wp-content\/uploads\/2017\/01\/IMG_6434-300x225.jpg 300w, https:\/\/www.jimmy2.ch\/worldpress\/wp-content\/uploads\/2017\/01\/IMG_6434-768x576.jpg 768w, https:\/\/www.jimmy2.ch\/worldpress\/wp-content\/uploads\/2017\/01\/IMG_6434-1024x768.jpg 1024w\" sizes=\"auto, (max-width: 300px) 100vw, 300px\" \/><\/a><\/p>\n<p>Wir machen hier eine kurze Kaffee-Pause. Jimmy kann auch noch raus \u2013 hat aber eigentlich keine Lust.<\/p>\n<p>Also wieder rein ins WoMo und den Rest der Strecke in Angriff nehmen. Endlich ist es geschafft \u2013 die Ausfahrt nach Palavas-les-Flots kommt. Im Kreisel noch die falsche Ausfahrt erwischt und deshalb eine Ehrenrunde gedreht. Aber dann um 17 Uhr stehen wir vor der Einfahrt zum Stellplatz.<\/p>\n<p>&nbsp;<\/p>\n<p><a href=\"https:\/\/www.jimmy2.ch\/worldpress\/wp-content\/uploads\/2017\/01\/IMG_6444.jpg\"><img loading=\"lazy\" decoding=\"async\" class=\"size-medium wp-image-416 aligncenter\" src=\"https:\/\/www.jimmy2.ch\/worldpress\/wp-content\/uploads\/2017\/01\/IMG_6444-300x225.jpg\" alt=\"\" width=\"300\" height=\"225\" srcset=\"https:\/\/www.jimmy2.ch\/worldpress\/wp-content\/uploads\/2017\/01\/IMG_6444-300x225.jpg 300w, https:\/\/www.jimmy2.ch\/worldpress\/wp-content\/uploads\/2017\/01\/IMG_6444-768x576.jpg 768w, https:\/\/www.jimmy2.ch\/worldpress\/wp-content\/uploads\/2017\/01\/IMG_6444-1024x768.jpg 1024w\" sizes=\"auto, (max-width: 300px) 100vw, 300px\" \/><\/a><\/p>\n<p><a href=\"https:\/\/www.jimmy2.ch\/worldpress\/wp-content\/uploads\/2017\/01\/IMG_6445.jpg\"><img loading=\"lazy\" decoding=\"async\" class=\"size-medium wp-image-417 aligncenter\" src=\"https:\/\/www.jimmy2.ch\/worldpress\/wp-content\/uploads\/2017\/01\/IMG_6445-300x225.jpg\" alt=\"\" width=\"300\" height=\"225\" srcset=\"https:\/\/www.jimmy2.ch\/worldpress\/wp-content\/uploads\/2017\/01\/IMG_6445-300x225.jpg 300w, https:\/\/www.jimmy2.ch\/worldpress\/wp-content\/uploads\/2017\/01\/IMG_6445-768x576.jpg 768w, https:\/\/www.jimmy2.ch\/worldpress\/wp-content\/uploads\/2017\/01\/IMG_6445-1024x768.jpg 1024w\" sizes=\"auto, (max-width: 300px) 100vw, 300px\" \/><\/a><\/p>\n<p>Am Empfang anmelden und gleich f\u00fcr 2 N\u00e4chte bezahlen. 34 Euro inkl. Strom, benutzen der Sanit\u00e4ranlagen und Ver- und Entsorgen. Platz hat es genug.<\/p>\n<p><a href=\"https:\/\/www.jimmy2.ch\/worldpress\/wp-content\/uploads\/2017\/01\/IMG_6436.jpg\"><img loading=\"lazy\" decoding=\"async\" class=\"size-medium wp-image-381 aligncenter\" src=\"https:\/\/www.jimmy2.ch\/worldpress\/wp-content\/uploads\/2017\/01\/IMG_6436-300x126.jpg\" alt=\"\" width=\"300\" height=\"126\" srcset=\"https:\/\/www.jimmy2.ch\/worldpress\/wp-content\/uploads\/2017\/01\/IMG_6436-300x126.jpg 300w, https:\/\/www.jimmy2.ch\/worldpress\/wp-content\/uploads\/2017\/01\/IMG_6436-768x322.jpg 768w, https:\/\/www.jimmy2.ch\/worldpress\/wp-content\/uploads\/2017\/01\/IMG_6436-1024x429.jpg 1024w\" sizes=\"auto, (max-width: 300px) 100vw, 300px\" \/><\/a><\/p>\n<p>Das Wohnmobil parkieren und dann einen kurzen Spaziergang ins Dorf machen. Es ist noch angenehm \u00abwarm\u00bb mit 7\u00b0C. Viel ist nicht los. Eigentlich gar nichts.<\/p>\n<p><a href=\"https:\/\/www.jimmy2.ch\/worldpress\/wp-content\/uploads\/2017\/01\/IMG_6438-e1485373872741.jpg\"><img loading=\"lazy\" decoding=\"async\" class=\"size-medium wp-image-382 aligncenter\" src=\"https:\/\/www.jimmy2.ch\/worldpress\/wp-content\/uploads\/2017\/01\/IMG_6438-e1485373872741-225x300.jpg\" alt=\"\" width=\"225\" height=\"300\" srcset=\"https:\/\/www.jimmy2.ch\/worldpress\/wp-content\/uploads\/2017\/01\/IMG_6438-e1485373872741-225x300.jpg 225w, https:\/\/www.jimmy2.ch\/worldpress\/wp-content\/uploads\/2017\/01\/IMG_6438-e1485373872741-768x1024.jpg 768w\" sizes=\"auto, (max-width: 225px) 100vw, 225px\" \/><\/a><\/p>\n<p><a href=\"https:\/\/www.jimmy2.ch\/worldpress\/wp-content\/uploads\/2017\/01\/IMG_6439.jpg\"><img loading=\"lazy\" decoding=\"async\" class=\"size-medium wp-image-383 aligncenter\" src=\"https:\/\/www.jimmy2.ch\/worldpress\/wp-content\/uploads\/2017\/01\/IMG_6439-300x225.jpg\" alt=\"\" width=\"300\" height=\"225\" srcset=\"https:\/\/www.jimmy2.ch\/worldpress\/wp-content\/uploads\/2017\/01\/IMG_6439-300x225.jpg 300w, https:\/\/www.jimmy2.ch\/worldpress\/wp-content\/uploads\/2017\/01\/IMG_6439-768x576.jpg 768w, https:\/\/www.jimmy2.ch\/worldpress\/wp-content\/uploads\/2017\/01\/IMG_6439-1024x768.jpg 1024w\" sizes=\"auto, (max-width: 300px) 100vw, 300px\" \/><\/a><\/p>\n<p>Aber wie sollte es auch um diese Jahreszeit. Auf dem R\u00fcckweg kaufen wir noch ein Baguette. Inzwischen ist es fast 19 Uhr. Ich mache eine Dose Gulasch auf. Dazu essen wir das Baguette. Christa mach den Abwasch. Dann schauen wir ob das Internet funktioniert \u2013 es funktioniert wie nicht anders erwartet. Nur das H\u00e4ndy von Christa macht etwas Probleme. Aber auch das kriege ich in den Griff. Dann kommt auch schon der ZDF Montags-Krimi. Anschliessend noch kurz mit Jimmy raus und schon ist unser 2. Ferientag zu Ende.<\/p>\n<p style=\"text-align: center;\"><a href=\"https:\/\/www.google.ch\/maps\/dir\/45.6532073,5.863165\/Aire+Camping+Cars+-+Paul+Riquet,+Le+Bassin+de+Plaisance,+34250+Palavas-les-Flots,+Frankreich\/@44.4155224,4.4650529,8.22z\/data=!4m19!4m18!1m10!3m4!1m2!1d5.7559833!2d45.4248752!3s0x478afdd651c0562d:0xaf4a9f65535a965a!3m4!1m2!1d5.6749872!2d45.4125863!3s0x478afcd1fe3beda9:0x9fd949dbd4929bc4!1m5!1m1!1s0x12b6ba61c6490df1:0xe46c01d6645c89da!2m2!1d3.9230527!2d43.5312924!3e0\" target=\"_blank\" rel=\"noopener\"><strong>Unsere heutige Route<\/strong><\/a><\/p>\n<p style=\"text-align: center;\"><a href=\"https:\/\/www.google.ch\/maps\/place\/Aire+Camping+Cars+-+Paul+Riquet\/@43.5312859,3.9217923,502m\/data=!3m1!1e3!4m13!1m7!3m6!1s0x12b6baf4a5683725:0xb90ed85ee9f1935a!2s34250+Palavas-les-Flots,+Frankreich!3b1!8m2!3d43.528906!4d3.933493!3m4!1s0x0:0xe46c01d6645c89da!8m2!3d43.5312923!4d3.9230525\" target=\"_blank\" rel=\"noopener\"><strong>Unser heutiger Standort<\/strong><\/a><\/p>\n","protected":false},"excerpt":{"rendered":"<p>Montag 23. Januar 2017 Le Bourget-du-Lac \u2013 Palavas-les-Flots 44&#8217;257 \u2013 44\u2019627 km = 370 km Beim Start d\u00fcster -2\u00b0C \/ am Ziel bew\u00f6lkt 7\u00b0C Wir schlafen gut. Aber um 6 Uhr muss Jimmy raus. Es ist bitter kalt. Danach schlafen &hellip; <a href=\"https:\/\/www.jimmy2.ch\/worldpress\/2017\/01\/23\/wir-sind-am-mittelmeer-angekommen\/\">Continue reading <span class=\"meta-nav\">&rarr;<\/span><\/a><\/p>\n","protected":false},"author":1,"featured_media":0,"comment_status":"closed","ping_status":"open","sticky":false,"template":"","format":"standard","meta":{"footnotes":""},"categories":[69],"tags":[9,8],"class_list":["post-367","post","type-post","status-publish","format-standard","hentry","category-frankreich","tag-34250-palavas-les-flots","tag-aire-camping-cars-paul-riquet"],"_links":{"self":[{"href":"https:\/\/www.jimmy2.ch\/worldpress\/wp-json\/wp\/v2\/posts\/367","targetHints":{"allow":["GET"]}}],"collection":[{"href":"https:\/\/www.jimmy2.ch\/worldpress\/wp-json\/wp\/v2\/posts"}],"about":[{"href":"https:\/\/www.jimmy2.ch\/worldpress\/wp-json\/wp\/v2\/types\/post"}],"author":[{"embeddable":true,"href":"https:\/\/www.jimmy2.ch\/worldpress\/wp-json\/wp\/v2\/users\/1"}],"replies":[{"embeddable":true,"href":"https:\/\/www.jimmy2.ch\/worldpress\/wp-json\/wp\/v2\/comments?post=367"}],"version-history":[{"count":6,"href":"https:\/\/www.jimmy2.ch\/worldpress\/wp-json\/wp\/v2\/posts\/367\/revisions"}],"predecessor-version":[{"id":12336,"href":"https:\/\/www.jimmy2.ch\/worldpress\/wp-json\/wp\/v2\/posts\/367\/revisions\/12336"}],"wp:attachment":[{"href":"https:\/\/www.jimmy2.ch\/worldpress\/wp-json\/wp\/v2\/media?parent=367"}],"wp:term":[{"taxonomy":"category","embeddable":true,"href":"https:\/\/www.jimmy2.ch\/worldpress\/wp-json\/wp\/v2\/categories?post=367"},{"taxonomy":"post_tag","embeddable":true,"href":"https:\/\/www.jimmy2.ch\/worldpress\/wp-json\/wp\/v2\/tags?post=367"}],"curies":[{"name":"wp","href":"https:\/\/api.w.org\/{rel}","templated":true}]}}