{"id":365,"date":"2017-01-22T22:53:48","date_gmt":"2017-01-22T20:53:48","guid":{"rendered":"http:\/\/www.jimmy2.ch\/worldpress\/?p=365"},"modified":"2021-12-16T18:21:51","modified_gmt":"2021-12-16T16:21:51","slug":"es-geht-los","status":"publish","type":"post","link":"https:\/\/www.jimmy2.ch\/worldpress\/2017\/01\/22\/es-geht-los\/","title":{"rendered":"Es geht los"},"content":{"rendered":"<p style=\"text-align: center;\"><strong><u>Sonntag 22. Januar 2017 <\/u><\/strong><\/p>\n<p style=\"text-align: center;\">Br\u00fcttisellen \u2013 Le Bourget-du-Lac<\/p>\n<p style=\"text-align: center;\">43&#8217;880 \u2013 44\u2019257 km = 377 km<\/p>\n<p style=\"text-align: center;\">Br\u00fcttisellen -6\u00b0 \/ Le Bourget-du-Lac bew\u00f6lkt 1.5\u00b0<\/p>\n<p style=\"text-align: center;\">\n<p>Um 6.30 Uhr stehe ich auf und bereite das Fr\u00fchst\u00fcck vor. Dann beginne ich mit den restlichen Vorbereitungen. Draussen ist es -6\u00b0C. Im Wohnmobil +6\u00b0C.<br \/>\nIch beginne mit dem Aufheizen und schalte zus\u00e4tzlich zur Elektroheizung welche die ganze Zeit \u00fcber gelaufen ist die Gasheizung ein.<\/p>\n<p style=\"text-align: center;\"><a href=\"https:\/\/www.jimmy2.ch\/worldpress\/wp-content\/uploads\/2017\/01\/IMG_6412-e1485373683696.jpg\"><img loading=\"lazy\" decoding=\"async\" class=\"alignnone size-medium wp-image-357\" src=\"https:\/\/www.jimmy2.ch\/worldpress\/wp-content\/uploads\/2017\/01\/IMG_6412-e1485373683696-225x300.jpg\" alt=\"\" width=\"225\" height=\"300\" srcset=\"https:\/\/www.jimmy2.ch\/worldpress\/wp-content\/uploads\/2017\/01\/IMG_6412-e1485373683696-225x300.jpg 225w, https:\/\/www.jimmy2.ch\/worldpress\/wp-content\/uploads\/2017\/01\/IMG_6412-e1485373683696-768x1024.jpg 768w\" sizes=\"auto, (max-width: 225px) 100vw, 225px\" \/><\/a>&nbsp;&nbsp;&nbsp;&nbsp;&nbsp;&nbsp;&nbsp; <a href=\"https:\/\/www.jimmy2.ch\/worldpress\/wp-content\/uploads\/2017\/01\/IMG_6413-e1485373710136.jpg\"><img loading=\"lazy\" decoding=\"async\" class=\"alignnone size-medium wp-image-358\" src=\"https:\/\/www.jimmy2.ch\/worldpress\/wp-content\/uploads\/2017\/01\/IMG_6413-e1485373710136-225x300.jpg\" alt=\"\" width=\"225\" height=\"300\" srcset=\"https:\/\/www.jimmy2.ch\/worldpress\/wp-content\/uploads\/2017\/01\/IMG_6413-e1485373710136-225x300.jpg 225w, https:\/\/www.jimmy2.ch\/worldpress\/wp-content\/uploads\/2017\/01\/IMG_6413-e1485373710136-768x1024.jpg 768w\" sizes=\"auto, (max-width: 225px) 100vw, 225px\" \/><\/a><\/p>\n<p>Wasser muss noch aufgef\u00fcllt und eine neue Gasflasche angeschlossen werden.<\/p>\n<p><a href=\"https:\/\/www.jimmy2.ch\/worldpress\/wp-content\/uploads\/2017\/01\/IMG_6420-e1485373804754.jpg\"><img loading=\"lazy\" decoding=\"async\" class=\"size-medium wp-image-372 aligncenter\" src=\"https:\/\/www.jimmy2.ch\/worldpress\/wp-content\/uploads\/2017\/01\/IMG_6420-e1485373804754-225x300.jpg\" alt=\"\" width=\"225\" height=\"300\" srcset=\"https:\/\/www.jimmy2.ch\/worldpress\/wp-content\/uploads\/2017\/01\/IMG_6420-e1485373804754-225x300.jpg 225w, https:\/\/www.jimmy2.ch\/worldpress\/wp-content\/uploads\/2017\/01\/IMG_6420-e1485373804754-768x1024.jpg 768w\" sizes=\"auto, (max-width: 225px) 100vw, 225px\" \/><\/a><\/p>\n<p>Esswaren und Getr\u00e4nke wollen auch noch eingeladen und verstaut werden. Seit unseren Herbstferien hat Jimmy immer wieder Probleme mit seinem Magen. Abkl\u00e4rungen haben ergeben, dass er an einer entz\u00fcndeten Bauchspeicheldr\u00fcse leidet. Nun muss er spezielles Futter essen. F\u00fcr diese Reise m\u00fcssen wir 25 kg Futter mitnehmen.<\/p>\n<p><a href=\"https:\/\/www.jimmy2.ch\/worldpress\/wp-content\/uploads\/2017\/01\/IMG_6414-e1485373739606.jpg\"><img loading=\"lazy\" decoding=\"async\" class=\"size-medium wp-image-362 aligncenter\" src=\"https:\/\/www.jimmy2.ch\/worldpress\/wp-content\/uploads\/2017\/01\/IMG_6414-e1485373739606-225x300.jpg\" alt=\"\" width=\"225\" height=\"300\" srcset=\"https:\/\/www.jimmy2.ch\/worldpress\/wp-content\/uploads\/2017\/01\/IMG_6414-e1485373739606-225x300.jpg 225w, https:\/\/www.jimmy2.ch\/worldpress\/wp-content\/uploads\/2017\/01\/IMG_6414-e1485373739606-768x1024.jpg 768w\" sizes=\"auto, (max-width: 225px) 100vw, 225px\" \/><\/a><\/p>\n<p style=\"text-align: center;\">Die \u00abGarage\u00bb ist auch schon mehr als voll.<\/p>\n<p><a href=\"https:\/\/www.jimmy2.ch\/worldpress\/wp-content\/uploads\/2017\/01\/IMG_6423-e1485373776971.jpg\"><img loading=\"lazy\" decoding=\"async\" class=\"size-medium wp-image-374 aligncenter\" src=\"https:\/\/www.jimmy2.ch\/worldpress\/wp-content\/uploads\/2017\/01\/IMG_6423-e1485373776971-225x300.jpg\" alt=\"\" width=\"225\" height=\"300\" srcset=\"https:\/\/www.jimmy2.ch\/worldpress\/wp-content\/uploads\/2017\/01\/IMG_6423-e1485373776971-225x300.jpg 225w, https:\/\/www.jimmy2.ch\/worldpress\/wp-content\/uploads\/2017\/01\/IMG_6423-e1485373776971-768x1024.jpg 768w\" sizes=\"auto, (max-width: 225px) 100vw, 225px\" \/><\/a><\/p>\n<p>Selbstverst\u00e4ndlich muss auch f\u00fcr unsere schlanke Linie noch etwas mit. Wie allgemein bekannt bin ich ein grosser Fan von Haribo Color Rado<\/p>\n<p><a href=\"https:\/\/www.jimmy2.ch\/worldpress\/wp-content\/uploads\/2017\/01\/IMG_6422.jpg\"><img loading=\"lazy\" decoding=\"async\" class=\"size-medium wp-image-373 aligncenter\" src=\"https:\/\/www.jimmy2.ch\/worldpress\/wp-content\/uploads\/2017\/01\/IMG_6422-300x253.jpg\" alt=\"\" width=\"300\" height=\"253\" srcset=\"https:\/\/www.jimmy2.ch\/worldpress\/wp-content\/uploads\/2017\/01\/IMG_6422-300x253.jpg 300w, https:\/\/www.jimmy2.ch\/worldpress\/wp-content\/uploads\/2017\/01\/IMG_6422-768x648.jpg 768w, https:\/\/www.jimmy2.ch\/worldpress\/wp-content\/uploads\/2017\/01\/IMG_6422-1024x865.jpg 1024w\" sizes=\"auto, (max-width: 300px) 100vw, 300px\" \/><\/a><\/p>\n<p>Ich h\u00e4tte nie gedacht, dass ich mit meinem Fahrzeug einmal Probleme mit dem Gewicht bekommen w\u00fcrde. Aber ich denke diese Reise werde ich mit ein paar Kilogramm \u00dcbergewicht antreten.<\/p>\n<p><a href=\"https:\/\/www.jimmy2.ch\/worldpress\/wp-content\/uploads\/2017\/01\/IMG_6417.jpg\"><img loading=\"lazy\" decoding=\"async\" class=\"size-medium wp-image-370 aligncenter\" src=\"https:\/\/www.jimmy2.ch\/worldpress\/wp-content\/uploads\/2017\/01\/IMG_6417-295x300.jpg\" alt=\"\" width=\"295\" height=\"300\" srcset=\"https:\/\/www.jimmy2.ch\/worldpress\/wp-content\/uploads\/2017\/01\/IMG_6417-295x300.jpg 295w, https:\/\/www.jimmy2.ch\/worldpress\/wp-content\/uploads\/2017\/01\/IMG_6417-768x780.jpg 768w, https:\/\/www.jimmy2.ch\/worldpress\/wp-content\/uploads\/2017\/01\/IMG_6417-1008x1024.jpg 1008w, https:\/\/www.jimmy2.ch\/worldpress\/wp-content\/uploads\/2017\/01\/IMG_6417.jpg 1914w\" sizes=\"auto, (max-width: 295px) 100vw, 295px\" \/><\/a><\/p>\n<p style=\"text-align: center;\">Die Tafel f\u00fcr Spanien die f\u00fcr den Fahrradtr\u00e4ger ben\u00f6tigt wird habe ich bereits gestern angebracht.<\/p>\n<p>Mein Ziel war es um 10 Uhr abzufahren. Leider schaffe ich das nicht ganz. Aber um 11 Uhr geht es dann los. Noch den Dieseltank auff\u00fcllen und dann ab auf die Autobahn Richtung Genf.<\/p>\n<p><a href=\"https:\/\/www.jimmy2.ch\/worldpress\/wp-content\/uploads\/2017\/01\/IMG_6425.jpg\"><img loading=\"lazy\" decoding=\"async\" class=\"size-medium wp-image-375 aligncenter\" src=\"https:\/\/www.jimmy2.ch\/worldpress\/wp-content\/uploads\/2017\/01\/IMG_6425-300x225.jpg\" alt=\"\" width=\"300\" height=\"225\" srcset=\"https:\/\/www.jimmy2.ch\/worldpress\/wp-content\/uploads\/2017\/01\/IMG_6425-300x225.jpg 300w, https:\/\/www.jimmy2.ch\/worldpress\/wp-content\/uploads\/2017\/01\/IMG_6425-768x576.jpg 768w, https:\/\/www.jimmy2.ch\/worldpress\/wp-content\/uploads\/2017\/01\/IMG_6425-1024x768.jpg 1024w\" sizes=\"auto, (max-width: 300px) 100vw, 300px\" \/><\/a><\/p>\n<p>Um 13.30 Uhr machen wir eine kurze Pause um etwas Kleines zu Essen. Nach 4 Stunden und 300 km verlassen wir die Schweiz und fahren Richtung Aix-les-Bains. Um 16.30 Uhr kommen wir auf dem Stellplatz in le Bourget-du-Lac an.<\/p>\n<p><a href=\"https:\/\/www.jimmy2.ch\/worldpress\/wp-content\/uploads\/2017\/01\/IMG_6442.png\"><img loading=\"lazy\" decoding=\"async\" class=\"size-medium wp-image-386 aligncenter\" src=\"https:\/\/www.jimmy2.ch\/worldpress\/wp-content\/uploads\/2017\/01\/IMG_6442-204x300.png\" alt=\"\" width=\"204\" height=\"300\" srcset=\"https:\/\/www.jimmy2.ch\/worldpress\/wp-content\/uploads\/2017\/01\/IMG_6442-204x300.png 204w, https:\/\/www.jimmy2.ch\/worldpress\/wp-content\/uploads\/2017\/01\/IMG_6442.png 640w\" sizes=\"auto, (max-width: 204px) 100vw, 204px\" \/><\/a><\/p>\n<p>Die Schranke ist offen und somit die \u00dcbernachtung gratis. Wir sind die Einzigen und k\u00f6nnen den Platz frei w\u00e4hlen. Es ist bew\u00f6lkt und recht frisch.<\/p>\n<p><a href=\"https:\/\/www.jimmy2.ch\/worldpress\/wp-content\/uploads\/2017\/01\/IMG_6426.jpg\"><img loading=\"lazy\" decoding=\"async\" class=\"size-medium wp-image-376 aligncenter\" src=\"https:\/\/www.jimmy2.ch\/worldpress\/wp-content\/uploads\/2017\/01\/IMG_6426-300x245.jpg\" alt=\"\" width=\"300\" height=\"245\" srcset=\"https:\/\/www.jimmy2.ch\/worldpress\/wp-content\/uploads\/2017\/01\/IMG_6426-300x245.jpg 300w, https:\/\/www.jimmy2.ch\/worldpress\/wp-content\/uploads\/2017\/01\/IMG_6426-768x628.jpg 768w, https:\/\/www.jimmy2.ch\/worldpress\/wp-content\/uploads\/2017\/01\/IMG_6426-1024x837.jpg 1024w\" sizes=\"auto, (max-width: 300px) 100vw, 300px\" \/><\/a><\/p>\n<p>Schnee hat es hier keinen mehr. Wir machen einen kurzen Spaziergang mit Jimmy. F\u00fcr Hundebesitzer ein absolut idealer Stellplatz. Strom gibt es keinen und das Wasser ist wegen Frost abgestellt. Nach der R\u00fcckkehr mache ich das Wohnmobil f\u00fcr die Nacht parat. Zum Znacht macht Christa \u00abR\u00f6hren\u00bb an einer Pestosauce. Dazu trinken wir ein Glas Rotwein. Ich gehe nochmals mit Jimmy raus und Christa erledigt derweil den Abwasch. Dann schauen wir den Tatort und anschliessend geht es in\u2019s Bett. Als wir nach draussen schauen sehen wir, dass sich noch ein Lieferungswagen aus Polen zu uns gesellt hat.<\/p>\n<p style=\"text-align: center;\"><a href=\"https:\/\/www.google.ch\/maps\/dir\/45.6529097,5.863153\/Haldenstrasse+22,+8306+Br%C3%BCttisellen\/@46.55016,6.12434,8z\/am=t\/data=!3m1!4b1!4m8!4m7!1m0!1m5!1m1!1s0x479aa1eabb483f7f:0x8789d98e5c561d17!2m2!1d8.6304753!2d47.419971\" target=\"_blank\" rel=\"noopener\"><strong>Unsere heutige Route<\/strong><\/a><\/p>\n<p style=\"text-align: center;\"><a href=\"https:\/\/www.google.ch\/maps\/@45.6524869,5.8652734,1577a,35y,2.63t\/data=!3m1!1e3\" target=\"_blank\" rel=\"noopener\"><strong>Unser heutiger Standort<\/strong><\/a><\/p>\n","protected":false},"excerpt":{"rendered":"<p>Sonntag 22. Januar 2017 Br\u00fcttisellen \u2013 Le Bourget-du-Lac 43&#8217;880 \u2013 44\u2019257 km = 377 km Br\u00fcttisellen -6\u00b0 \/ Le Bourget-du-Lac bew\u00f6lkt 1.5\u00b0 Um 6.30 Uhr stehe ich auf und bereite das Fr\u00fchst\u00fcck vor. Dann beginne ich mit den restlichen Vorbereitungen. &hellip; <a href=\"https:\/\/www.jimmy2.ch\/worldpress\/2017\/01\/22\/es-geht-los\/\">Continue reading <span class=\"meta-nav\">&rarr;<\/span><\/a><\/p>\n","protected":false},"author":1,"featured_media":0,"comment_status":"closed","ping_status":"open","sticky":false,"template":"","format":"standard","meta":{"footnotes":""},"categories":[69,72],"tags":[94,6],"class_list":["post-365","post","type-post","status-publish","format-standard","hentry","category-frankreich","category-schweiz","tag-frankreich","tag-le-bourget-du-lac"],"_links":{"self":[{"href":"https:\/\/www.jimmy2.ch\/worldpress\/wp-json\/wp\/v2\/posts\/365","targetHints":{"allow":["GET"]}}],"collection":[{"href":"https:\/\/www.jimmy2.ch\/worldpress\/wp-json\/wp\/v2\/posts"}],"about":[{"href":"https:\/\/www.jimmy2.ch\/worldpress\/wp-json\/wp\/v2\/types\/post"}],"author":[{"embeddable":true,"href":"https:\/\/www.jimmy2.ch\/worldpress\/wp-json\/wp\/v2\/users\/1"}],"replies":[{"embeddable":true,"href":"https:\/\/www.jimmy2.ch\/worldpress\/wp-json\/wp\/v2\/comments?post=365"}],"version-history":[{"count":10,"href":"https:\/\/www.jimmy2.ch\/worldpress\/wp-json\/wp\/v2\/posts\/365\/revisions"}],"predecessor-version":[{"id":12360,"href":"https:\/\/www.jimmy2.ch\/worldpress\/wp-json\/wp\/v2\/posts\/365\/revisions\/12360"}],"wp:attachment":[{"href":"https:\/\/www.jimmy2.ch\/worldpress\/wp-json\/wp\/v2\/media?parent=365"}],"wp:term":[{"taxonomy":"category","embeddable":true,"href":"https:\/\/www.jimmy2.ch\/worldpress\/wp-json\/wp\/v2\/categories?post=365"},{"taxonomy":"post_tag","embeddable":true,"href":"https:\/\/www.jimmy2.ch\/worldpress\/wp-json\/wp\/v2\/tags?post=365"}],"curies":[{"name":"wp","href":"https:\/\/api.w.org\/{rel}","templated":true}]}}