{"id":354,"date":"2017-01-18T18:35:04","date_gmt":"2017-01-18T16:35:04","guid":{"rendered":"http:\/\/www.jimmy2.ch\/worldpress\/?p=354"},"modified":"2017-11-22T19:47:31","modified_gmt":"2017-11-22T18:47:31","slug":"wintereinbruch-in-calpe-spanien","status":"publish","type":"post","link":"https:\/\/www.jimmy2.ch\/worldpress\/2017\/01\/18\/wintereinbruch-in-calpe-spanien\/","title":{"rendered":"Wintereinbruch in Calpe \/ Spanien"},"content":{"rendered":"<p>Wie schauen immer wieder mal auf der Webseite von bei Ronny und Ulla vorbei.<\/p>\n<p><a href=\"http:\/\/www.ulla-ronny.de\/willkommen.html\" target=\"_blank\" rel=\"noopener\">http:\/\/www.ulla-ronny.de\/willkommen.html<\/a><\/p>\n<p>Sie \u00fcberwintern in Calpe und ver\u00f6ffentlichen t\u00e4glich ein Wetterfoto aus Calpe. Heute konnten wir folgende Fotos sehen.<\/p>\n<p><a href=\"https:\/\/www.jimmy2.ch\/worldpress\/wp-content\/uploads\/2017\/01\/Schnee-in-Calpe-I-18.1.2017.jpg\"><img loading=\"lazy\" decoding=\"async\" class=\"alignnone size-medium wp-image-352\" src=\"https:\/\/www.jimmy2.ch\/worldpress\/wp-content\/uploads\/2017\/01\/Schnee-in-Calpe-I-18.1.2017-300x184.jpg\" alt=\"\" width=\"300\" height=\"184\" srcset=\"https:\/\/www.jimmy2.ch\/worldpress\/wp-content\/uploads\/2017\/01\/Schnee-in-Calpe-I-18.1.2017-300x184.jpg 300w, https:\/\/www.jimmy2.ch\/worldpress\/wp-content\/uploads\/2017\/01\/Schnee-in-Calpe-I-18.1.2017.jpg 748w\" sizes=\"auto, (max-width: 300px) 100vw, 300px\" \/><\/a><\/p>\n<p><a href=\"https:\/\/www.jimmy2.ch\/worldpress\/wp-content\/uploads\/2017\/01\/Schnee-in-Calpe-II-18.1.2017.jpg\"><img loading=\"lazy\" decoding=\"async\" class=\"alignnone size-medium wp-image-353\" src=\"https:\/\/www.jimmy2.ch\/worldpress\/wp-content\/uploads\/2017\/01\/Schnee-in-Calpe-II-18.1.2017-300x244.jpg\" alt=\"\" width=\"300\" height=\"244\" srcset=\"https:\/\/www.jimmy2.ch\/worldpress\/wp-content\/uploads\/2017\/01\/Schnee-in-Calpe-II-18.1.2017-300x244.jpg 300w, https:\/\/www.jimmy2.ch\/worldpress\/wp-content\/uploads\/2017\/01\/Schnee-in-Calpe-II-18.1.2017-768x625.jpg 768w, https:\/\/www.jimmy2.ch\/worldpress\/wp-content\/uploads\/2017\/01\/Schnee-in-Calpe-II-18.1.2017.jpg 778w\" sizes=\"auto, (max-width: 300px) 100vw, 300px\" \/><\/a><\/p>\n<p>Wir wollen ja auch in die Region von Calpe fahren und hoffen, dass wir dann besseres Wetter vorfinden werden<\/p>\n","protected":false},"excerpt":{"rendered":"<p>Wie schauen immer wieder mal auf der Webseite von bei Ronny und Ulla vorbei. http:\/\/www.ulla-ronny.de\/willkommen.html Sie \u00fcberwintern in Calpe und ver\u00f6ffentlichen t\u00e4glich ein Wetterfoto aus Calpe. Heute konnten wir folgende Fotos sehen. Wir wollen ja auch in die Region von &hellip; <a href=\"https:\/\/www.jimmy2.ch\/worldpress\/2017\/01\/18\/wintereinbruch-in-calpe-spanien\/\">Continue reading <span class=\"meta-nav\">&rarr;<\/span><\/a><\/p>\n","protected":false},"author":1,"featured_media":0,"comment_status":"closed","ping_status":"open","sticky":false,"template":"","format":"standard","meta":{"footnotes":""},"categories":[62,70],"tags":[109],"class_list":["post-354","post","type-post","status-publish","format-standard","hentry","category-spanien","category-spanien2017","tag-ronny-und-ulla"],"_links":{"self":[{"href":"https:\/\/www.jimmy2.ch\/worldpress\/wp-json\/wp\/v2\/posts\/354","targetHints":{"allow":["GET"]}}],"collection":[{"href":"https:\/\/www.jimmy2.ch\/worldpress\/wp-json\/wp\/v2\/posts"}],"about":[{"href":"https:\/\/www.jimmy2.ch\/worldpress\/wp-json\/wp\/v2\/types\/post"}],"author":[{"embeddable":true,"href":"https:\/\/www.jimmy2.ch\/worldpress\/wp-json\/wp\/v2\/users\/1"}],"replies":[{"embeddable":true,"href":"https:\/\/www.jimmy2.ch\/worldpress\/wp-json\/wp\/v2\/comments?post=354"}],"version-history":[{"count":4,"href":"https:\/\/www.jimmy2.ch\/worldpress\/wp-json\/wp\/v2\/posts\/354\/revisions"}],"predecessor-version":[{"id":1693,"href":"https:\/\/www.jimmy2.ch\/worldpress\/wp-json\/wp\/v2\/posts\/354\/revisions\/1693"}],"wp:attachment":[{"href":"https:\/\/www.jimmy2.ch\/worldpress\/wp-json\/wp\/v2\/media?parent=354"}],"wp:term":[{"taxonomy":"category","embeddable":true,"href":"https:\/\/www.jimmy2.ch\/worldpress\/wp-json\/wp\/v2\/categories?post=354"},{"taxonomy":"post_tag","embeddable":true,"href":"https:\/\/www.jimmy2.ch\/worldpress\/wp-json\/wp\/v2\/tags?post=354"}],"curies":[{"name":"wp","href":"https:\/\/api.w.org\/{rel}","templated":true}]}}