{"id":3277,"date":"2018-05-21T19:50:23","date_gmt":"2018-05-21T18:50:23","guid":{"rendered":"http:\/\/www.jimmy2.ch\/worldpress\/?p=3277"},"modified":"2018-07-27T19:57:53","modified_gmt":"2018-07-27T18:57:53","slug":"reisemobilhafen-ueberlingen-4","status":"publish","type":"post","link":"https:\/\/www.jimmy2.ch\/worldpress\/2018\/05\/21\/reisemobilhafen-ueberlingen-4\/","title":{"rendered":"Reisemobilhafen \u00dcberlingen"},"content":{"rendered":"<p>Montag 21. Mai 2018. \u00a0Pfingst-Montag<br \/>\n\u00dcberlingen D Wohnmobilpark 10 Euro\/Nacht &#8211; Br\u00fcttisellen CH<br \/>\nWetter: Sonne pur<br \/>\nKoordinaten:<br \/>\nkm und Reise-Zeit: 91 km \u00a0 1 1\/2 Stunden<br \/>\nSolar:<br \/>\nInternet:<\/p>\n<p>\u201eNachem R\u00e4ge schint d Sunne\u201c so ist es heute.<\/p>\n<p>Bei angenehmen Temperaturen k\u00f6nnen wir draussen fr\u00fchst\u00fccken.<\/p>\n<p><img loading=\"lazy\" decoding=\"async\" class=\"aligncenter size-medium wp-image-3281\" src=\"https:\/\/www.jimmy2.ch\/worldpress\/wp-content\/uploads\/2018\/07\/92029477-A9BD-43DF-9118-75ED42345339-300x240.jpeg\" alt=\"\" width=\"300\" height=\"240\" srcset=\"https:\/\/www.jimmy2.ch\/worldpress\/wp-content\/uploads\/2018\/07\/92029477-A9BD-43DF-9118-75ED42345339-300x240.jpeg 300w, https:\/\/www.jimmy2.ch\/worldpress\/wp-content\/uploads\/2018\/07\/92029477-A9BD-43DF-9118-75ED42345339-768x615.jpeg 768w, https:\/\/www.jimmy2.ch\/worldpress\/wp-content\/uploads\/2018\/07\/92029477-A9BD-43DF-9118-75ED42345339-1024x820.jpeg 1024w\" sizes=\"auto, (max-width: 300px) 100vw, 300px\" \/><\/p>\n<p><img loading=\"lazy\" decoding=\"async\" class=\"aligncenter size-medium wp-image-3282\" src=\"https:\/\/www.jimmy2.ch\/worldpress\/wp-content\/uploads\/2018\/07\/9E73C334-BB33-45A9-9909-E9E25BDFC528-225x300.jpeg\" alt=\"\" width=\"225\" height=\"300\" srcset=\"https:\/\/www.jimmy2.ch\/worldpress\/wp-content\/uploads\/2018\/07\/9E73C334-BB33-45A9-9909-E9E25BDFC528-225x300.jpeg 225w, https:\/\/www.jimmy2.ch\/worldpress\/wp-content\/uploads\/2018\/07\/9E73C334-BB33-45A9-9909-E9E25BDFC528-768x1024.jpeg 768w, https:\/\/www.jimmy2.ch\/worldpress\/wp-content\/uploads\/2018\/07\/9E73C334-BB33-45A9-9909-E9E25BDFC528.jpeg 1957w\" sizes=\"auto, (max-width: 225px) 100vw, 225px\" \/><\/p>\n<p><img loading=\"lazy\" decoding=\"async\" class=\"aligncenter size-medium wp-image-3283\" src=\"https:\/\/www.jimmy2.ch\/worldpress\/wp-content\/uploads\/2018\/07\/2590D02B-88EA-48F2-B2A3-F1C59D2AD452-300x197.jpeg\" alt=\"\" width=\"300\" height=\"197\" srcset=\"https:\/\/www.jimmy2.ch\/worldpress\/wp-content\/uploads\/2018\/07\/2590D02B-88EA-48F2-B2A3-F1C59D2AD452-300x197.jpeg 300w, https:\/\/www.jimmy2.ch\/worldpress\/wp-content\/uploads\/2018\/07\/2590D02B-88EA-48F2-B2A3-F1C59D2AD452-768x504.jpeg 768w, https:\/\/www.jimmy2.ch\/worldpress\/wp-content\/uploads\/2018\/07\/2590D02B-88EA-48F2-B2A3-F1C59D2AD452-1024x672.jpeg 1024w\" sizes=\"auto, (max-width: 300px) 100vw, 300px\" \/><\/p>\n<p>Dann heisst es zusammenpacken und das Wohnmobil f\u00fcr die Heimreise parat machen. Zu Hause wartet wieder viel Arbeit auf uns.<\/p>\n<p>Um 11 Uhr verlassen wir den Platz. Gerne kommen wir wieder, dann hat hoffentlich der EDEKA der gebaut wird offen.<\/p>\n<p>&nbsp;<\/p>\n<p>&nbsp;<\/p>\n<p>&nbsp;<\/p>\n<p>Als ich um 5 Uhr mit Jimmy raus gehe ist es gerade Mal 9\u00b0 warm. Gegen halb neun werden wir durch Sonnenstrahlen geweckt. Leider ist das nur von kurzer Dauer. Es hat noch zu viel Feuchtigkeit vom gestrigen Gewitter in der Luft. Gegen Mittag fahren wir mit Bus nach \u00dcberlingen hinunter. Etwas Shopping \/ Schuhe kaufen dann im allegro essen. Nach einem Eisbecher geht es wieder zur\u00fcck zum Stellplatz. Jedenfalls f\u00fcr mich. Christa bleibt im Bus sitzen und f\u00e4hrt nochmals hinunter. Sie sucht noch einen Schal. Ich sitze noch etwas draussen obwohl es eher frisch ist. Gegen halb vier kommt auch Christa. Sie hat nichts gefunden. Auch sie will noch etwas draussen sitzen. Aber daraus wird nichts. Es beginnt zu regnen. Und so verlegen wir unsere Siesta nach drinnen. Gegen 18 Uhr ist der regen zu Ende. Aber es ist frisch draussen. Wir schauen noch etwas fern und machen ein kleines Nachtessen. Dann kommt die Eishockey WM Canada &#8211; Schweiz. Die Schweiz gewinnt 2:3 und steht damit im Halbfinal.<\/p>\n","protected":false},"excerpt":{"rendered":"<p>Montag 21. Mai 2018. \u00a0Pfingst-Montag \u00dcberlingen D Wohnmobilpark 10 Euro\/Nacht &#8211; Br\u00fcttisellen CH Wetter: Sonne pur Koordinaten: km und Reise-Zeit: 91 km \u00a0 1 1\/2 Stunden Solar: Internet: \u201eNachem R\u00e4ge schint d Sunne\u201c so ist es heute. Bei angenehmen Temperaturen &hellip; <a href=\"https:\/\/www.jimmy2.ch\/worldpress\/2018\/05\/21\/reisemobilhafen-ueberlingen-4\/\">Continue reading <span class=\"meta-nav\">&rarr;<\/span><\/a><\/p>\n","protected":false},"author":1,"featured_media":0,"comment_status":"open","ping_status":"open","sticky":false,"template":"","format":"standard","meta":{"footnotes":""},"categories":[63],"tags":[66,249,247,246],"class_list":["post-3277","post","type-post","status-publish","format-standard","hentry","category-deutschland","tag-deutschland","tag-pfingstmontag","tag-reisemobilhafen","tag-ueberlingen"],"_links":{"self":[{"href":"https:\/\/www.jimmy2.ch\/worldpress\/wp-json\/wp\/v2\/posts\/3277","targetHints":{"allow":["GET"]}}],"collection":[{"href":"https:\/\/www.jimmy2.ch\/worldpress\/wp-json\/wp\/v2\/posts"}],"about":[{"href":"https:\/\/www.jimmy2.ch\/worldpress\/wp-json\/wp\/v2\/types\/post"}],"author":[{"embeddable":true,"href":"https:\/\/www.jimmy2.ch\/worldpress\/wp-json\/wp\/v2\/users\/1"}],"replies":[{"embeddable":true,"href":"https:\/\/www.jimmy2.ch\/worldpress\/wp-json\/wp\/v2\/comments?post=3277"}],"version-history":[{"count":2,"href":"https:\/\/www.jimmy2.ch\/worldpress\/wp-json\/wp\/v2\/posts\/3277\/revisions"}],"predecessor-version":[{"id":3284,"href":"https:\/\/www.jimmy2.ch\/worldpress\/wp-json\/wp\/v2\/posts\/3277\/revisions\/3284"}],"wp:attachment":[{"href":"https:\/\/www.jimmy2.ch\/worldpress\/wp-json\/wp\/v2\/media?parent=3277"}],"wp:term":[{"taxonomy":"category","embeddable":true,"href":"https:\/\/www.jimmy2.ch\/worldpress\/wp-json\/wp\/v2\/categories?post=3277"},{"taxonomy":"post_tag","embeddable":true,"href":"https:\/\/www.jimmy2.ch\/worldpress\/wp-json\/wp\/v2\/tags?post=3277"}],"curies":[{"name":"wp","href":"https:\/\/api.w.org\/{rel}","templated":true}]}}