{"id":28688,"date":"2025-04-30T22:16:00","date_gmt":"2025-04-30T21:16:00","guid":{"rendered":"https:\/\/www.jimmy2.ch\/worldpress\/?p=28688"},"modified":"2025-05-11T12:25:39","modified_gmt":"2025-05-11T11:25:39","slug":"ronda-e","status":"publish","type":"post","link":"https:\/\/www.jimmy2.ch\/worldpress\/2025\/04\/30\/ronda-e\/","title":{"rendered":"Ronda E"},"content":{"rendered":"\n<p class=\"has-text-align-center\">Mittwoch 30. April 2025 \/ Tag 1300<br>Ronda E<br><br>Area Autocaravanas Ciudad de Ronda<br>24 \u20ac v+e+strom Dusche 1 \u20ac<br><br>36.75221, -5.14753 720 M\u00fcM<br><br><br>Eine st\u00fcrmische Nacht und ein st\u00fcrmischer Tag. Aber die Sonne scheint noch etwas. Ab Mittag Sonne aber der Sturm bleibt. <br><br><br>Seit meinem letzten Eintrag vom 4. April ist nicht viel passiert. Wir haben noch 2 Termine in Spanien bevor wir in die Schweiz zur\u00fcckreisen k\u00f6nnen. <br><br>Von Jerez de la Frontera sind wir zur\u00fcck nach El Puerto de Santa Maria gefahren. <br><br>Anschliessend \u00fcber Tarifa, Malaga zur Area Malagabeach in La Cala del Moral wo wir die Ostertage verbrachten. <br><br>Von der Area Malagabeach in La Cala del Moral ging es weiter nach Ronda wo wie jetzt stehen. <br><br>1\u2018300 Tage leben wir nun schon im Wohnmobil und es werden noch einige Tage dazukommen.<br><br>Den ersten Eintrag im Blog jimmy2.ch habe ich am 13. November 2015 gemacht &#8211; vor gut 9 1\/2 Jahren. <br><br>Nun habe ich mich entschlossen eine<br><br><strong>Sendepause<\/strong> <\/p>\n\n\n\n<figure class=\"wp-block-image size-large\"><img loading=\"lazy\" decoding=\"async\" width=\"1024\" height=\"719\" src=\"https:\/\/www.jimmy2.ch\/worldpress\/wp-content\/uploads\/2025\/04\/IMG_7125-1024x719.png\" alt=\"\" class=\"wp-image-28696\" srcset=\"https:\/\/www.jimmy2.ch\/worldpress\/wp-content\/uploads\/2025\/04\/IMG_7125-1024x719.png 1024w, https:\/\/www.jimmy2.ch\/worldpress\/wp-content\/uploads\/2025\/04\/IMG_7125-300x211.png 300w, https:\/\/www.jimmy2.ch\/worldpress\/wp-content\/uploads\/2025\/04\/IMG_7125-768x539.png 768w, https:\/\/www.jimmy2.ch\/worldpress\/wp-content\/uploads\/2025\/04\/IMG_7125.png 1280w\" sizes=\"auto, (max-width: 1024px) 100vw, 1024px\" \/><\/figure>\n\n\n\n<p class=\"has-text-align-center\"><br><br>einzulegen. <br><br>Wer mir trotzdem folgen m\u00f6chte kann dies \u00fcber <br><br><strong><a href=\"https:\/\/www.polarsteps.com\/Jimmy2ch\">Polarsteps<\/a><\/strong><br><br>machen. Auf Polarsteps versuche ich tagesaktuell unsere Reise zu dokumentieren. <br><br>Ab und zu gibt es auch etwas auf <a href=\"https:\/\/www.instagram.com\/jimmy2ch?igsh=bzZrZDI4YW0xbGU0&amp;utm_source=qr\">Instagram<\/a> oder <a href=\"https:\/\/youtube.com\/@rolandsartori1288?si=NPi-iA1M3TceWaKn\">YouTube<\/a>. <br><br> <br><br><br><\/p>\n","protected":false},"excerpt":{"rendered":"<p>Mittwoch 30. April 2025 \/ Tag 1300Ronda E Area Autocaravanas Ciudad de Ronda24 \u20ac v+e+strom Dusche 1 \u20ac 36.75221, -5.14753 720 M\u00fcM Eine st\u00fcrmische Nacht und ein st\u00fcrmischer Tag. Aber die Sonne scheint noch etwas. Ab Mittag Sonne aber der &hellip; <a href=\"https:\/\/www.jimmy2.ch\/worldpress\/2025\/04\/30\/ronda-e\/\">Continue reading <span class=\"meta-nav\">&rarr;<\/span><\/a><\/p>\n","protected":false},"author":1,"featured_media":0,"comment_status":"open","ping_status":"open","sticky":false,"template":"","format":"standard","meta":{"footnotes":""},"categories":[62],"tags":[767,851,768,390,101,1565,770,84],"class_list":["post-28688","post","type-post","status-publish","format-standard","hentry","category-spanien","tag-leben-im-wohnmobil","tag-morelo","tag-reisen-im-wohnmobil","tag-ronda","tag-spanien","tag-unserrollendeszuhause","tag-wohnen-im-wohnmobil","tag-wohnmobil"],"_links":{"self":[{"href":"https:\/\/www.jimmy2.ch\/worldpress\/wp-json\/wp\/v2\/posts\/28688","targetHints":{"allow":["GET"]}}],"collection":[{"href":"https:\/\/www.jimmy2.ch\/worldpress\/wp-json\/wp\/v2\/posts"}],"about":[{"href":"https:\/\/www.jimmy2.ch\/worldpress\/wp-json\/wp\/v2\/types\/post"}],"author":[{"embeddable":true,"href":"https:\/\/www.jimmy2.ch\/worldpress\/wp-json\/wp\/v2\/users\/1"}],"replies":[{"embeddable":true,"href":"https:\/\/www.jimmy2.ch\/worldpress\/wp-json\/wp\/v2\/comments?post=28688"}],"version-history":[{"count":5,"href":"https:\/\/www.jimmy2.ch\/worldpress\/wp-json\/wp\/v2\/posts\/28688\/revisions"}],"predecessor-version":[{"id":28697,"href":"https:\/\/www.jimmy2.ch\/worldpress\/wp-json\/wp\/v2\/posts\/28688\/revisions\/28697"}],"wp:attachment":[{"href":"https:\/\/www.jimmy2.ch\/worldpress\/wp-json\/wp\/v2\/media?parent=28688"}],"wp:term":[{"taxonomy":"category","embeddable":true,"href":"https:\/\/www.jimmy2.ch\/worldpress\/wp-json\/wp\/v2\/categories?post=28688"},{"taxonomy":"post_tag","embeddable":true,"href":"https:\/\/www.jimmy2.ch\/worldpress\/wp-json\/wp\/v2\/tags?post=28688"}],"curies":[{"name":"wp","href":"https:\/\/api.w.org\/{rel}","templated":true}]}}