{"id":2857,"date":"2018-02-23T21:40:53","date_gmt":"2018-02-23T20:40:53","guid":{"rendered":"http:\/\/www.jimmy2.ch\/worldpress\/?p=2857"},"modified":"2018-02-24T11:47:12","modified_gmt":"2018-02-24T10:47:12","slug":"calpe-8","status":"publish","type":"post","link":"https:\/\/www.jimmy2.ch\/worldpress\/2018\/02\/23\/calpe-8\/","title":{"rendered":"Calpe"},"content":{"rendered":"<p><strong>Freitag 23. Februar 2018<\/strong><br \/>\nCalpe Camping &amp; Caravaning Resort sol de calpe austral<br \/>\nWetter: kalt, windig, sp\u00e4ter sonnig<br \/>\nKoordinaten: N 38\u202238\u201839\u201c W 0\u20223\u201835\u201c<br \/>\nKm und Reise-Zeit:<br \/>\nSolar: Ah Wh Volt \/ Landstrom<br \/>\nInternet: auf dem ganzen Platz inklusive gegen Abend sehr tr\u00e4ge<\/p>\n<p>Kurz nach 7 Uhr ist es draussen 4 Grad. Die sibirische K\u00e4lte hat uns im Griff. Der Wind macht es noch k\u00e4lter. Ich bin froh dass Christa mit Jimmy raus geht. Etwas sp\u00e4ter geht die Sonne auf. Wir tr\u00f6deln im Wohnmobil herum.<\/p>\n<p>Gegen 13 Uhr spazieren wir mit Jimmy ans Meer. Kaum ist die Polizei weg kommen die fliegenden H\u00e4ndler mit Ihren Taschen, Brillen, Schuhen etc. wieder.<\/p>\n<p><img loading=\"lazy\" decoding=\"async\" class=\"aligncenter size-medium wp-image-2849\" src=\"https:\/\/www.jimmy2.ch\/worldpress\/wp-content\/uploads\/2018\/02\/7DF679B7-79F1-480F-BF20-16A41AE9D3C5-297x300.jpeg\" alt=\"\" width=\"297\" height=\"300\" srcset=\"https:\/\/www.jimmy2.ch\/worldpress\/wp-content\/uploads\/2018\/02\/7DF679B7-79F1-480F-BF20-16A41AE9D3C5-297x300.jpeg 297w, https:\/\/www.jimmy2.ch\/worldpress\/wp-content\/uploads\/2018\/02\/7DF679B7-79F1-480F-BF20-16A41AE9D3C5-768x776.jpeg 768w, https:\/\/www.jimmy2.ch\/worldpress\/wp-content\/uploads\/2018\/02\/7DF679B7-79F1-480F-BF20-16A41AE9D3C5-1013x1024.jpeg 1013w\" sizes=\"auto, (max-width: 297px) 100vw, 297px\" \/><\/p>\n<p>Wir g\u00f6nnen uns einen Snack und geniessen die Stimmung. Dann bringen wir Jimmy zur\u00fcck ins Wohnmobil und fahren mit dem Roller Richtung Pe\u00f1\u00f3n de Ifach.<\/p>\n<p>Wir finden den Weg auf dem 341 Meter hohen Berg. Es sind 257 H\u00f6henmeter zu \u00fcberwinden. 1 x hinauf und dann wieder hinunter. Die Wanderung dauert ca. 2 Stunden.<\/p>\n<p><img loading=\"lazy\" decoding=\"async\" class=\"aligncenter size-medium wp-image-2858\" src=\"https:\/\/www.jimmy2.ch\/worldpress\/wp-content\/uploads\/2018\/02\/98A75F4F-AF94-4B68-A6C8-D1B433D257E5-300x253.jpeg\" alt=\"\" width=\"300\" height=\"253\" srcset=\"https:\/\/www.jimmy2.ch\/worldpress\/wp-content\/uploads\/2018\/02\/98A75F4F-AF94-4B68-A6C8-D1B433D257E5-300x253.jpeg 300w, https:\/\/www.jimmy2.ch\/worldpress\/wp-content\/uploads\/2018\/02\/98A75F4F-AF94-4B68-A6C8-D1B433D257E5-768x649.jpeg 768w, https:\/\/www.jimmy2.ch\/worldpress\/wp-content\/uploads\/2018\/02\/98A75F4F-AF94-4B68-A6C8-D1B433D257E5-1024x865.jpeg 1024w\" sizes=\"auto, (max-width: 300px) 100vw, 300px\" \/><\/p>\n<p>Zuviel f\u00fcr Christa\u2019s Knie. Ein ander Mal.<\/p>\n<p>Wir geniessen die herrliche Aussicht.<\/p>\n<p><img loading=\"lazy\" decoding=\"async\" class=\"aligncenter size-medium wp-image-2850\" src=\"https:\/\/www.jimmy2.ch\/worldpress\/wp-content\/uploads\/2018\/02\/98CB99D7-AF62-4FB9-9808-620EF311C8E0-300x239.jpeg\" alt=\"\" width=\"300\" height=\"239\" srcset=\"https:\/\/www.jimmy2.ch\/worldpress\/wp-content\/uploads\/2018\/02\/98CB99D7-AF62-4FB9-9808-620EF311C8E0-300x239.jpeg 300w, https:\/\/www.jimmy2.ch\/worldpress\/wp-content\/uploads\/2018\/02\/98CB99D7-AF62-4FB9-9808-620EF311C8E0-768x612.jpeg 768w, https:\/\/www.jimmy2.ch\/worldpress\/wp-content\/uploads\/2018\/02\/98CB99D7-AF62-4FB9-9808-620EF311C8E0-1024x816.jpeg 1024w\" sizes=\"auto, (max-width: 300px) 100vw, 300px\" \/><\/p>\n<p>&nbsp;<\/p>\n<p><img loading=\"lazy\" decoding=\"async\" class=\"aligncenter size-medium wp-image-2855\" src=\"https:\/\/www.jimmy2.ch\/worldpress\/wp-content\/uploads\/2018\/02\/85B78B39-2D0D-4AF9-BD0E-B306416BB842-300x111.jpeg\" alt=\"\" width=\"300\" height=\"111\" srcset=\"https:\/\/www.jimmy2.ch\/worldpress\/wp-content\/uploads\/2018\/02\/85B78B39-2D0D-4AF9-BD0E-B306416BB842-300x111.jpeg 300w, https:\/\/www.jimmy2.ch\/worldpress\/wp-content\/uploads\/2018\/02\/85B78B39-2D0D-4AF9-BD0E-B306416BB842-768x284.jpeg 768w, https:\/\/www.jimmy2.ch\/worldpress\/wp-content\/uploads\/2018\/02\/85B78B39-2D0D-4AF9-BD0E-B306416BB842-1024x379.jpeg 1024w\" sizes=\"auto, (max-width: 300px) 100vw, 300px\" \/><\/p>\n<p style=\"padding-left: 30px;\"><img loading=\"lazy\" decoding=\"async\" class=\"size-medium wp-image-2860 alignnone\" src=\"https:\/\/www.jimmy2.ch\/worldpress\/wp-content\/uploads\/2018\/02\/3D283004-552C-489B-95EC-33A13211199E-300x225.jpeg\" alt=\"\" width=\"300\" height=\"225\" srcset=\"https:\/\/www.jimmy2.ch\/worldpress\/wp-content\/uploads\/2018\/02\/3D283004-552C-489B-95EC-33A13211199E-300x225.jpeg 300w, https:\/\/www.jimmy2.ch\/worldpress\/wp-content\/uploads\/2018\/02\/3D283004-552C-489B-95EC-33A13211199E-768x576.jpeg 768w, https:\/\/www.jimmy2.ch\/worldpress\/wp-content\/uploads\/2018\/02\/3D283004-552C-489B-95EC-33A13211199E-1024x768.jpeg 1024w\" sizes=\"auto, (max-width: 300px) 100vw, 300px\" \/><\/p>\n<p style=\"text-align: center;\">Er oder sie hat alles im Griff.<\/p>\n<p style=\"text-align: left;\"><img loading=\"lazy\" decoding=\"async\" class=\"aligncenter size-medium wp-image-2851\" src=\"https:\/\/www.jimmy2.ch\/worldpress\/wp-content\/uploads\/2018\/02\/A4EACAB9-5BB7-43EA-8CBD-997DE2BFDE6F-225x300.jpeg\" alt=\"\" width=\"225\" height=\"300\" srcset=\"https:\/\/www.jimmy2.ch\/worldpress\/wp-content\/uploads\/2018\/02\/A4EACAB9-5BB7-43EA-8CBD-997DE2BFDE6F-225x300.jpeg 225w, https:\/\/www.jimmy2.ch\/worldpress\/wp-content\/uploads\/2018\/02\/A4EACAB9-5BB7-43EA-8CBD-997DE2BFDE6F-768x1024.jpeg 768w, https:\/\/www.jimmy2.ch\/worldpress\/wp-content\/uploads\/2018\/02\/A4EACAB9-5BB7-43EA-8CBD-997DE2BFDE6F.jpeg 1982w\" sizes=\"auto, (max-width: 225px) 100vw, 225px\" \/><\/p>\n<p>Im Hafen unter g\u00f6nnen wir uns noch einen Bananensplit und einen Caf\u00e9.<\/p>\n<p><img loading=\"lazy\" decoding=\"async\" class=\"aligncenter size-medium wp-image-2852\" src=\"https:\/\/www.jimmy2.ch\/worldpress\/wp-content\/uploads\/2018\/02\/E1F889A6-00EC-4743-B80A-330CFAE34ADB-300x207.jpeg\" alt=\"\" width=\"300\" height=\"207\" srcset=\"https:\/\/www.jimmy2.ch\/worldpress\/wp-content\/uploads\/2018\/02\/E1F889A6-00EC-4743-B80A-330CFAE34ADB-300x207.jpeg 300w, https:\/\/www.jimmy2.ch\/worldpress\/wp-content\/uploads\/2018\/02\/E1F889A6-00EC-4743-B80A-330CFAE34ADB-768x529.jpeg 768w, https:\/\/www.jimmy2.ch\/worldpress\/wp-content\/uploads\/2018\/02\/E1F889A6-00EC-4743-B80A-330CFAE34ADB-1024x705.jpeg 1024w\" sizes=\"auto, (max-width: 300px) 100vw, 300px\" \/><\/p>\n<p>Mit einem Zwischenhalt im ALDI geht es dann wieder heim.<\/p>\n<p><img loading=\"lazy\" decoding=\"async\" class=\"aligncenter size-medium wp-image-2856\" src=\"https:\/\/www.jimmy2.ch\/worldpress\/wp-content\/uploads\/2018\/02\/7401F134-AE0E-4045-BC7F-99B7785F8B9F-300x284.jpeg\" alt=\"\" width=\"300\" height=\"284\" srcset=\"https:\/\/www.jimmy2.ch\/worldpress\/wp-content\/uploads\/2018\/02\/7401F134-AE0E-4045-BC7F-99B7785F8B9F-300x284.jpeg 300w, https:\/\/www.jimmy2.ch\/worldpress\/wp-content\/uploads\/2018\/02\/7401F134-AE0E-4045-BC7F-99B7785F8B9F-768x726.jpeg 768w, https:\/\/www.jimmy2.ch\/worldpress\/wp-content\/uploads\/2018\/02\/7401F134-AE0E-4045-BC7F-99B7785F8B9F-1024x969.jpeg 1024w, https:\/\/www.jimmy2.ch\/worldpress\/wp-content\/uploads\/2018\/02\/7401F134-AE0E-4045-BC7F-99B7785F8B9F.jpeg 1850w\" sizes=\"auto, (max-width: 300px) 100vw, 300px\" \/><\/p>\n<p style=\"text-align: center;\">Der Osterhase ist schon da.<\/p>\n<p>Als ich um 19 Uhr mit Jimmy Gassi gehe wird auf der Baustelle noch fleissig gearbeitet. Also nichts gegen die Arbeitsmoral der Spanier.<\/p>\n","protected":false},"excerpt":{"rendered":"<p>Freitag 23. Februar 2018 Calpe Camping &amp; Caravaning Resort sol de calpe austral Wetter: kalt, windig, sp\u00e4ter sonnig Koordinaten: N 38\u202238\u201839\u201c W 0\u20223\u201835\u201c Km und Reise-Zeit: Solar: Ah Wh Volt \/ Landstrom Internet: auf dem ganzen Platz inklusive gegen Abend &hellip; <a href=\"https:\/\/www.jimmy2.ch\/worldpress\/2018\/02\/23\/calpe-8\/\">Continue reading <span class=\"meta-nav\">&rarr;<\/span><\/a><\/p>\n","protected":false},"author":1,"featured_media":0,"comment_status":"open","ping_status":"open","sticky":false,"template":"","format":"standard","meta":{"footnotes":""},"categories":[62,71],"tags":[226,174,157,101],"class_list":["post-2857","post","type-post","status-publish","format-standard","hentry","category-spanien","category-spanien2018","tag-camping-caravaning-resort-calpe-de-sol-austral","tag-kalt","tag-roller-fahren","tag-spanien"],"_links":{"self":[{"href":"https:\/\/www.jimmy2.ch\/worldpress\/wp-json\/wp\/v2\/posts\/2857","targetHints":{"allow":["GET"]}}],"collection":[{"href":"https:\/\/www.jimmy2.ch\/worldpress\/wp-json\/wp\/v2\/posts"}],"about":[{"href":"https:\/\/www.jimmy2.ch\/worldpress\/wp-json\/wp\/v2\/types\/post"}],"author":[{"embeddable":true,"href":"https:\/\/www.jimmy2.ch\/worldpress\/wp-json\/wp\/v2\/users\/1"}],"replies":[{"embeddable":true,"href":"https:\/\/www.jimmy2.ch\/worldpress\/wp-json\/wp\/v2\/comments?post=2857"}],"version-history":[{"count":2,"href":"https:\/\/www.jimmy2.ch\/worldpress\/wp-json\/wp\/v2\/posts\/2857\/revisions"}],"predecessor-version":[{"id":2861,"href":"https:\/\/www.jimmy2.ch\/worldpress\/wp-json\/wp\/v2\/posts\/2857\/revisions\/2861"}],"wp:attachment":[{"href":"https:\/\/www.jimmy2.ch\/worldpress\/wp-json\/wp\/v2\/media?parent=2857"}],"wp:term":[{"taxonomy":"category","embeddable":true,"href":"https:\/\/www.jimmy2.ch\/worldpress\/wp-json\/wp\/v2\/categories?post=2857"},{"taxonomy":"post_tag","embeddable":true,"href":"https:\/\/www.jimmy2.ch\/worldpress\/wp-json\/wp\/v2\/tags?post=2857"}],"curies":[{"name":"wp","href":"https:\/\/api.w.org\/{rel}","templated":true}]}}