{"id":2826,"date":"2018-02-21T21:42:09","date_gmt":"2018-02-21T20:42:09","guid":{"rendered":"http:\/\/www.jimmy2.ch\/worldpress\/?p=2826"},"modified":"2018-02-22T11:03:08","modified_gmt":"2018-02-22T10:03:08","slug":"2826","status":"publish","type":"post","link":"https:\/\/www.jimmy2.ch\/worldpress\/2018\/02\/21\/2826\/","title":{"rendered":"Calpe"},"content":{"rendered":"<p style=\"text-align: left;\"><strong>Mittwoch 21. Februar 2018<\/strong><br \/>\nCalpe Camping &amp; Caravaning Resort sol de calpe austral<br \/>\nWetter: bew\u00f6lkt und am Nachmittag Regen<br \/>\nKoordinaten: N 38\u202238\u201839\u201c W 0\u20223\u201835\u201c<br \/>\nKm und Reise-Zeit:<br \/>\nSolar: Ah Wh Volt \/ Landstrom<br \/>\nInternet: auf dem ganzen Platz inklusive gegen Abend sehr tr\u00e4ge<\/p>\n<p>Laut Barometer soll es heute regnen. Vorerst ist es aber nur bew\u00f6lkt.<\/p>\n<p>Einige Impressionen vom Camping Resort:<\/p>\n<p><img loading=\"lazy\" decoding=\"async\" class=\"aligncenter size-medium wp-image-2821\" src=\"https:\/\/www.jimmy2.ch\/worldpress\/wp-content\/uploads\/2018\/02\/BFCCE98B-2FEE-49B6-B7EB-D7BC6D86B28D-300x295.jpeg\" alt=\"\" width=\"300\" height=\"295\" srcset=\"https:\/\/www.jimmy2.ch\/worldpress\/wp-content\/uploads\/2018\/02\/BFCCE98B-2FEE-49B6-B7EB-D7BC6D86B28D-300x295.jpeg 300w, https:\/\/www.jimmy2.ch\/worldpress\/wp-content\/uploads\/2018\/02\/BFCCE98B-2FEE-49B6-B7EB-D7BC6D86B28D-768x756.jpeg 768w, https:\/\/www.jimmy2.ch\/worldpress\/wp-content\/uploads\/2018\/02\/BFCCE98B-2FEE-49B6-B7EB-D7BC6D86B28D-1024x1008.jpeg 1024w\" sizes=\"auto, (max-width: 300px) 100vw, 300px\" \/><\/p>\n<p><img loading=\"lazy\" decoding=\"async\" class=\"aligncenter size-medium wp-image-2816\" src=\"https:\/\/www.jimmy2.ch\/worldpress\/wp-content\/uploads\/2018\/02\/CDA1C261-F5D2-43FE-96C8-E1EB46FF62D7-300x285.jpeg\" alt=\"\" width=\"300\" height=\"285\" srcset=\"https:\/\/www.jimmy2.ch\/worldpress\/wp-content\/uploads\/2018\/02\/CDA1C261-F5D2-43FE-96C8-E1EB46FF62D7-300x285.jpeg 300w, https:\/\/www.jimmy2.ch\/worldpress\/wp-content\/uploads\/2018\/02\/CDA1C261-F5D2-43FE-96C8-E1EB46FF62D7-768x729.jpeg 768w, https:\/\/www.jimmy2.ch\/worldpress\/wp-content\/uploads\/2018\/02\/CDA1C261-F5D2-43FE-96C8-E1EB46FF62D7-1024x972.jpeg 1024w\" sizes=\"auto, (max-width: 300px) 100vw, 300px\" \/><\/p>\n<p><img loading=\"lazy\" decoding=\"async\" class=\"aligncenter size-medium wp-image-2822\" src=\"https:\/\/www.jimmy2.ch\/worldpress\/wp-content\/uploads\/2018\/02\/846D6E61-511E-46FD-9035-6BC5EC652E4E-300x162.jpeg\" alt=\"\" width=\"300\" height=\"162\" srcset=\"https:\/\/www.jimmy2.ch\/worldpress\/wp-content\/uploads\/2018\/02\/846D6E61-511E-46FD-9035-6BC5EC652E4E-300x162.jpeg 300w, https:\/\/www.jimmy2.ch\/worldpress\/wp-content\/uploads\/2018\/02\/846D6E61-511E-46FD-9035-6BC5EC652E4E-768x416.jpeg 768w, https:\/\/www.jimmy2.ch\/worldpress\/wp-content\/uploads\/2018\/02\/846D6E61-511E-46FD-9035-6BC5EC652E4E-1024x554.jpeg 1024w\" sizes=\"auto, (max-width: 300px) 100vw, 300px\" \/><\/p>\n<p>Gegen\u00fcber ist der Platz f\u00fcr kurze Zeit frei. So haben wir nun freie Sicht auf die Baustelle:<\/p>\n<p><img loading=\"lazy\" decoding=\"async\" class=\"aligncenter size-medium wp-image-2820\" src=\"https:\/\/www.jimmy2.ch\/worldpress\/wp-content\/uploads\/2018\/02\/EA19A584-1CBC-4DB8-A05D-11B60D9D45A1-300x175.jpeg\" alt=\"\" width=\"300\" height=\"175\" srcset=\"https:\/\/www.jimmy2.ch\/worldpress\/wp-content\/uploads\/2018\/02\/EA19A584-1CBC-4DB8-A05D-11B60D9D45A1-300x175.jpeg 300w, https:\/\/www.jimmy2.ch\/worldpress\/wp-content\/uploads\/2018\/02\/EA19A584-1CBC-4DB8-A05D-11B60D9D45A1-768x449.jpeg 768w, https:\/\/www.jimmy2.ch\/worldpress\/wp-content\/uploads\/2018\/02\/EA19A584-1CBC-4DB8-A05D-11B60D9D45A1-1024x598.jpeg 1024w\" sizes=\"auto, (max-width: 300px) 100vw, 300px\" \/><\/p>\n<p>So ist es von aussen &#8211; die Zufahrt:<\/p>\n<p><img loading=\"lazy\" decoding=\"async\" class=\"aligncenter size-medium wp-image-2823\" src=\"https:\/\/www.jimmy2.ch\/worldpress\/wp-content\/uploads\/2018\/02\/C82B9EF5-F043-4642-B3F5-AB6DAEDD5E09-300x134.jpeg\" alt=\"\" width=\"300\" height=\"134\" srcset=\"https:\/\/www.jimmy2.ch\/worldpress\/wp-content\/uploads\/2018\/02\/C82B9EF5-F043-4642-B3F5-AB6DAEDD5E09-300x134.jpeg 300w, https:\/\/www.jimmy2.ch\/worldpress\/wp-content\/uploads\/2018\/02\/C82B9EF5-F043-4642-B3F5-AB6DAEDD5E09-768x344.jpeg 768w, https:\/\/www.jimmy2.ch\/worldpress\/wp-content\/uploads\/2018\/02\/C82B9EF5-F043-4642-B3F5-AB6DAEDD5E09-1024x458.jpeg 1024w\" sizes=\"auto, (max-width: 300px) 100vw, 300px\" \/><\/p>\n<p><img loading=\"lazy\" decoding=\"async\" class=\"aligncenter size-medium wp-image-2824\" src=\"https:\/\/www.jimmy2.ch\/worldpress\/wp-content\/uploads\/2018\/02\/D095833C-A6AB-4B60-99B7-D35A1F84D6A9-300x95.jpeg\" alt=\"\" width=\"300\" height=\"95\" srcset=\"https:\/\/www.jimmy2.ch\/worldpress\/wp-content\/uploads\/2018\/02\/D095833C-A6AB-4B60-99B7-D35A1F84D6A9-300x95.jpeg 300w, https:\/\/www.jimmy2.ch\/worldpress\/wp-content\/uploads\/2018\/02\/D095833C-A6AB-4B60-99B7-D35A1F84D6A9-768x243.jpeg 768w, https:\/\/www.jimmy2.ch\/worldpress\/wp-content\/uploads\/2018\/02\/D095833C-A6AB-4B60-99B7-D35A1F84D6A9-1024x324.jpeg 1024w\" sizes=\"auto, (max-width: 300px) 100vw, 300px\" \/><\/p>\n<p>Als wir vom Spaziergang mit Jimmy zur\u00fcck auf den Campingplatz wollen funktioniert unser Batch nicht mehr. Wir haben Gl\u00fcck ein anderer Camper kommt und \u00f6ffnet uns den Nebeneingang. Ich werde das im B\u00fcro abkl\u00e4ren. Am Wohnmobil h\u00e4ngt eine Nachricht, dass wir uns beim Empfang melden sollen: da die vereinbarten 7 N\u00e4chte auf dem Platz seie heute vorbei und wir h\u00e4tten den check-out verpasst. Kein Problem.<\/p>\n<p>Wir verl\u00e4ngern unseren Aufenthalt vorerst mal bis Montag.<\/p>\n<p>Das Wetter weiss nicht so recht was es will. Die Eisbecher k\u00f6nnen wir mehr oder weniger an der Sonne geniessen.<\/p>\n<p><img loading=\"lazy\" decoding=\"async\" class=\"aligncenter size-medium wp-image-2817\" src=\"https:\/\/www.jimmy2.ch\/worldpress\/wp-content\/uploads\/2018\/02\/7D9206A4-C0AC-4EFB-93D4-1EC9D0D75AE3-251x300.jpeg\" alt=\"\" width=\"251\" height=\"300\" srcset=\"https:\/\/www.jimmy2.ch\/worldpress\/wp-content\/uploads\/2018\/02\/7D9206A4-C0AC-4EFB-93D4-1EC9D0D75AE3-251x300.jpeg 251w, https:\/\/www.jimmy2.ch\/worldpress\/wp-content\/uploads\/2018\/02\/7D9206A4-C0AC-4EFB-93D4-1EC9D0D75AE3-768x919.jpeg 768w, https:\/\/www.jimmy2.ch\/worldpress\/wp-content\/uploads\/2018\/02\/7D9206A4-C0AC-4EFB-93D4-1EC9D0D75AE3-855x1024.jpeg 855w\" sizes=\"auto, (max-width: 251px) 100vw, 251px\" \/><\/p>\n<p><img loading=\"lazy\" decoding=\"async\" class=\"aligncenter size-medium wp-image-2818\" src=\"https:\/\/www.jimmy2.ch\/worldpress\/wp-content\/uploads\/2018\/02\/1924A740-8364-4DA9-812D-24CBC1B0C7C0-300x227.jpeg\" alt=\"\" width=\"300\" height=\"227\" srcset=\"https:\/\/www.jimmy2.ch\/worldpress\/wp-content\/uploads\/2018\/02\/1924A740-8364-4DA9-812D-24CBC1B0C7C0-300x227.jpeg 300w, https:\/\/www.jimmy2.ch\/worldpress\/wp-content\/uploads\/2018\/02\/1924A740-8364-4DA9-812D-24CBC1B0C7C0-768x581.jpeg 768w, https:\/\/www.jimmy2.ch\/worldpress\/wp-content\/uploads\/2018\/02\/1924A740-8364-4DA9-812D-24CBC1B0C7C0-1024x775.jpeg 1024w\" sizes=\"auto, (max-width: 300px) 100vw, 300px\" \/><\/p>\n<p>Beim Caf\u00e9 und einem netten Gespr\u00e4ch mit einem CH-Camper werden wir vom Regen \u00fcberrascht. So laufen wir dann im Regen nach Hause. Wir kommen gerade noch rechtzeitig zur\u00fcck bevor der Regen in Str\u00f6men vom Himmel f\u00e4llt.<\/p>\n<p><img loading=\"lazy\" decoding=\"async\" class=\"aligncenter size-medium wp-image-2819\" src=\"https:\/\/www.jimmy2.ch\/worldpress\/wp-content\/uploads\/2018\/02\/26F2D820-4F96-4830-8AC1-4DA2026D6048-300x207.jpeg\" alt=\"\" width=\"300\" height=\"207\" srcset=\"https:\/\/www.jimmy2.ch\/worldpress\/wp-content\/uploads\/2018\/02\/26F2D820-4F96-4830-8AC1-4DA2026D6048-300x207.jpeg 300w, https:\/\/www.jimmy2.ch\/worldpress\/wp-content\/uploads\/2018\/02\/26F2D820-4F96-4830-8AC1-4DA2026D6048-768x531.jpeg 768w, https:\/\/www.jimmy2.ch\/worldpress\/wp-content\/uploads\/2018\/02\/26F2D820-4F96-4830-8AC1-4DA2026D6048-1024x708.jpeg 1024w\" sizes=\"auto, (max-width: 300px) 100vw, 300px\" \/><\/p>\n","protected":false},"excerpt":{"rendered":"<p>Mittwoch 21. Februar 2018 Calpe Camping &amp; Caravaning Resort sol de calpe austral Wetter: bew\u00f6lkt und am Nachmittag Regen Koordinaten: N 38\u202238\u201839\u201c W 0\u20223\u201835\u201c Km und Reise-Zeit: Solar: Ah Wh Volt \/ Landstrom Internet: auf dem ganzen Platz inklusive gegen &hellip; <a href=\"https:\/\/www.jimmy2.ch\/worldpress\/2018\/02\/21\/2826\/\">Continue reading <span class=\"meta-nav\">&rarr;<\/span><\/a><\/p>\n","protected":false},"author":1,"featured_media":0,"comment_status":"open","ping_status":"open","sticky":false,"template":"","format":"standard","meta":{"footnotes":""},"categories":[62,71],"tags":[117,226,111,101],"class_list":["post-2826","post","type-post","status-publish","format-standard","hentry","category-spanien","category-spanien2018","tag-bewoelkt","tag-camping-caravaning-resort-calpe-de-sol-austral","tag-regen","tag-spanien"],"_links":{"self":[{"href":"https:\/\/www.jimmy2.ch\/worldpress\/wp-json\/wp\/v2\/posts\/2826","targetHints":{"allow":["GET"]}}],"collection":[{"href":"https:\/\/www.jimmy2.ch\/worldpress\/wp-json\/wp\/v2\/posts"}],"about":[{"href":"https:\/\/www.jimmy2.ch\/worldpress\/wp-json\/wp\/v2\/types\/post"}],"author":[{"embeddable":true,"href":"https:\/\/www.jimmy2.ch\/worldpress\/wp-json\/wp\/v2\/users\/1"}],"replies":[{"embeddable":true,"href":"https:\/\/www.jimmy2.ch\/worldpress\/wp-json\/wp\/v2\/comments?post=2826"}],"version-history":[{"count":2,"href":"https:\/\/www.jimmy2.ch\/worldpress\/wp-json\/wp\/v2\/posts\/2826\/revisions"}],"predecessor-version":[{"id":2828,"href":"https:\/\/www.jimmy2.ch\/worldpress\/wp-json\/wp\/v2\/posts\/2826\/revisions\/2828"}],"wp:attachment":[{"href":"https:\/\/www.jimmy2.ch\/worldpress\/wp-json\/wp\/v2\/media?parent=2826"}],"wp:term":[{"taxonomy":"category","embeddable":true,"href":"https:\/\/www.jimmy2.ch\/worldpress\/wp-json\/wp\/v2\/categories?post=2826"},{"taxonomy":"post_tag","embeddable":true,"href":"https:\/\/www.jimmy2.ch\/worldpress\/wp-json\/wp\/v2\/tags?post=2826"}],"curies":[{"name":"wp","href":"https:\/\/api.w.org\/{rel}","templated":true}]}}