{"id":28177,"date":"2024-08-04T23:55:00","date_gmt":"2024-08-04T22:55:00","guid":{"rendered":"https:\/\/www.jimmy2.ch\/worldpress\/?p=28177"},"modified":"2024-08-16T19:25:12","modified_gmt":"2024-08-16T18:25:12","slug":"peschiera-del-garda-i-9","status":"publish","type":"post","link":"https:\/\/www.jimmy2.ch\/worldpress\/2024\/08\/04\/peschiera-del-garda-i-9\/","title":{"rendered":"Peschiera del Garda I"},"content":{"rendered":"\n<p>Tag 1031<br>Peschiera del Garda I<br>Campeggio del Garda <br>66 \u20ac \/ Tag  all inkl. <br><br>45.4499473, 10.6968765   90 M\u00fcM<br><br>Sonntag 4. August 2024 <br>Blauer Himmel und Sonne, 27\u00b0, so startet unser letzter Tag hier. Es bleibt sonnig und sehr warm \ud83e\udd75\ud83e\udd75<br><br><br>Wieder Sonne und blauer Himmel. Und so bleibt es den ganzen Tag.<br><br>Heute ist unser letzter Tag hier auf dem Campeggio del Garda. Unsere 5 N\u00e4chte laufen morgen ab. Wir haben \u00fcberlegt zu verl\u00e4ngern, aber dann hat mir Christa ihre Reisepl\u00e4ne mitgeteilt. Sie m\u00f6chte nach Hause und zwar \u00fcber Meran. <br><br>Ich hatte andere Pl\u00e4ne, aber Meran ist mir auch recht. Bis Meran sollte es kein Problem sein einen \u00dcbernachtungsplatz zu finden. Anschliessend d\u00fcrfte es schwieriger werden. Aber das sehen wir dann. Wir nehmen es wie es kommt.<br><br>Noch ein letzter Morgen-Schwumm. Christa zieht es nochmals in den Pool.<br><br>Wir geniessen den Tag noch mit draussen vor dem Wohnmobil zu sitzen und dem Treiben in unserer Strasse zuzuschauen.<br><br>Am sp\u00e4teren Nachmittag gehe ich unseren Aufenthalt hier bezahlen. <br><br>Und dann beginne ich mit dem Einladen von Roller und Fahrrad. Anschliessend folgt ein letzter gemeinsamer Schwumm im Gardasee. Trotz des nicht leichten einstieges \u00fcber die Steine und der W\u00e4rme des Gardasees ist es immer noch herrlich hier zu schwimmen.<br><br>Heute nutzen wir nochmals ausgiebig den Internet-Zugang \u00fcber StarLink. Morgen w\u00fcrde ein neuer Monat starten. Das brauche ich jedoch nicht. Und so wird StarLink auf unbestimmte Zeit in den \u201ePausen-Modus\u201c versetzt. <\/p>\n\n\n\n<figure class=\"wp-block-image size-large\"><img loading=\"lazy\" decoding=\"async\" width=\"1024\" height=\"516\" src=\"https:\/\/www.jimmy2.ch\/worldpress\/wp-content\/uploads\/2024\/08\/IMG_3889-1024x516.jpeg\" alt=\"\" class=\"wp-image-28187\" srcset=\"https:\/\/www.jimmy2.ch\/worldpress\/wp-content\/uploads\/2024\/08\/IMG_3889-1024x516.jpeg 1024w, https:\/\/www.jimmy2.ch\/worldpress\/wp-content\/uploads\/2024\/08\/IMG_3889-300x151.jpeg 300w, https:\/\/www.jimmy2.ch\/worldpress\/wp-content\/uploads\/2024\/08\/IMG_3889-768x387.jpeg 768w, https:\/\/www.jimmy2.ch\/worldpress\/wp-content\/uploads\/2024\/08\/IMG_3889-1536x773.jpeg 1536w, https:\/\/www.jimmy2.ch\/worldpress\/wp-content\/uploads\/2024\/08\/IMG_3889-2048x1031.jpeg 2048w\" sizes=\"auto, (max-width: 1024px) 100vw, 1024px\" \/><\/figure>\n\n\n\n<p>Das bedeutet, dass bis zur n\u00e4chtigen Inbetriebnahme keine Geb\u00fchren anfallen. Schon eine super Sache.<br><br>Dann wird es auch schon Zeit die restlichen Sachen in die Garage zu verstauen und reisefertig festzuzurren. <br><br>Und wieder ist es gegen Mitternacht noch 27\u00b0 warm.<br><\/p>\n","protected":false},"excerpt":{"rendered":"<p>Tag 1031Peschiera del Garda ICampeggio del Garda 66 \u20ac \/ Tag all inkl. 45.4499473, 10.6968765 90 M\u00fcM Sonntag 4. August 2024 Blauer Himmel und Sonne, 27\u00b0, so startet unser letzter Tag hier. Es bleibt sonnig und sehr warm \ud83e\udd75\ud83e\udd75 Wieder &hellip; <a href=\"https:\/\/www.jimmy2.ch\/worldpress\/2024\/08\/04\/peschiera-del-garda-i-9\/\">Continue reading <span class=\"meta-nav\">&rarr;<\/span><\/a><\/p>\n","protected":false},"author":1,"featured_media":0,"comment_status":"open","ping_status":"open","sticky":false,"template":"","format":"standard","meta":{"footnotes":""},"categories":[64],"tags":[1536,56,96,767,851,57,768,1527,770,84,1533],"class_list":["post-28177","post","type-post","status-publish","format-standard","hentry","category-italien","tag-campeggio-del-garda","tag-gardasee","tag-italien","tag-leben-im-wohnmobil","tag-morelo","tag-peschiera-del-garda","tag-reisen-im-wohnmobil","tag-starlink","tag-wohnen-im-wohnmobil","tag-wohnmobil","tag-wohnmobilreisen"],"_links":{"self":[{"href":"https:\/\/www.jimmy2.ch\/worldpress\/wp-json\/wp\/v2\/posts\/28177","targetHints":{"allow":["GET"]}}],"collection":[{"href":"https:\/\/www.jimmy2.ch\/worldpress\/wp-json\/wp\/v2\/posts"}],"about":[{"href":"https:\/\/www.jimmy2.ch\/worldpress\/wp-json\/wp\/v2\/types\/post"}],"author":[{"embeddable":true,"href":"https:\/\/www.jimmy2.ch\/worldpress\/wp-json\/wp\/v2\/users\/1"}],"replies":[{"embeddable":true,"href":"https:\/\/www.jimmy2.ch\/worldpress\/wp-json\/wp\/v2\/comments?post=28177"}],"version-history":[{"count":3,"href":"https:\/\/www.jimmy2.ch\/worldpress\/wp-json\/wp\/v2\/posts\/28177\/revisions"}],"predecessor-version":[{"id":28189,"href":"https:\/\/www.jimmy2.ch\/worldpress\/wp-json\/wp\/v2\/posts\/28177\/revisions\/28189"}],"wp:attachment":[{"href":"https:\/\/www.jimmy2.ch\/worldpress\/wp-json\/wp\/v2\/media?parent=28177"}],"wp:term":[{"taxonomy":"category","embeddable":true,"href":"https:\/\/www.jimmy2.ch\/worldpress\/wp-json\/wp\/v2\/categories?post=28177"},{"taxonomy":"post_tag","embeddable":true,"href":"https:\/\/www.jimmy2.ch\/worldpress\/wp-json\/wp\/v2\/tags?post=28177"}],"curies":[{"name":"wp","href":"https:\/\/api.w.org\/{rel}","templated":true}]}}