{"id":2811,"date":"2018-02-20T21:55:20","date_gmt":"2018-02-20T20:55:20","guid":{"rendered":"http:\/\/www.jimmy2.ch\/worldpress\/?p=2811"},"modified":"2018-02-21T11:04:57","modified_gmt":"2018-02-21T10:04:57","slug":"calpe-6","status":"publish","type":"post","link":"https:\/\/www.jimmy2.ch\/worldpress\/2018\/02\/20\/calpe-6\/","title":{"rendered":"Calpe"},"content":{"rendered":"<p><strong>Dienstag 20. Februar 2018<\/strong><br \/>\nCalp Camping &amp; Caravaning Resort sol de calpe austral<br \/>\nWetter: zuerst bew\u00f6lkt dann Sonne<br \/>\nKoordinaten: N 38\u202238\u201839\u201c W 0\u20223\u201835\u201c<br \/>\nKm und Reise-Zeit:<br \/>\nSolar: Ah Wh Volt \/ Landstrom<br \/>\nInternet: auf dem ganzen Platz inklusive \/ gegen Abend sehr tr\u00e4ge<\/p>\n<p>Mit der Sonne ist es vorerst nichts. Der Tag beginnt wolkenverhangen.<\/p>\n<p><img loading=\"lazy\" decoding=\"async\" class=\"aligncenter size-medium wp-image-2813\" src=\"https:\/\/www.jimmy2.ch\/worldpress\/wp-content\/uploads\/2018\/02\/D8189FBF-8EF0-4081-BC4A-540889B2355F-300x225.jpeg\" alt=\"\" width=\"300\" height=\"225\" srcset=\"https:\/\/www.jimmy2.ch\/worldpress\/wp-content\/uploads\/2018\/02\/D8189FBF-8EF0-4081-BC4A-540889B2355F-300x225.jpeg 300w, https:\/\/www.jimmy2.ch\/worldpress\/wp-content\/uploads\/2018\/02\/D8189FBF-8EF0-4081-BC4A-540889B2355F-768x576.jpeg 768w, https:\/\/www.jimmy2.ch\/worldpress\/wp-content\/uploads\/2018\/02\/D8189FBF-8EF0-4081-BC4A-540889B2355F-1024x768.jpeg 1024w\" sizes=\"auto, (max-width: 300px) 100vw, 300px\" \/><\/p>\n<p>Erst gegen Mittag kommt die Sonne. Wir machen unseren obligaten Spaziergang ans Meer und geniessen im Tango einen Caf\u00e9. Eine optimale Sicht aufs Meer und die Promenade ist wegen der Br\u00fcstung nicht m\u00f6glich. Wieder zu Hause ist Jimmy k.o.<\/p>\n<p><img loading=\"lazy\" decoding=\"async\" class=\"aligncenter size-medium wp-image-2814\" src=\"https:\/\/www.jimmy2.ch\/worldpress\/wp-content\/uploads\/2018\/02\/A3B91288-E1A0-41D9-835C-00A0AF9C5AD1-300x225.jpeg\" alt=\"\" width=\"300\" height=\"225\" srcset=\"https:\/\/www.jimmy2.ch\/worldpress\/wp-content\/uploads\/2018\/02\/A3B91288-E1A0-41D9-835C-00A0AF9C5AD1-300x225.jpeg 300w, https:\/\/www.jimmy2.ch\/worldpress\/wp-content\/uploads\/2018\/02\/A3B91288-E1A0-41D9-835C-00A0AF9C5AD1-768x576.jpeg 768w, https:\/\/www.jimmy2.ch\/worldpress\/wp-content\/uploads\/2018\/02\/A3B91288-E1A0-41D9-835C-00A0AF9C5AD1-1024x768.jpeg 1024w, https:\/\/www.jimmy2.ch\/worldpress\/wp-content\/uploads\/2018\/02\/A3B91288-E1A0-41D9-835C-00A0AF9C5AD1.jpeg 1600w\" sizes=\"auto, (max-width: 300px) 100vw, 300px\" \/><\/p>\n<p>Mir ist es zu frisch draussen und ich verziehe mich ins Wohnmobil. Gegen Abend geht Christa noch in den etwas weiter weg liegenden ALDI. Ich bleibe bei Jimmy.<\/p>\n<p>Am Dienstag kommt nie etwas im TV das mich\/uns gross interessiert. Christa findet auf SuperRTL doch noch was. Das ist aber definitiv nichts f\u00fcr mich. So mache ich einen Spaziergang ans Meer hinunter um zu schauen was da noch los ist.<\/p>\n<p>Es ist nichts los. Einige f\u00fchren Ihre Hunde gassi. Die Restaurants sind zu 90 % geschlossen. Aber es ist 12 Grad und sehr angenehm.<\/p>\n<p>&nbsp;<\/p>\n","protected":false},"excerpt":{"rendered":"<p>Dienstag 20. Februar 2018 Calp Camping &amp; Caravaning Resort sol de calpe austral Wetter: zuerst bew\u00f6lkt dann Sonne Koordinaten: N 38\u202238\u201839\u201c W 0\u20223\u201835\u201c Km und Reise-Zeit: Solar: Ah Wh Volt \/ Landstrom Internet: auf dem ganzen Platz inklusive \/ gegen &hellip; <a href=\"https:\/\/www.jimmy2.ch\/worldpress\/2018\/02\/20\/calpe-6\/\">Continue reading <span class=\"meta-nav\">&rarr;<\/span><\/a><\/p>\n","protected":false},"author":1,"featured_media":0,"comment_status":"open","ping_status":"open","sticky":false,"template":"","format":"standard","meta":{"footnotes":""},"categories":[62,71],"tags":[117,226,113,101,177],"class_list":["post-2811","post","type-post","status-publish","format-standard","hentry","category-spanien","category-spanien2018","tag-bewoelkt","tag-camping-caravaning-resort-calpe-de-sol-austral","tag-sonne","tag-spanien","tag-spazieren"],"_links":{"self":[{"href":"https:\/\/www.jimmy2.ch\/worldpress\/wp-json\/wp\/v2\/posts\/2811","targetHints":{"allow":["GET"]}}],"collection":[{"href":"https:\/\/www.jimmy2.ch\/worldpress\/wp-json\/wp\/v2\/posts"}],"about":[{"href":"https:\/\/www.jimmy2.ch\/worldpress\/wp-json\/wp\/v2\/types\/post"}],"author":[{"embeddable":true,"href":"https:\/\/www.jimmy2.ch\/worldpress\/wp-json\/wp\/v2\/users\/1"}],"replies":[{"embeddable":true,"href":"https:\/\/www.jimmy2.ch\/worldpress\/wp-json\/wp\/v2\/comments?post=2811"}],"version-history":[{"count":2,"href":"https:\/\/www.jimmy2.ch\/worldpress\/wp-json\/wp\/v2\/posts\/2811\/revisions"}],"predecessor-version":[{"id":2815,"href":"https:\/\/www.jimmy2.ch\/worldpress\/wp-json\/wp\/v2\/posts\/2811\/revisions\/2815"}],"wp:attachment":[{"href":"https:\/\/www.jimmy2.ch\/worldpress\/wp-json\/wp\/v2\/media?parent=2811"}],"wp:term":[{"taxonomy":"category","embeddable":true,"href":"https:\/\/www.jimmy2.ch\/worldpress\/wp-json\/wp\/v2\/categories?post=2811"},{"taxonomy":"post_tag","embeddable":true,"href":"https:\/\/www.jimmy2.ch\/worldpress\/wp-json\/wp\/v2\/tags?post=2811"}],"curies":[{"name":"wp","href":"https:\/\/api.w.org\/{rel}","templated":true}]}}