{"id":28058,"date":"2024-07-28T23:54:00","date_gmt":"2024-07-28T22:54:00","guid":{"rendered":"https:\/\/www.jimmy2.ch\/worldpress\/?p=28058"},"modified":"2024-08-02T11:29:19","modified_gmt":"2024-08-02T10:29:19","slug":"caorle-peschiera-del-garda-i","status":"publish","type":"post","link":"https:\/\/www.jimmy2.ch\/worldpress\/2024\/07\/28\/caorle-peschiera-del-garda-i\/","title":{"rendered":"Caorle &#8211; Peschiera del Garda I"},"content":{"rendered":"\n<p>Tag 1024 <br>Caorle &#8211; Peschiera del Garda I<br>237 km 5 1\/2 Std. unterwegs mit Tanken, Einkaufen, Fr\u00fchst\u00fccken und kurzer Kaffeepause <br>Area Sosta Camper Frassino<br>24 \u20ac \/ 24 Std. all inkl. Duschen 1\u20ac\/4 Min., Strom 800 Watt <br><br>45.4308884, 10.6750963   90 M\u00fcM<br><br>Sonntag 28. Juli 2024<br>Schleierwolken und schon 30\u00b0, heute wird es heiss werden \ud83e\udd75\ud83e\udd75\ud83e\udd75 zum Teil 36\u00b0 auf der Autobahn, am sp\u00e4ten Abend zieht ein frischer Wind auf <br><br><br>Um 9 Uhr haben wir bereits 29\u00b0 und der Himmel ist noch bedeckt. Heute ziehen wir weiter. Zum einen geht unser Wasservorrat zu Ende und andererseits wird es uns langsam aber sicher zu heiss hier. N\u00e4chste Woche sollen die Temperaturen nochmals ansteigen.<\/p>\n\n\n\n<figure class=\"wp-block-image size-large\"><img loading=\"lazy\" decoding=\"async\" width=\"1024\" height=\"768\" src=\"https:\/\/www.jimmy2.ch\/worldpress\/wp-content\/uploads\/2024\/07\/IMG_3127-1024x768.jpeg\" alt=\"\" class=\"wp-image-28082\" srcset=\"https:\/\/www.jimmy2.ch\/worldpress\/wp-content\/uploads\/2024\/07\/IMG_3127-1024x768.jpeg 1024w, https:\/\/www.jimmy2.ch\/worldpress\/wp-content\/uploads\/2024\/07\/IMG_3127-300x225.jpeg 300w, https:\/\/www.jimmy2.ch\/worldpress\/wp-content\/uploads\/2024\/07\/IMG_3127-768x576.jpeg 768w, https:\/\/www.jimmy2.ch\/worldpress\/wp-content\/uploads\/2024\/07\/IMG_3127-1536x1152.jpeg 1536w, https:\/\/www.jimmy2.ch\/worldpress\/wp-content\/uploads\/2024\/07\/IMG_3127-2048x1536.jpeg 2048w\" sizes=\"auto, (max-width: 1024px) 100vw, 1024px\" \/><\/figure>\n\n\n\n<p>.<\/p>\n\n\n\n<figure class=\"wp-block-image size-large\"><img loading=\"lazy\" decoding=\"async\" width=\"1024\" height=\"768\" src=\"https:\/\/www.jimmy2.ch\/worldpress\/wp-content\/uploads\/2024\/07\/IMG_3126-1024x768.jpeg\" alt=\"\" class=\"wp-image-28084\" srcset=\"https:\/\/www.jimmy2.ch\/worldpress\/wp-content\/uploads\/2024\/07\/IMG_3126-1024x768.jpeg 1024w, https:\/\/www.jimmy2.ch\/worldpress\/wp-content\/uploads\/2024\/07\/IMG_3126-300x225.jpeg 300w, https:\/\/www.jimmy2.ch\/worldpress\/wp-content\/uploads\/2024\/07\/IMG_3126-768x576.jpeg 768w, https:\/\/www.jimmy2.ch\/worldpress\/wp-content\/uploads\/2024\/07\/IMG_3126-1536x1152.jpeg 1536w, https:\/\/www.jimmy2.ch\/worldpress\/wp-content\/uploads\/2024\/07\/IMG_3126-2048x1536.jpeg 2048w\" sizes=\"auto, (max-width: 1024px) 100vw, 1024px\" \/><\/figure>\n\n\n\n<p>Gegen halb elf haben wir Diesel getankt und im Lidl eingekauft. Nun nehmen wir den Weg nach Borghetto unter die R\u00e4der.<br><br>Zuerst ein paar Kilometer \u00fcber Land. Und dann auf die eint\u00f6nige aber sehr heisse Autostrada. Zum Teil zeigt das Aussenthermometer am Armaturenbrett 36\u00b0 an. <br><br>Unterwegs 2 Pausen. <\/p>\n\n\n\n<figure class=\"wp-block-image size-large\"><img loading=\"lazy\" decoding=\"async\" width=\"1024\" height=\"768\" src=\"https:\/\/www.jimmy2.ch\/worldpress\/wp-content\/uploads\/2024\/07\/IMG_3128-1024x768.jpeg\" alt=\"\" class=\"wp-image-28083\" srcset=\"https:\/\/www.jimmy2.ch\/worldpress\/wp-content\/uploads\/2024\/07\/IMG_3128-1024x768.jpeg 1024w, https:\/\/www.jimmy2.ch\/worldpress\/wp-content\/uploads\/2024\/07\/IMG_3128-300x225.jpeg 300w, https:\/\/www.jimmy2.ch\/worldpress\/wp-content\/uploads\/2024\/07\/IMG_3128-768x576.jpeg 768w, https:\/\/www.jimmy2.ch\/worldpress\/wp-content\/uploads\/2024\/07\/IMG_3128-1536x1152.jpeg 1536w, https:\/\/www.jimmy2.ch\/worldpress\/wp-content\/uploads\/2024\/07\/IMG_3128-2048x1536.jpeg 2048w\" sizes=\"auto, (max-width: 1024px) 100vw, 1024px\" \/><\/figure>\n\n\n\n<p>Die Rastpl\u00e4tze sind rappelvoll. <br><br>Bei Peschiera del Garda verlassen wir die Autostrada. 14.10 Euro f\u00fcr etwa 170 km Autobahn und unsere Gr\u00f6sse. Da kann man nicht viel sagen. <br><br>Nun wollen wir nach Borghetto. Unsere 3 Navi\u2018s zeigen verschiedene Routen an. Vom Gef\u00fchl her weiss ich etwa wohin. Aber Borghetto ist nirgends angeschrieben. Aber es liegt am Fluss und dem folgen wir. Wir entscheiden uns f\u00fcr GoogleMaps. Es geht durch enge D\u00f6rfer und dann wieder \u00fcber breite Strassen. Und dann finden wir Borghetto. Die Stadt ist abgesperrt weil Markt ist. GoogleMaps w\u00e4re eigentlich fast am Ziel. Auf den beiden anderen Navi\u2018s fehlen noch etwa 30 km. Ich fahre auf einen Parkplatz und schaue das nun genauer an. Also wir sind in Borghetto aber auf der falschen Seite des Flusses. Die Br\u00fccke \u00fcber den Fluss in Borghetto ist nur f\u00fcr 7 to zugelassen und wie gesagt die Stadtdurchfahrt ist wegen Markt gesperrt. <br><br>Es ist heiss und wir haben keine Lust mehr 30 km Umweg zu fahren. So entscheiden wir uns nach Peschiera del Garda zur\u00fcck zu fahren und uns hier auf einen Stellplatz zu stellen. Wir entscheiden uns f\u00fcr die Area Sosta Camper Frassino. Die ist etwas ausserhalb von Peschiera del Garda. <br><br>Um viertel nach drei haben wir es geschafft und wir erreichen unser Nachtlager. <\/p>\n\n\n\n<figure class=\"wp-block-image size-large\"><img loading=\"lazy\" decoding=\"async\" width=\"955\" height=\"1024\" src=\"https:\/\/www.jimmy2.ch\/worldpress\/wp-content\/uploads\/2024\/07\/IMG_3829-955x1024.jpeg\" alt=\"\" class=\"wp-image-28081\" srcset=\"https:\/\/www.jimmy2.ch\/worldpress\/wp-content\/uploads\/2024\/07\/IMG_3829-955x1024.jpeg 955w, https:\/\/www.jimmy2.ch\/worldpress\/wp-content\/uploads\/2024\/07\/IMG_3829-280x300.jpeg 280w, https:\/\/www.jimmy2.ch\/worldpress\/wp-content\/uploads\/2024\/07\/IMG_3829-768x824.jpeg 768w, https:\/\/www.jimmy2.ch\/worldpress\/wp-content\/uploads\/2024\/07\/IMG_3829-1432x1536.jpeg 1432w, https:\/\/www.jimmy2.ch\/worldpress\/wp-content\/uploads\/2024\/07\/IMG_3829.jpeg 1909w\" sizes=\"auto, (max-width: 955px) 100vw, 955px\" \/><\/figure>\n\n\n\n<p>.<\/p>\n\n\n\n<figure class=\"wp-block-image size-large\"><img loading=\"lazy\" decoding=\"async\" width=\"1024\" height=\"768\" src=\"https:\/\/www.jimmy2.ch\/worldpress\/wp-content\/uploads\/2024\/07\/IMG_3129-1024x768.jpeg\" alt=\"\" class=\"wp-image-28085\" srcset=\"https:\/\/www.jimmy2.ch\/worldpress\/wp-content\/uploads\/2024\/07\/IMG_3129-1024x768.jpeg 1024w, https:\/\/www.jimmy2.ch\/worldpress\/wp-content\/uploads\/2024\/07\/IMG_3129-300x225.jpeg 300w, https:\/\/www.jimmy2.ch\/worldpress\/wp-content\/uploads\/2024\/07\/IMG_3129-768x576.jpeg 768w, https:\/\/www.jimmy2.ch\/worldpress\/wp-content\/uploads\/2024\/07\/IMG_3129-1536x1152.jpeg 1536w, https:\/\/www.jimmy2.ch\/worldpress\/wp-content\/uploads\/2024\/07\/IMG_3129-2048x1536.jpeg 2048w\" sizes=\"auto, (max-width: 1024px) 100vw, 1024px\" \/><\/figure>\n\n\n\n<p>.<\/p>\n\n\n\n<figure class=\"wp-block-image size-large\"><img loading=\"lazy\" decoding=\"async\" width=\"1024\" height=\"768\" src=\"https:\/\/www.jimmy2.ch\/worldpress\/wp-content\/uploads\/2024\/07\/IMG_3130-1024x768.jpeg\" alt=\"\" class=\"wp-image-28086\" srcset=\"https:\/\/www.jimmy2.ch\/worldpress\/wp-content\/uploads\/2024\/07\/IMG_3130-1024x768.jpeg 1024w, https:\/\/www.jimmy2.ch\/worldpress\/wp-content\/uploads\/2024\/07\/IMG_3130-300x225.jpeg 300w, https:\/\/www.jimmy2.ch\/worldpress\/wp-content\/uploads\/2024\/07\/IMG_3130-768x576.jpeg 768w, https:\/\/www.jimmy2.ch\/worldpress\/wp-content\/uploads\/2024\/07\/IMG_3130-1536x1152.jpeg 1536w, https:\/\/www.jimmy2.ch\/worldpress\/wp-content\/uploads\/2024\/07\/IMG_3130-2048x1536.jpeg 2048w\" sizes=\"auto, (max-width: 1024px) 100vw, 1024px\" \/><\/figure>\n\n\n\n<p>Zuerst die Ver- und Entsorgung machen und dann einen Platz suchen der f\u00fcr unsere L\u00e4nge passt. <\/p>\n\n\n\n<figure class=\"wp-block-image size-large\"><img loading=\"lazy\" decoding=\"async\" width=\"1024\" height=\"768\" src=\"https:\/\/www.jimmy2.ch\/worldpress\/wp-content\/uploads\/2024\/07\/IMG_3131-1024x768.jpeg\" alt=\"\" class=\"wp-image-28087\" srcset=\"https:\/\/www.jimmy2.ch\/worldpress\/wp-content\/uploads\/2024\/07\/IMG_3131-1024x768.jpeg 1024w, https:\/\/www.jimmy2.ch\/worldpress\/wp-content\/uploads\/2024\/07\/IMG_3131-300x225.jpeg 300w, https:\/\/www.jimmy2.ch\/worldpress\/wp-content\/uploads\/2024\/07\/IMG_3131-768x576.jpeg 768w, https:\/\/www.jimmy2.ch\/worldpress\/wp-content\/uploads\/2024\/07\/IMG_3131-1536x1152.jpeg 1536w, https:\/\/www.jimmy2.ch\/worldpress\/wp-content\/uploads\/2024\/07\/IMG_3131-2048x1536.jpeg 2048w\" sizes=\"auto, (max-width: 1024px) 100vw, 1024px\" \/><\/figure>\n\n\n\n<p>Wobei der Platz \u201eleer\u201c ist. 4 andere Wohnmobile stehen hier. Also Platz in H\u00fclle und F\u00fclle. <br><br>Es ist brutal heiss. 35\u00b0 im Schatten neben dem Wohnmobil \ud83e\udd75\ud83e\udd75\ud83e\udd75\ud83e\udd75<br><br>Zudem liegt der Platz direkt neben der Autostrada. H\u00f6r- und Sichtweite. \ud83d\ude25<br><br>Aber was soll\u2018s. Eine Nacht werden wir schon \u00fcberleben. Die Duschen schauen gut aus und darauf freuen wir uns ganz besonders.<br><br>Wir fahren die Markise aus, nehmen St\u00fchle und Tisch heraus und machen noch eine W\u00e4sche.<br><br>Auch die Starlink kommt zum Einsatz. Knapp 4 Minuten und wir sind Online.<br><br>Nun \u201egeniessen\u201c wir den Nachmittag und Abend draussen vor dem Wohnmobil. Gegen halb elf zieht dann ein frischer Wind auf und es wird etwas angenehmer. <\/p>\n\n\n\n<p><\/p>\n\n\n\n<figure class=\"wp-block-embed is-type-video is-provider-youtube wp-block-embed-youtube wp-embed-aspect-16-9 wp-has-aspect-ratio\"><div class=\"wp-block-embed__wrapper\">\n<iframe loading=\"lazy\" title=\"Mit dem Wohnmobil in Italien unterwegs - Caorle - Borghetto - Peschiera del Garda I\" width=\"960\" height=\"540\" src=\"https:\/\/www.youtube.com\/embed\/SdtyRU5vDlQ?feature=oembed\" frameborder=\"0\" allow=\"accelerometer; autoplay; clipboard-write; encrypted-media; gyroscope; picture-in-picture; web-share\" referrerpolicy=\"strict-origin-when-cross-origin\" allowfullscreen><\/iframe>\n<\/div><\/figure>\n\n\n\n<p><br><\/p>\n","protected":false},"excerpt":{"rendered":"<p>Tag 1024 Caorle &#8211; Peschiera del Garda I237 km 5 1\/2 Std. unterwegs mit Tanken, Einkaufen, Fr\u00fchst\u00fccken und kurzer Kaffeepause Area Sosta Camper Frassino24 \u20ac \/ 24 Std. all inkl. Duschen 1\u20ac\/4 Min., Strom 800 Watt 45.4308884, 10.6750963 90 M\u00fcM &hellip; <a href=\"https:\/\/www.jimmy2.ch\/worldpress\/2024\/07\/28\/caorle-peschiera-del-garda-i\/\">Continue reading <span class=\"meta-nav\">&rarr;<\/span><\/a><\/p>\n","protected":false},"author":1,"featured_media":0,"comment_status":"open","ping_status":"open","sticky":false,"template":"","format":"standard","meta":{"footnotes":""},"categories":[64],"tags":[1531,476,1530,96,767,851,57,768,1527,770,84],"class_list":["post-28058","post","type-post","status-publish","format-standard","hentry","category-italien","tag-area-sosta-camper-frassino","tag-caorle","tag-eco-park","tag-italien","tag-leben-im-wohnmobil","tag-morelo","tag-peschiera-del-garda","tag-reisen-im-wohnmobil","tag-starlink","tag-wohnen-im-wohnmobil","tag-wohnmobil"],"_links":{"self":[{"href":"https:\/\/www.jimmy2.ch\/worldpress\/wp-json\/wp\/v2\/posts\/28058","targetHints":{"allow":["GET"]}}],"collection":[{"href":"https:\/\/www.jimmy2.ch\/worldpress\/wp-json\/wp\/v2\/posts"}],"about":[{"href":"https:\/\/www.jimmy2.ch\/worldpress\/wp-json\/wp\/v2\/types\/post"}],"author":[{"embeddable":true,"href":"https:\/\/www.jimmy2.ch\/worldpress\/wp-json\/wp\/v2\/users\/1"}],"replies":[{"embeddable":true,"href":"https:\/\/www.jimmy2.ch\/worldpress\/wp-json\/wp\/v2\/comments?post=28058"}],"version-history":[{"count":4,"href":"https:\/\/www.jimmy2.ch\/worldpress\/wp-json\/wp\/v2\/posts\/28058\/revisions"}],"predecessor-version":[{"id":28090,"href":"https:\/\/www.jimmy2.ch\/worldpress\/wp-json\/wp\/v2\/posts\/28058\/revisions\/28090"}],"wp:attachment":[{"href":"https:\/\/www.jimmy2.ch\/worldpress\/wp-json\/wp\/v2\/media?parent=28058"}],"wp:term":[{"taxonomy":"category","embeddable":true,"href":"https:\/\/www.jimmy2.ch\/worldpress\/wp-json\/wp\/v2\/categories?post=28058"},{"taxonomy":"post_tag","embeddable":true,"href":"https:\/\/www.jimmy2.ch\/worldpress\/wp-json\/wp\/v2\/tags?post=28058"}],"curies":[{"name":"wp","href":"https:\/\/api.w.org\/{rel}","templated":true}]}}