{"id":27962,"date":"2024-07-22T23:55:00","date_gmt":"2024-07-22T22:55:00","guid":{"rendered":"https:\/\/www.jimmy2.ch\/worldpress\/?p=27962"},"modified":"2024-07-23T20:01:25","modified_gmt":"2024-07-23T19:01:25","slug":"jesolo-pineta-i-4","status":"publish","type":"post","link":"https:\/\/www.jimmy2.ch\/worldpress\/2024\/07\/22\/jesolo-pineta-i-4\/","title":{"rendered":"Jesolo &#8211; Pineta I"},"content":{"rendered":"\n<p>Tag 1018<br>Jesolo &#8211; Pineta I<br><br>Area Sosta Camper Don Bosco \/ Campeggio BoscoPineta<br>Euro 20.00 \/ 24 h, inkl. Wasser und Entsorgung am Platz, Strom extra <br><br>45.5236, 12.6933    2 M\u00fcM<br><br>Montag 22. Juli 2024 <br>Der Tag startet bew\u00f6lkt, 26\u00b0 dr\u00fcckend, es bleibt so bis gegen Abend, da frischt der Wind auf und es regnet etwas, dann folgt eine angenehme Nacht bei 20\u00b0<br><br><br>Nach 18 heissen Tagen und N\u00e4chten hier auf dem Campeggio BoscoPineta wollen wir morgen weiter ziehen. Christa konnte die gew\u00fcnschten 14 Tage Badeferien voll auskosten. Das Wasser war bis gestern OK und auch die Sonne hat uns jeden Tag besucht.<\/p>\n\n\n\n<p>Der Platz ist fast leer. Aber der Italiener der jetzt kommt, muss sein Wohnmobil direkt neben das einzig Andere stellen. Der Rechte ist neu gekommen. Es sind schon komische V\u00f6gel diese Italiener.<\/p>\n\n\n\n<figure class=\"wp-block-image size-large\"><img loading=\"lazy\" decoding=\"async\" width=\"1024\" height=\"768\" src=\"https:\/\/www.jimmy2.ch\/worldpress\/wp-content\/uploads\/2024\/07\/IMG_2949-1024x768.jpeg\" alt=\"\" class=\"wp-image-28005\" srcset=\"https:\/\/www.jimmy2.ch\/worldpress\/wp-content\/uploads\/2024\/07\/IMG_2949-1024x768.jpeg 1024w, https:\/\/www.jimmy2.ch\/worldpress\/wp-content\/uploads\/2024\/07\/IMG_2949-300x225.jpeg 300w, https:\/\/www.jimmy2.ch\/worldpress\/wp-content\/uploads\/2024\/07\/IMG_2949-768x576.jpeg 768w, https:\/\/www.jimmy2.ch\/worldpress\/wp-content\/uploads\/2024\/07\/IMG_2949-1536x1152.jpeg 1536w, https:\/\/www.jimmy2.ch\/worldpress\/wp-content\/uploads\/2024\/07\/IMG_2949-2048x1536.jpeg 2048w\" sizes=\"auto, (max-width: 1024px) 100vw, 1024px\" \/><\/figure>\n\n\n\n<p>Da wir nicht wissen wohin es uns verschl\u00e4gt und ob es dort Wasser hat, kommt heute nochmals unsere Waschmaschine voll zum Einsatz. 3 x wird sie beladen. An den St\u00e4ndern trocknet die W\u00e4sche im Nu.<\/p>\n\n\n\n<figure class=\"wp-block-image size-large\"><img loading=\"lazy\" decoding=\"async\" width=\"1024\" height=\"768\" src=\"https:\/\/www.jimmy2.ch\/worldpress\/wp-content\/uploads\/2024\/07\/IMG_2948-1024x768.jpeg\" alt=\"\" class=\"wp-image-28004\" srcset=\"https:\/\/www.jimmy2.ch\/worldpress\/wp-content\/uploads\/2024\/07\/IMG_2948-1024x768.jpeg 1024w, https:\/\/www.jimmy2.ch\/worldpress\/wp-content\/uploads\/2024\/07\/IMG_2948-300x225.jpeg 300w, https:\/\/www.jimmy2.ch\/worldpress\/wp-content\/uploads\/2024\/07\/IMG_2948-768x576.jpeg 768w, https:\/\/www.jimmy2.ch\/worldpress\/wp-content\/uploads\/2024\/07\/IMG_2948-1536x1152.jpeg 1536w, https:\/\/www.jimmy2.ch\/worldpress\/wp-content\/uploads\/2024\/07\/IMG_2948-2048x1536.jpeg 2048w\" sizes=\"auto, (max-width: 1024px) 100vw, 1024px\" \/><\/figure>\n\n\n\n<p>Es ist dr\u00fcckend heiss bei 32\u00b0. Wir sitzen draussen und bewegen uns nur soviel wie notwendig. <\/p>\n\n\n\n<figure class=\"wp-block-image size-large\"><img loading=\"lazy\" decoding=\"async\" width=\"1024\" height=\"768\" src=\"https:\/\/www.jimmy2.ch\/worldpress\/wp-content\/uploads\/2024\/07\/IMG_2950-1024x768.jpeg\" alt=\"\" class=\"wp-image-28006\" srcset=\"https:\/\/www.jimmy2.ch\/worldpress\/wp-content\/uploads\/2024\/07\/IMG_2950-1024x768.jpeg 1024w, https:\/\/www.jimmy2.ch\/worldpress\/wp-content\/uploads\/2024\/07\/IMG_2950-300x225.jpeg 300w, https:\/\/www.jimmy2.ch\/worldpress\/wp-content\/uploads\/2024\/07\/IMG_2950-768x576.jpeg 768w, https:\/\/www.jimmy2.ch\/worldpress\/wp-content\/uploads\/2024\/07\/IMG_2950-1536x1152.jpeg 1536w, https:\/\/www.jimmy2.ch\/worldpress\/wp-content\/uploads\/2024\/07\/IMG_2950-2048x1536.jpeg 2048w\" sizes=\"auto, (max-width: 1024px) 100vw, 1024px\" \/><\/figure>\n\n\n\n<p>Christa f\u00e4hrt mit dem Rad zum Meer. Sie will wissen, ob die Wasserqualit\u00e4t heute besser ist als gestern. Dem ist leider nicht so und so lassen wir das mit dem Schwimmen gehen f\u00fcr heute sein. <br><br>In der N\u00e4he hat es einen Camping-Shop &#8211; den will Christa noch besuchen. Hitze hin oder her. Gleich neben an ist auch ein Einkaufsladen. So kann sie beides miteinander verbinden. <br><br>Anschliessend beginnen wir mit dem Zusammenpacken. Zuerst kommt die Markise rein, damit ich die beiden letzten Solarpanels noch reinigen kann. <\/p>\n\n\n\n<figure class=\"wp-block-image size-large\"><img loading=\"lazy\" decoding=\"async\" width=\"1024\" height=\"768\" src=\"https:\/\/www.jimmy2.ch\/worldpress\/wp-content\/uploads\/2024\/07\/IMG_2951-1024x768.jpeg\" alt=\"\" class=\"wp-image-28007\" srcset=\"https:\/\/www.jimmy2.ch\/worldpress\/wp-content\/uploads\/2024\/07\/IMG_2951-1024x768.jpeg 1024w, https:\/\/www.jimmy2.ch\/worldpress\/wp-content\/uploads\/2024\/07\/IMG_2951-300x225.jpeg 300w, https:\/\/www.jimmy2.ch\/worldpress\/wp-content\/uploads\/2024\/07\/IMG_2951-768x576.jpeg 768w, https:\/\/www.jimmy2.ch\/worldpress\/wp-content\/uploads\/2024\/07\/IMG_2951-1536x1152.jpeg 1536w, https:\/\/www.jimmy2.ch\/worldpress\/wp-content\/uploads\/2024\/07\/IMG_2951-2048x1536.jpeg 2048w\" sizes=\"auto, (max-width: 1024px) 100vw, 1024px\" \/><\/figure>\n\n\n\n<p>.<\/p>\n\n\n\n<figure class=\"wp-block-image size-large\"><img loading=\"lazy\" decoding=\"async\" width=\"1024\" height=\"768\" src=\"https:\/\/www.jimmy2.ch\/worldpress\/wp-content\/uploads\/2024\/07\/IMG_2952-1024x768.jpeg\" alt=\"\" class=\"wp-image-28008\" srcset=\"https:\/\/www.jimmy2.ch\/worldpress\/wp-content\/uploads\/2024\/07\/IMG_2952-1024x768.jpeg 1024w, https:\/\/www.jimmy2.ch\/worldpress\/wp-content\/uploads\/2024\/07\/IMG_2952-300x225.jpeg 300w, https:\/\/www.jimmy2.ch\/worldpress\/wp-content\/uploads\/2024\/07\/IMG_2952-768x576.jpeg 768w, https:\/\/www.jimmy2.ch\/worldpress\/wp-content\/uploads\/2024\/07\/IMG_2952-1536x1152.jpeg 1536w, https:\/\/www.jimmy2.ch\/worldpress\/wp-content\/uploads\/2024\/07\/IMG_2952-2048x1536.jpeg 2048w\" sizes=\"auto, (max-width: 1024px) 100vw, 1024px\" \/><\/figure>\n\n\n\n<p>Dann wird die Garage ausger\u00e4umt und neu einger\u00e4umt, so dass alles wieder seinen Platz hat. <br><br>Ein frischer Wind zieht auf, schwarze Wolken bedecken den Himmel. Zeit auch die St\u00fchle in die Garage zu bringen und sich nach drinnen zu verziehen. Dann beginnt es leicht zu regnen. <br><br>Und so gibt es das Nachtessen seit langem wieder einmal drinnen im Wohnmobil. Dank StarLink k\u00f6nnen wir die Tagesschau auf dem Tablet schauen. F\u00fcr die Sat-Sch\u00fcssel w\u00e4re der Wind zu stark.<br><br>Ich setze mich danach nochmals nach draussen. Aber es beginnt wieder zu nieseln, so dass ich mein Vorhaben wieder abbrechen und mich ins Wohnmobil verziehen muss. <br><br>So verbringen wir den Abend mit Youtube schauen.<br><br>Es k\u00fchlt sch\u00f6n ab, so dass wir gegen Mitternacht eine Aussentemperatur von nur noch etwas mehr als 20\u00b0 haben. Endlich einmal keine Tropen-Nacht.<br><br><\/p>\n","protected":false},"excerpt":{"rendered":"<p>Tag 1018Jesolo &#8211; Pineta I Area Sosta Camper Don Bosco \/ Campeggio BoscoPinetaEuro 20.00 \/ 24 h, inkl. Wasser und Entsorgung am Platz, Strom extra 45.5236, 12.6933 2 M\u00fcM Montag 22. Juli 2024 Der Tag startet bew\u00f6lkt, 26\u00b0 dr\u00fcckend, es &hellip; <a href=\"https:\/\/www.jimmy2.ch\/worldpress\/2024\/07\/22\/jesolo-pineta-i-4\/\">Continue reading <span class=\"meta-nav\">&rarr;<\/span><\/a><\/p>\n","protected":false},"author":1,"featured_media":0,"comment_status":"open","ping_status":"open","sticky":false,"template":"","format":"standard","meta":{"footnotes":""},"categories":[64],"tags":[1526,96,472,1528,767,851,768,770,84],"class_list":["post-27962","post","type-post","status-publish","format-standard","hentry","category-italien","tag-campeggio-boscopineta","tag-italien","tag-jesolo","tag-jesolo-pineta","tag-leben-im-wohnmobil","tag-morelo","tag-reisen-im-wohnmobil","tag-wohnen-im-wohnmobil","tag-wohnmobil"],"_links":{"self":[{"href":"https:\/\/www.jimmy2.ch\/worldpress\/wp-json\/wp\/v2\/posts\/27962","targetHints":{"allow":["GET"]}}],"collection":[{"href":"https:\/\/www.jimmy2.ch\/worldpress\/wp-json\/wp\/v2\/posts"}],"about":[{"href":"https:\/\/www.jimmy2.ch\/worldpress\/wp-json\/wp\/v2\/types\/post"}],"author":[{"embeddable":true,"href":"https:\/\/www.jimmy2.ch\/worldpress\/wp-json\/wp\/v2\/users\/1"}],"replies":[{"embeddable":true,"href":"https:\/\/www.jimmy2.ch\/worldpress\/wp-json\/wp\/v2\/comments?post=27962"}],"version-history":[{"count":2,"href":"https:\/\/www.jimmy2.ch\/worldpress\/wp-json\/wp\/v2\/posts\/27962\/revisions"}],"predecessor-version":[{"id":28009,"href":"https:\/\/www.jimmy2.ch\/worldpress\/wp-json\/wp\/v2\/posts\/27962\/revisions\/28009"}],"wp:attachment":[{"href":"https:\/\/www.jimmy2.ch\/worldpress\/wp-json\/wp\/v2\/media?parent=27962"}],"wp:term":[{"taxonomy":"category","embeddable":true,"href":"https:\/\/www.jimmy2.ch\/worldpress\/wp-json\/wp\/v2\/categories?post=27962"},{"taxonomy":"post_tag","embeddable":true,"href":"https:\/\/www.jimmy2.ch\/worldpress\/wp-json\/wp\/v2\/tags?post=27962"}],"curies":[{"name":"wp","href":"https:\/\/api.w.org\/{rel}","templated":true}]}}