{"id":2793,"date":"2018-02-17T22:08:49","date_gmt":"2018-02-17T21:08:49","guid":{"rendered":"http:\/\/www.jimmy2.ch\/worldpress\/?p=2793"},"modified":"2018-02-18T11:19:24","modified_gmt":"2018-02-18T10:19:24","slug":"calpe-3","status":"publish","type":"post","link":"https:\/\/www.jimmy2.ch\/worldpress\/2018\/02\/17\/calpe-3\/","title":{"rendered":"Calpe"},"content":{"rendered":"<p><strong>Samstag 17. Februar 2018<\/strong><br \/>\nCamping &amp; Caravaning Resort sol de calpe austral<br \/>\nWetter: Sonne einfach nur Sonne, etwas Wind<br \/>\nKoordinaten: N 38\u202238\u201839\u201c W 0\u20223\u201835\u201c<br \/>\nKm und Reise-Zeit:<br \/>\nSolar: Ah Wh Volt \/ Landstrom<br \/>\nInternet: auf dem ganzen Platz inklusive<\/p>\n<p>Bereits am Abend bildete sich jeweils Tau auf allem was draussen ist. So ist auch heute Morgen alles \u201enass\u201c.<\/p>\n<p><img loading=\"lazy\" decoding=\"async\" class=\"aligncenter size-medium wp-image-2789\" src=\"https:\/\/www.jimmy2.ch\/worldpress\/wp-content\/uploads\/2018\/02\/41405948-8481-405C-9F00-920B9E73703C-300x217.jpeg\" alt=\"\" width=\"300\" height=\"217\" srcset=\"https:\/\/www.jimmy2.ch\/worldpress\/wp-content\/uploads\/2018\/02\/41405948-8481-405C-9F00-920B9E73703C-300x217.jpeg 300w, https:\/\/www.jimmy2.ch\/worldpress\/wp-content\/uploads\/2018\/02\/41405948-8481-405C-9F00-920B9E73703C-768x556.jpeg 768w, https:\/\/www.jimmy2.ch\/worldpress\/wp-content\/uploads\/2018\/02\/41405948-8481-405C-9F00-920B9E73703C-1024x741.jpeg 1024w\" sizes=\"auto, (max-width: 300px) 100vw, 300px\" \/><\/p>\n<p>Aber mit der Sonne trocknet es sehr schnell. Und die scheint heute wieder von Beginn weg. Wir nutzen den Vormittag um wieder ein Mal zu waschen.<\/p>\n<p><img loading=\"lazy\" decoding=\"async\" class=\"aligncenter size-medium wp-image-2790\" src=\"https:\/\/www.jimmy2.ch\/worldpress\/wp-content\/uploads\/2018\/02\/951C267C-016B-4962-A974-AA3B808621CA-300x179.jpeg\" alt=\"\" width=\"300\" height=\"179\" srcset=\"https:\/\/www.jimmy2.ch\/worldpress\/wp-content\/uploads\/2018\/02\/951C267C-016B-4962-A974-AA3B808621CA-300x179.jpeg 300w, https:\/\/www.jimmy2.ch\/worldpress\/wp-content\/uploads\/2018\/02\/951C267C-016B-4962-A974-AA3B808621CA-768x458.jpeg 768w, https:\/\/www.jimmy2.ch\/worldpress\/wp-content\/uploads\/2018\/02\/951C267C-016B-4962-A974-AA3B808621CA-1024x610.jpeg 1024w\" sizes=\"auto, (max-width: 300px) 100vw, 300px\" \/><\/p>\n<p>Auf der Strasse hinter dem Campingplatz ist ein grosser Markt aufgebaut worden. Da muss Christa nat\u00fcrlich hin. Ich bleibe zu Hause und schaue auf Jimmy.<\/p>\n<p style=\"text-align: center;\">Und dann ist ja heute noch mein Geburtstag!<\/p>\n<p><img loading=\"lazy\" decoding=\"async\" class=\"aligncenter size-medium wp-image-2791\" src=\"https:\/\/www.jimmy2.ch\/worldpress\/wp-content\/uploads\/2018\/02\/B9C3F102-5543-4DA1-8EBE-9E8DEA9536F6-300x228.jpeg\" alt=\"\" width=\"300\" height=\"228\" srcset=\"https:\/\/www.jimmy2.ch\/worldpress\/wp-content\/uploads\/2018\/02\/B9C3F102-5543-4DA1-8EBE-9E8DEA9536F6-300x228.jpeg 300w, https:\/\/www.jimmy2.ch\/worldpress\/wp-content\/uploads\/2018\/02\/B9C3F102-5543-4DA1-8EBE-9E8DEA9536F6-768x584.jpeg 768w, https:\/\/www.jimmy2.ch\/worldpress\/wp-content\/uploads\/2018\/02\/B9C3F102-5543-4DA1-8EBE-9E8DEA9536F6-1024x778.jpeg 1024w\" sizes=\"auto, (max-width: 300px) 100vw, 300px\" \/><\/p>\n<p>Am Nachmittag spazieren wir 3 an die Promenade und geniessen in einem kleinen Restaurant ein feines Essen. Es war wirklich fein und mit allem was dazugeh\u00f6rt.<\/p>\n<p><img loading=\"lazy\" decoding=\"async\" class=\"aligncenter size-medium wp-image-2788\" src=\"https:\/\/www.jimmy2.ch\/worldpress\/wp-content\/uploads\/2018\/02\/DB06E1D1-990A-4AF2-8652-D8E76088F61C-300x225.jpeg\" alt=\"\" width=\"300\" height=\"225\" srcset=\"https:\/\/www.jimmy2.ch\/worldpress\/wp-content\/uploads\/2018\/02\/DB06E1D1-990A-4AF2-8652-D8E76088F61C-300x225.jpeg 300w, https:\/\/www.jimmy2.ch\/worldpress\/wp-content\/uploads\/2018\/02\/DB06E1D1-990A-4AF2-8652-D8E76088F61C-768x576.jpeg 768w, https:\/\/www.jimmy2.ch\/worldpress\/wp-content\/uploads\/2018\/02\/DB06E1D1-990A-4AF2-8652-D8E76088F61C.jpeg 1024w\" sizes=\"auto, (max-width: 300px) 100vw, 300px\" \/><\/p>\n<p><img loading=\"lazy\" decoding=\"async\" class=\"aligncenter size-medium wp-image-2792\" src=\"https:\/\/www.jimmy2.ch\/worldpress\/wp-content\/uploads\/2018\/02\/DAA5A283-A9A1-45E7-B56A-186F6725003C-225x300.jpeg\" alt=\"\" width=\"225\" height=\"300\" srcset=\"https:\/\/www.jimmy2.ch\/worldpress\/wp-content\/uploads\/2018\/02\/DAA5A283-A9A1-45E7-B56A-186F6725003C-225x300.jpeg 225w, https:\/\/www.jimmy2.ch\/worldpress\/wp-content\/uploads\/2018\/02\/DAA5A283-A9A1-45E7-B56A-186F6725003C.jpeg 768w\" sizes=\"auto, (max-width: 225px) 100vw, 225px\" \/><\/p>\n<p><img loading=\"lazy\" decoding=\"async\" class=\"aligncenter size-medium wp-image-2787\" src=\"https:\/\/www.jimmy2.ch\/worldpress\/wp-content\/uploads\/2018\/02\/1C842353-7A29-4CFA-8817-16AE469507BB-225x300.jpeg\" alt=\"\" width=\"225\" height=\"300\" srcset=\"https:\/\/www.jimmy2.ch\/worldpress\/wp-content\/uploads\/2018\/02\/1C842353-7A29-4CFA-8817-16AE469507BB-225x300.jpeg 225w, https:\/\/www.jimmy2.ch\/worldpress\/wp-content\/uploads\/2018\/02\/1C842353-7A29-4CFA-8817-16AE469507BB.jpeg 768w\" sizes=\"auto, (max-width: 225px) 100vw, 225px\" \/><\/p>\n<p>Nach 2 1\/2 Stunden geht es wieder zur\u00fcck. Dann ist Siesta angesagt. Das Abendessen f\u00e4llt heute g\u00e4nzlich aus. Das sp\u00e4te Essen war mehr als genug.<\/p>\n<p>Mir hat der Tag sehr gut gefallen und ich danke allen die an mich gedacht haben.<\/p>\n","protected":false},"excerpt":{"rendered":"<p>Samstag 17. Februar 2018 Camping &amp; Caravaning Resort sol de calpe austral Wetter: Sonne einfach nur Sonne, etwas Wind Koordinaten: N 38\u202238\u201839\u201c W 0\u20223\u201835\u201c Km und Reise-Zeit: Solar: Ah Wh Volt \/ Landstrom Internet: auf dem ganzen Platz inklusive Bereits &hellip; <a href=\"https:\/\/www.jimmy2.ch\/worldpress\/2018\/02\/17\/calpe-3\/\">Continue reading <span class=\"meta-nav\">&rarr;<\/span><\/a><\/p>\n","protected":false},"author":1,"featured_media":0,"comment_status":"open","ping_status":"open","sticky":false,"template":"","format":"standard","meta":{"footnotes":""},"categories":[62,71],"tags":[175,26,226,228,113,101],"class_list":["post-2793","post","type-post","status-publish","format-standard","hentry","category-spanien","category-spanien2018","tag-auswaerts-essen","tag-calpe","tag-camping-caravaning-resort-calpe-de-sol-austral","tag-geburtstag","tag-sonne","tag-spanien"],"_links":{"self":[{"href":"https:\/\/www.jimmy2.ch\/worldpress\/wp-json\/wp\/v2\/posts\/2793","targetHints":{"allow":["GET"]}}],"collection":[{"href":"https:\/\/www.jimmy2.ch\/worldpress\/wp-json\/wp\/v2\/posts"}],"about":[{"href":"https:\/\/www.jimmy2.ch\/worldpress\/wp-json\/wp\/v2\/types\/post"}],"author":[{"embeddable":true,"href":"https:\/\/www.jimmy2.ch\/worldpress\/wp-json\/wp\/v2\/users\/1"}],"replies":[{"embeddable":true,"href":"https:\/\/www.jimmy2.ch\/worldpress\/wp-json\/wp\/v2\/comments?post=2793"}],"version-history":[{"count":1,"href":"https:\/\/www.jimmy2.ch\/worldpress\/wp-json\/wp\/v2\/posts\/2793\/revisions"}],"predecessor-version":[{"id":2794,"href":"https:\/\/www.jimmy2.ch\/worldpress\/wp-json\/wp\/v2\/posts\/2793\/revisions\/2794"}],"wp:attachment":[{"href":"https:\/\/www.jimmy2.ch\/worldpress\/wp-json\/wp\/v2\/media?parent=2793"}],"wp:term":[{"taxonomy":"category","embeddable":true,"href":"https:\/\/www.jimmy2.ch\/worldpress\/wp-json\/wp\/v2\/categories?post=2793"},{"taxonomy":"post_tag","embeddable":true,"href":"https:\/\/www.jimmy2.ch\/worldpress\/wp-json\/wp\/v2\/tags?post=2793"}],"curies":[{"name":"wp","href":"https:\/\/api.w.org\/{rel}","templated":true}]}}